{"id":1365,"date":"2022-06-23T10:39:04","date_gmt":"2022-06-23T09:39:04","guid":{"rendered":"https:\/\/blateman-bobine.com\/fr\/?p=1365"},"modified":"2025-03-28T16:43:31","modified_gmt":"2025-03-28T15:43:31","slug":"les-images-de-la-dedicace-a-vannes","status":"publish","type":"post","link":"https:\/\/blateman-bobine.com\/en\/les-images-de-la-dedicace-a-vannes\/","title":{"rendered":"Pictures of the dedication in Vannes"},"content":{"rendered":"<figure class=\"wp-block-image size-large\"><a href=\"https:\/\/i0.wp.com\/blateman-bobine.com\/fr\/wp-content\/uploads\/2022\/06\/fvjh0c4xsam5n2v.jpg?ssl=1\"><img data-recalc-dims=\"1\" loading=\"lazy\" decoding=\"async\" width=\"2064\" height=\"1548\" data-attachment-id=\"1367\" data-permalink=\"https:\/\/blateman-bobine.com\/en\/les-images-de-la-dedicace-a-vannes\/fvjh0c4xsam5n2v\/\" data-orig-file=\"https:\/\/i0.wp.com\/blateman-bobine.com\/wp-content\/uploads\/2022\/06\/fvjh0c4xsam5n2v.jpg?fit=2064%2C1548&amp;ssl=1\" data-orig-size=\"2064,1548\" data-comments-opened=\"1\" data-image-meta=\"{&quot;aperture&quot;:&quot;0&quot;,&quot;credit&quot;:&quot;&quot;,&quot;camera&quot;:&quot;&quot;,&quot;caption&quot;:&quot;&quot;,&quot;created_timestamp&quot;:&quot;0&quot;,&quot;copyright&quot;:&quot;&quot;,&quot;focal_length&quot;:&quot;0&quot;,&quot;iso&quot;:&quot;0&quot;,&quot;shutter_speed&quot;:&quot;0&quot;,&quot;title&quot;:&quot;&quot;,&quot;orientation&quot;:&quot;0&quot;}\" data-image-title=\"fvjh0c4xsam5n2v\" data-image-description=\"\" data-image-caption=\"\" data-large-file=\"https:\/\/i0.wp.com\/blateman-bobine.com\/wp-content\/uploads\/2022\/06\/fvjh0c4xsam5n2v.jpg?fit=1024%2C768&amp;ssl=1\" src=\"https:\/\/i0.wp.com\/blateman-bobine.com\/fr\/wp-content\/uploads\/2022\/06\/fvjh0c4xsam5n2v.jpg?resize=2064%2C1548&#038;ssl=1\" alt=\"\" class=\"wp-image-1367\" \/><\/a><\/figure>\n\n\n\n<p class=\"wp-block-paragraph\">Tarek was present at the 4th tattoo and comics convention held in Vannes at the Chorus in the comics area.<\/p>\n\n\n\n<figure class=\"wp-block-gallery has-nested-images columns-default is-cropped wp-block-gallery-1 is-layout-flex wp-block-gallery-is-layout-flex\">\n<figure class=\"wp-block-image size-large\"><a href=\"https:\/\/i0.wp.com\/blateman-bobine.com\/fr\/wp-content\/uploads\/2022\/06\/fvjh1g3wyaezari.jpg?ssl=1\"><img data-recalc-dims=\"1\" loading=\"lazy\" decoding=\"async\" width=\"2064\" height=\"1548\" data-attachment-id=\"1371\" data-permalink=\"https:\/\/blateman-bobine.com\/en\/les-images-de-la-dedicace-a-vannes\/fvjh1g3wyaezari\/\" data-orig-file=\"https:\/\/i0.wp.com\/blateman-bobine.com\/wp-content\/uploads\/2022\/06\/fvjh1g3wyaezari.jpg?fit=2064%2C1548&amp;ssl=1\" data-orig-size=\"2064,1548\" data-comments-opened=\"1\" data-image-meta=\"{&quot;aperture&quot;:&quot;0&quot;,&quot;credit&quot;:&quot;&quot;,&quot;camera&quot;:&quot;&quot;,&quot;caption&quot;:&quot;&quot;,&quot;created_timestamp&quot;:&quot;0&quot;,&quot;copyright&quot;:&quot;&quot;,&quot;focal_length&quot;:&quot;0&quot;,&quot;iso&quot;:&quot;0&quot;,&quot;shutter_speed&quot;:&quot;0&quot;,&quot;title&quot;:&quot;&quot;,&quot;orientation&quot;:&quot;0&quot;}\" data-image-title=\"fvjh1g3wyaezari\" data-image-description=\"\" data-image-caption=\"\" data-large-file=\"https:\/\/i0.wp.com\/blateman-bobine.com\/wp-content\/uploads\/2022\/06\/fvjh1g3wyaezari.jpg?fit=1024%2C768&amp;ssl=1\" data-id=\"1371\" src=\"https:\/\/i0.wp.com\/blateman-bobine.com\/fr\/wp-content\/uploads\/2022\/06\/fvjh1g3wyaezari.jpg?resize=2064%2C1548&#038;ssl=1\" alt=\"\" class=\"wp-image-1371\" \/><\/a><\/figure>\n\n\n\n<figure class=\"wp-block-image size-large\"><a href=\"https:\/\/i0.wp.com\/blateman-bobine.com\/fr\/wp-content\/uploads\/2022\/06\/fvjh5wfxwaimpgl.jpg?ssl=1\"><img data-recalc-dims=\"1\" loading=\"lazy\" decoding=\"async\" width=\"2064\" height=\"1548\" data-attachment-id=\"1370\" data-permalink=\"https:\/\/blateman-bobine.com\/en\/les-images-de-la-dedicace-a-vannes\/fvjh5wfxwaimpgl\/\" data-orig-file=\"https:\/\/i0.wp.com\/blateman-bobine.com\/wp-content\/uploads\/2022\/06\/fvjh5wfxwaimpgl.jpg?fit=2064%2C1548&amp;ssl=1\" data-orig-size=\"2064,1548\" data-comments-opened=\"1\" data-image-meta=\"{&quot;aperture&quot;:&quot;0&quot;,&quot;credit&quot;:&quot;&quot;,&quot;camera&quot;:&quot;&quot;,&quot;caption&quot;:&quot;&quot;,&quot;created_timestamp&quot;:&quot;0&quot;,&quot;copyright&quot;:&quot;&quot;,&quot;focal_length&quot;:&quot;0&quot;,&quot;iso&quot;:&quot;0&quot;,&quot;shutter_speed&quot;:&quot;0&quot;,&quot;title&quot;:&quot;&quot;,&quot;orientation&quot;:&quot;0&quot;}\" data-image-title=\"fvjh5wfxwaimpgl\" data-image-description=\"\" data-image-caption=\"\" data-large-file=\"https:\/\/i0.wp.com\/blateman-bobine.com\/wp-content\/uploads\/2022\/06\/fvjh5wfxwaimpgl.jpg?fit=1024%2C768&amp;ssl=1\" data-id=\"1370\" src=\"https:\/\/i0.wp.com\/blateman-bobine.com\/fr\/wp-content\/uploads\/2022\/06\/fvjh5wfxwaimpgl.jpg?resize=2064%2C1548&#038;ssl=1\" alt=\"\" class=\"wp-image-1370\" \/><\/a><\/figure>\n\n\n\n<figure class=\"wp-block-image size-large\"><a href=\"https:\/\/i0.wp.com\/blateman-bobine.com\/fr\/wp-content\/uploads\/2022\/06\/fvjh6-lwuae6jfo.jpg?ssl=1\"><img data-recalc-dims=\"1\" loading=\"lazy\" decoding=\"async\" width=\"2064\" height=\"1548\" data-attachment-id=\"1369\" data-permalink=\"https:\/\/blateman-bobine.com\/en\/les-images-de-la-dedicace-a-vannes\/fvjh6-lwuae6jfo\/\" data-orig-file=\"https:\/\/i0.wp.com\/blateman-bobine.com\/wp-content\/uploads\/2022\/06\/fvjh6-lwuae6jfo.jpg?fit=2064%2C1548&amp;ssl=1\" data-orig-size=\"2064,1548\" data-comments-opened=\"1\" data-image-meta=\"{&quot;aperture&quot;:&quot;0&quot;,&quot;credit&quot;:&quot;&quot;,&quot;camera&quot;:&quot;&quot;,&quot;caption&quot;:&quot;&quot;,&quot;created_timestamp&quot;:&quot;0&quot;,&quot;copyright&quot;:&quot;&quot;,&quot;focal_length&quot;:&quot;0&quot;,&quot;iso&quot;:&quot;0&quot;,&quot;shutter_speed&quot;:&quot;0&quot;,&quot;title&quot;:&quot;&quot;,&quot;orientation&quot;:&quot;0&quot;}\" data-image-title=\"fvjh6-lwuae6jfo\" data-image-description=\"\" data-image-caption=\"\" data-large-file=\"https:\/\/i0.wp.com\/blateman-bobine.com\/wp-content\/uploads\/2022\/06\/fvjh6-lwuae6jfo.jpg?fit=1024%2C768&amp;ssl=1\" data-id=\"1369\" src=\"https:\/\/i0.wp.com\/blateman-bobine.com\/fr\/wp-content\/uploads\/2022\/06\/fvjh6-lwuae6jfo.jpg?resize=2064%2C1548&#038;ssl=1\" alt=\"\" class=\"wp-image-1369\" \/><\/a><\/figure>\n<\/figure>","protected":false},"excerpt":{"rendered":"<p>Tarek was present at the 4th tattoo and comics convention held in Vannes at the Chorus in the comics area.<\/p>","protected":false},"author":16213113,"featured_media":1369,"comment_status":"open","ping_status":"open","sticky":false,"template":"","format":"standard","meta":{"_coblocks_attr":"","_coblocks_dimensions":"","_coblocks_responsive_height":"","_coblocks_accordion_ie_support":"","_crdt_document":"","advanced_seo_description":"","jetpack_seo_html_title":"","jetpack_seo_noindex":false,"_jetpack_newsletter_access":"","_jetpack_dont_email_post_to_subs":false,"_jetpack_newsletter_tier_id":0,"_jetpack_memberships_contains_paywalled_content":false,"_jetpack_memberships_contains_paid_content":false,"footnotes":"","jetpack_publicize_message":"","jetpack_publicize_feature_enabled":true,"jetpack_social_post_already_shared":false,"jetpack_social_options":{"image_generator_settings":{"template":"highway","default_image_id":0,"font":"","enabled":false},"version":2},"_wpas_customize_per_network":false,"jetpack_post_was_ever_published":false},"categories":[1223035],"tags":[],"class_list":["post-1365","post","type-post","status-publish","format-standard","has-post-thumbnail","hentry","category-dedicaces"],"jetpack_publicize_connections":[],"jetpack_featured_media_url":"https:\/\/i0.wp.com\/blateman-bobine.com\/wp-content\/uploads\/2022\/06\/fvjh6-lwuae6jfo.jpg?fit=2064%2C1548&ssl=1","jetpack_likes_enabled":true,"jetpack_sharing_enabled":true,"jetpack_shortlink":"https:\/\/wp.me\/p4LVhx-m1","jetpack-related-posts":[{"id":1426,"url":"https:\/\/blateman-bobine.com\/en\/images-from-livra-vannes-2024\/","url_meta":{"origin":1365,"position":0},"title":"Images from Livr'\u00e0 Vannes 2024","author":"","date":"5 June 2024","format":false,"excerpt":"A look back at the Vannes book fair from 24 to 26 May with Violaine Pondard and Tarek on the Au Jardin des bulles stand.","rel":"","context":"In &quot;D\u00e9dicaces&quot;","block_context":{"text":"D\u00e9dicaces","link":"https:\/\/blateman-bobine.com\/en\/category\/dedications\/"},"img":{"alt_text":"","src":"https:\/\/i0.wp.com\/blateman-bobine.com\/wp-content\/uploads\/2024\/06\/444468488_10234343487188251_608635275187016357_n.jpg?fit=1200%2C900&ssl=1&resize=350%2C200","width":350,"height":200,"srcset":"https:\/\/i0.wp.com\/blateman-bobine.com\/wp-content\/uploads\/2024\/06\/444468488_10234343487188251_608635275187016357_n.jpg?fit=1200%2C900&ssl=1&resize=350%2C200 1x, https:\/\/i0.wp.com\/blateman-bobine.com\/wp-content\/uploads\/2024\/06\/444468488_10234343487188251_608635275187016357_n.jpg?fit=1200%2C900&ssl=1&resize=525%2C300 1.5x, https:\/\/i0.wp.com\/blateman-bobine.com\/wp-content\/uploads\/2024\/06\/444468488_10234343487188251_608635275187016357_n.jpg?fit=1200%2C900&ssl=1&resize=700%2C400 2x, https:\/\/i0.wp.com\/blateman-bobine.com\/wp-content\/uploads\/2024\/06\/444468488_10234343487188251_608635275187016357_n.jpg?fit=1200%2C900&ssl=1&resize=1050%2C600 3x"},"classes":[]},{"id":1421,"url":"https:\/\/blateman-bobine.com\/en\/6th-vannes-tattoo-and-comics-convention\/","url_meta":{"origin":1365,"position":1},"title":"6th Vannes Tattoo and Comic Convention","author":"","date":"13 March 2024","format":false,"excerpt":"Les images de la 6e convention o\u00f9 Tarek et Violaine Pondard ont d\u00e9dicac\u00e9. Tarek Ben Yakhlef alias Tarek est n\u00e9 \u00e0 Paris en 1971. Dou\u00e9 \u00e0 l\u2019\u00e9cole, grand amateur de lecture et passionn\u00e9 d\u2019histoire, il sait tr\u00e8s t\u00f4t ce qu\u2019il veut faire dans la vie : \u00e9crire des livres. Raconter\u2026","rel":"","context":"In &quot;D\u00e9dicaces&quot;","block_context":{"text":"D\u00e9dicaces","link":"https:\/\/blateman-bobine.com\/en\/category\/dedications\/"},"img":{"alt_text":"","src":"https:\/\/i0.wp.com\/blateman-bobine.com\/wp-content\/uploads\/2024\/03\/431141624_17868406761073331_9193621901562753232_n.jpg?fit=1080%2C810&ssl=1&resize=350%2C200","width":350,"height":200,"srcset":"https:\/\/i0.wp.com\/blateman-bobine.com\/wp-content\/uploads\/2024\/03\/431141624_17868406761073331_9193621901562753232_n.jpg?fit=1080%2C810&ssl=1&resize=350%2C200 1x, https:\/\/i0.wp.com\/blateman-bobine.com\/wp-content\/uploads\/2024\/03\/431141624_17868406761073331_9193621901562753232_n.jpg?fit=1080%2C810&ssl=1&resize=525%2C300 1.5x, https:\/\/i0.wp.com\/blateman-bobine.com\/wp-content\/uploads\/2024\/03\/431141624_17868406761073331_9193621901562753232_n.jpg?fit=1080%2C810&ssl=1&resize=700%2C400 2x, https:\/\/i0.wp.com\/blateman-bobine.com\/wp-content\/uploads\/2024\/03\/431141624_17868406761073331_9193621901562753232_n.jpg?fit=1080%2C810&ssl=1&resize=1050%2C600 3x"},"classes":[]},{"id":1198,"url":"https:\/\/blateman-bobine.com\/en\/dedication-at-the-alfabulle-bookshop\/","url_meta":{"origin":1365,"position":2},"title":"Book signing at the Alfabulle bookshop","author":"","date":"3 December 2017","format":false,"excerpt":"Here's a look back at Vincent Pompetti and Tarek's book signing on 1 December at the Alfa Bulle bookshop (7, Rue La M\u00e9zi\u00e8re 35520 Melesse). All our albums are still available there at the end of the year.","rel":"","context":"In &quot;D\u00e9dicaces&quot;","block_context":{"text":"D\u00e9dicaces","link":"https:\/\/blateman-bobine.com\/en\/category\/dedications\/"},"img":{"alt_text":"","src":"https:\/\/i0.wp.com\/blateman-bobine.com\/wp-content\/uploads\/2017\/12\/p1860755.jpg?fit=1024%2C684&ssl=1&resize=350%2C200","width":350,"height":200,"srcset":"https:\/\/i0.wp.com\/blateman-bobine.com\/wp-content\/uploads\/2017\/12\/p1860755.jpg?fit=1024%2C684&ssl=1&resize=350%2C200 1x, https:\/\/i0.wp.com\/blateman-bobine.com\/wp-content\/uploads\/2017\/12\/p1860755.jpg?fit=1024%2C684&ssl=1&resize=525%2C300 1.5x, https:\/\/i0.wp.com\/blateman-bobine.com\/wp-content\/uploads\/2017\/12\/p1860755.jpg?fit=1024%2C684&ssl=1&resize=700%2C400 2x"},"classes":[]},{"id":507,"url":"https:\/\/blateman-bobine.com\/en\/vhenin-to-sign-at-fnac-la-toison-dor-in-brussels-on-5-march\/","url_meta":{"origin":1365,"position":3},"title":"Vhenin to sign at FNAC la Toison d'Or in Brussels on 5 March","author":"Tarek Ben Yakhlef","date":"29 February 2016","format":false,"excerpt":"Vhenin will be holding a special signing session for \"Blateman &amp; Bobine\" at the FNAC de la Toison d'Or in Brussels on 5 March from 2pm.","rel":"","context":"In &quot;D\u00e9dicaces&quot;","block_context":{"text":"D\u00e9dicaces","link":"https:\/\/blateman-bobine.com\/en\/category\/dedications\/"},"img":{"alt_text":"","src":"https:\/\/i0.wp.com\/blateman-bobine.com\/wp-content\/uploads\/2016\/02\/dedicace_toison-dor_vhenin_blateman_bobine.jpg?fit=900%2C691&ssl=1&resize=350%2C200","width":350,"height":200,"srcset":"https:\/\/i0.wp.com\/blateman-bobine.com\/wp-content\/uploads\/2016\/02\/dedicace_toison-dor_vhenin_blateman_bobine.jpg?fit=900%2C691&ssl=1&resize=350%2C200 1x, https:\/\/i0.wp.com\/blateman-bobine.com\/wp-content\/uploads\/2016\/02\/dedicace_toison-dor_vhenin_blateman_bobine.jpg?fit=900%2C691&ssl=1&resize=525%2C300 1.5x, https:\/\/i0.wp.com\/blateman-bobine.com\/wp-content\/uploads\/2016\/02\/dedicace_toison-dor_vhenin_blateman_bobine.jpg?fit=900%2C691&ssl=1&resize=700%2C400 2x"},"classes":[]},{"id":535,"url":"https:\/\/blateman-bobine.com\/en\/souvenirs-dedicace-blateman-bobine-a-la-fnac-toison-dor-de-bruxelles\/","url_meta":{"origin":1365,"position":4},"title":"Souvenirs of the \"Blateman &amp; Bobine\" signing at the FNAC Toison d'Or in Brussels","author":"Vhenin","date":"12 April 2016","format":false,"excerpt":"Souvenirs de la d\u00e9dicace du 5 mars dernier. Merci \u00e0 Anthony, Issara, Coralie et les autres... \u00c0 refaire absolument ! Vhenin Portfolio: www.vhenin.be\u00a0et www.vincent-henin.be Facebook: Vincent Henin Comix Illustration (Vhenin) Le Blog de Vhenin: www.vhenin.canalblog.com YouTube: La Cha\u00eene de Vhenin","rel":"","context":"In &quot;D\u00e9dicaces&quot;","block_context":{"text":"D\u00e9dicaces","link":"https:\/\/blateman-bobine.com\/en\/category\/dedications\/"},"img":{"alt_text":"","src":"https:\/\/i0.wp.com\/blateman-bobine.com\/wp-content\/uploads\/2016\/04\/fnac_blateman_bobine_05032016_b.jpg?fit=750%2C1000&ssl=1&resize=350%2C200","width":350,"height":200,"srcset":"https:\/\/i0.wp.com\/blateman-bobine.com\/wp-content\/uploads\/2016\/04\/fnac_blateman_bobine_05032016_b.jpg?fit=750%2C1000&ssl=1&resize=350%2C200 1x, https:\/\/i0.wp.com\/blateman-bobine.com\/wp-content\/uploads\/2016\/04\/fnac_blateman_bobine_05032016_b.jpg?fit=750%2C1000&ssl=1&resize=525%2C300 1.5x, https:\/\/i0.wp.com\/blateman-bobine.com\/wp-content\/uploads\/2016\/04\/fnac_blateman_bobine_05032016_b.jpg?fit=750%2C1000&ssl=1&resize=700%2C400 2x"},"classes":[]},{"id":677,"url":"https:\/\/blateman-bobine.com\/en\/blateman-bobine-en-dedicace-a-la-fete-de-la-bd-de-bruxelles\/","url_meta":{"origin":1365,"position":5},"title":"Blateman &amp; Bobine sign at the Brussels Comic Book Festival","author":"Vhenin","date":"28 August 2016","format":false,"excerpt":"Venez les rencontrer \u00e0 la F\u00eate de la BD de Bruxelles le weekend du 2, 3 et 4 septembre prochains... Je d\u00e9dicace \"Blateman & Bobine \u00e0 Loindetout\" (et aussi mes BD sous le nom de Vincent Henin,\"Les Voyages d'Alix\")... Venez d\u00e9couvrir deux univers \u00e0 part, deux facettes de mon dessin\u2026","rel":"","context":"In &quot;D\u00e9dicaces&quot;","block_context":{"text":"D\u00e9dicaces","link":"https:\/\/blateman-bobine.com\/en\/category\/dedications\/"},"img":{"alt_text":"","src":"https:\/\/i0.wp.com\/blateman-bobine.com\/wp-content\/uploads\/2016\/08\/annonce_fete_bd_bxl_2016.jpg?fit=900%2C862&ssl=1&resize=350%2C200","width":350,"height":200,"srcset":"https:\/\/i0.wp.com\/blateman-bobine.com\/wp-content\/uploads\/2016\/08\/annonce_fete_bd_bxl_2016.jpg?fit=900%2C862&ssl=1&resize=350%2C200 1x, https:\/\/i0.wp.com\/blateman-bobine.com\/wp-content\/uploads\/2016\/08\/annonce_fete_bd_bxl_2016.jpg?fit=900%2C862&ssl=1&resize=525%2C300 1.5x, https:\/\/i0.wp.com\/blateman-bobine.com\/wp-content\/uploads\/2016\/08\/annonce_fete_bd_bxl_2016.jpg?fit=900%2C862&ssl=1&resize=700%2C400 2x"},"classes":[]}],"_links":{"self":[{"href":"https:\/\/blateman-bobine.com\/en\/wp-json\/wp\/v2\/posts\/1365","targetHints":{"allow":["GET"]}}],"collection":[{"href":"https:\/\/blateman-bobine.com\/en\/wp-json\/wp\/v2\/posts"}],"about":[{"href":"https:\/\/blateman-bobine.com\/en\/wp-json\/wp\/v2\/types\/post"}],"author":[{"embeddable":true,"href":"https:\/\/blateman-bobine.com\/en\/wp-json\/wp\/v2\/users\/16213113"}],"replies":[{"embeddable":true,"href":"https:\/\/blateman-bobine.com\/en\/wp-json\/wp\/v2\/comments?post=1365"}],"version-history":[{"count":3,"href":"https:\/\/blateman-bobine.com\/en\/wp-json\/wp\/v2\/posts\/1365\/revisions"}],"predecessor-version":[{"id":1372,"href":"https:\/\/blateman-bobine.com\/en\/wp-json\/wp\/v2\/posts\/1365\/revisions\/1372"}],"wp:featuredmedia":[{"embeddable":true,"href":"https:\/\/blateman-bobine.com\/en\/wp-json\/wp\/v2\/media\/1369"}],"wp:attachment":[{"href":"https:\/\/blateman-bobine.com\/en\/wp-json\/wp\/v2\/media?parent=1365"}],"wp:term":[{"taxonomy":"category","embeddable":true,"href":"https:\/\/blateman-bobine.com\/en\/wp-json\/wp\/v2\/categories?post=1365"},{"taxonomy":"post_tag","embeddable":true,"href":"https:\/\/blateman-bobine.com\/en\/wp-json\/wp\/v2\/tags?post=1365"}],"curies":[{"name":"wp","href":"https:\/\/api.w.org\/{rel}","templated":true}]}}