{"id":1410,"date":"2023-09-18T12:56:01","date_gmt":"2023-09-18T11:56:01","guid":{"rendered":"https:\/\/blateman-bobine.com\/fr\/?p=1410"},"modified":"2025-01-17T15:23:50","modified_gmt":"2025-01-17T14:23:50","slug":"at-the-jardin-des-bulles-bookshop","status":"publish","type":"post","link":"https:\/\/blateman-bobine.com\/en\/at-the-jardin-des-bulles-bookshop\/","title":{"rendered":"At the \"Au Jardin des bulles\" bookshop"},"content":{"rendered":"<figure class=\"wp-block-embed is-type-wp-embed is-provider-tarek-ben-yakhlef-alias-tarek wp-block-embed-tarek-ben-yakhlef-alias-tarek\"><div class=\"wp-block-embed__wrapper\">\n<blockquote class=\"wp-embedded-content\" data-secret=\"wCNm62jwMr\"><a href=\"http:\/\/tarek-bd.fr\/2023\/09\/15\/a-la-librairie-au-jardin-des-bulles\/\">At the \"Au Jardin des bulles\" bookshop<\/a><\/blockquote><iframe loading=\"lazy\" class=\"wp-embedded-content\" sandbox=\"allow-scripts\" security=\"restricted\" style=\"position: absolute; clip: rect(1px, 1px, 1px, 1px);\" title=\"&quot;A la librairie &quot; Au Jardin des bulles &quot; - \/ Tarek Ben Yakhlef Alias Tarek \/\" src=\"http:\/\/tarek-bd.fr\/2023\/09\/15\/a-la-librairie-au-jardin-des-bulles\/embed\/#?secret=4NPKPDHF9c#?secret=wCNm62jwMr\" data-secret=\"wCNm62jwMr\" width=\"500\" height=\"282\" frameborder=\"0\" marginwidth=\"0\" marginheight=\"0\" scrolling=\"no\"><\/iframe>\n<\/div><\/figure>\n\n\n\n<figure class=\"wp-block-image size-large\"><a href=\"https:\/\/i0.wp.com\/blateman-bobine.com\/fr\/wp-content\/uploads\/2023\/09\/368595763_10232537692844521_8214955783228401431_n.jpg?ssl=1\"><img data-recalc-dims=\"1\" loading=\"lazy\" decoding=\"async\" width=\"2048\" height=\"1536\" data-attachment-id=\"1412\" data-permalink=\"https:\/\/blateman-bobine.com\/en\/at-the-jardin-des-bulles-bookshop\/368595763_10232537692844521_8214955783228401431_n\/\" data-orig-file=\"https:\/\/i0.wp.com\/blateman-bobine.com\/wp-content\/uploads\/2023\/09\/368595763_10232537692844521_8214955783228401431_n.jpg?fit=2048%2C1536&amp;ssl=1\" data-orig-size=\"2048,1536\" data-comments-opened=\"1\" data-image-meta=\"{&quot;aperture&quot;:&quot;0&quot;,&quot;credit&quot;:&quot;&quot;,&quot;camera&quot;:&quot;&quot;,&quot;caption&quot;:&quot;&quot;,&quot;created_timestamp&quot;:&quot;0&quot;,&quot;copyright&quot;:&quot;&quot;,&quot;focal_length&quot;:&quot;0&quot;,&quot;iso&quot;:&quot;0&quot;,&quot;shutter_speed&quot;:&quot;0&quot;,&quot;title&quot;:&quot;&quot;,&quot;orientation&quot;:&quot;0&quot;}\" data-image-title=\"368595763_10232537692844521_8214955783228401431_n\" data-image-description=\"\" data-image-caption=\"\" data-large-file=\"https:\/\/i0.wp.com\/blateman-bobine.com\/wp-content\/uploads\/2023\/09\/368595763_10232537692844521_8214955783228401431_n.jpg?fit=1024%2C768&amp;ssl=1\" src=\"https:\/\/i0.wp.com\/blateman-bobine.com\/fr\/wp-content\/uploads\/2023\/09\/368595763_10232537692844521_8214955783228401431_n.jpg?resize=2048%2C1536&#038;ssl=1\" alt=\"\" class=\"wp-image-1412\" \/><\/a><\/figure>","protected":false},"excerpt":{"rendered":"","protected":false},"author":16213113,"featured_media":1412,"comment_status":"open","ping_status":"open","sticky":false,"template":"","format":"standard","meta":{"_coblocks_attr":"","_coblocks_dimensions":"","_coblocks_responsive_height":"","_coblocks_accordion_ie_support":"","_crdt_document":"","advanced_seo_description":"","jetpack_seo_html_title":"","jetpack_seo_noindex":false,"_jetpack_newsletter_access":"","_jetpack_dont_email_post_to_subs":false,"_jetpack_newsletter_tier_id":0,"_jetpack_memberships_contains_paywalled_content":false,"_jetpack_memberships_contains_paid_content":false,"footnotes":"","jetpack_publicize_message":"","jetpack_publicize_feature_enabled":true,"jetpack_social_post_already_shared":false,"jetpack_social_options":{"image_generator_settings":{"template":"highway","default_image_id":0,"font":"","enabled":false},"version":2},"_wpas_customize_per_network":false,"jetpack_post_was_ever_published":false},"categories":[1223035],"tags":[],"class_list":["post-1410","post","type-post","status-publish","format-standard","has-post-thumbnail","hentry","category-dedicaces"],"jetpack_publicize_connections":[],"jetpack_featured_media_url":"https:\/\/i0.wp.com\/blateman-bobine.com\/wp-content\/uploads\/2023\/09\/368595763_10232537692844521_8214955783228401431_n.jpg?fit=2048%2C1536&ssl=1","jetpack_likes_enabled":true,"jetpack_sharing_enabled":true,"jetpack_shortlink":"https:\/\/wp.me\/p4LVhx-mK","jetpack-related-posts":[{"id":1198,"url":"https:\/\/blateman-bobine.com\/en\/dedication-at-the-alfabulle-bookshop\/","url_meta":{"origin":1410,"position":0},"title":"Book signing at the Alfabulle bookshop","author":"","date":"3 December 2017","format":false,"excerpt":"Here's a look back at Vincent Pompetti and Tarek's book signing on 1 December at the Alfa Bulle bookshop (7, Rue La M\u00e9zi\u00e8re 35520 Melesse). All our albums are still available there at the end of the year.","rel":"","context":"In &quot;D\u00e9dicaces&quot;","block_context":{"text":"D\u00e9dicaces","link":"https:\/\/blateman-bobine.com\/en\/category\/dedications\/"},"img":{"alt_text":"","src":"https:\/\/i0.wp.com\/blateman-bobine.com\/wp-content\/uploads\/2017\/12\/p1860755.jpg?fit=1024%2C684&ssl=1&resize=350%2C200","width":350,"height":200,"srcset":"https:\/\/i0.wp.com\/blateman-bobine.com\/wp-content\/uploads\/2017\/12\/p1860755.jpg?fit=1024%2C684&ssl=1&resize=350%2C200 1x, https:\/\/i0.wp.com\/blateman-bobine.com\/wp-content\/uploads\/2017\/12\/p1860755.jpg?fit=1024%2C684&ssl=1&resize=525%2C300 1.5x, https:\/\/i0.wp.com\/blateman-bobine.com\/wp-content\/uploads\/2017\/12\/p1860755.jpg?fit=1024%2C684&ssl=1&resize=700%2C400 2x"},"classes":[]},{"id":1405,"url":"https:\/\/blateman-bobine.com\/en\/salon-bd-plougabulles\/","url_meta":{"origin":1410,"position":1},"title":"Plougabulles comic book fair","author":"Tarek Ben Yakhlef","date":"18 September 2023","format":false,"excerpt":"https:\/\/tarek-bd.fr\/2023\/09\/18\/salon-bd-plougabulles\/?page_id=34690","rel":"","context":"In &quot;D\u00e9dicaces&quot;","block_context":{"text":"D\u00e9dicaces","link":"https:\/\/blateman-bobine.com\/en\/category\/dedications\/"},"img":{"alt_text":"","src":"https:\/\/i0.wp.com\/blateman-bobine.com\/wp-content\/uploads\/2023\/09\/376273079_10232727839038057_6568431664669337590_n.jpg?fit=1200%2C900&ssl=1&resize=350%2C200","width":350,"height":200,"srcset":"https:\/\/i0.wp.com\/blateman-bobine.com\/wp-content\/uploads\/2023\/09\/376273079_10232727839038057_6568431664669337590_n.jpg?fit=1200%2C900&ssl=1&resize=350%2C200 1x, https:\/\/i0.wp.com\/blateman-bobine.com\/wp-content\/uploads\/2023\/09\/376273079_10232727839038057_6568431664669337590_n.jpg?fit=1200%2C900&ssl=1&resize=525%2C300 1.5x, https:\/\/i0.wp.com\/blateman-bobine.com\/wp-content\/uploads\/2023\/09\/376273079_10232727839038057_6568431664669337590_n.jpg?fit=1200%2C900&ssl=1&resize=700%2C400 2x, https:\/\/i0.wp.com\/blateman-bobine.com\/wp-content\/uploads\/2023\/09\/376273079_10232727839038057_6568431664669337590_n.jpg?fit=1200%2C900&ssl=1&resize=1050%2C600 3x"},"classes":[]},{"id":1426,"url":"https:\/\/blateman-bobine.com\/en\/images-from-livra-vannes-2024\/","url_meta":{"origin":1410,"position":2},"title":"Images from Livr'\u00e0 Vannes 2024","author":"","date":"5 June 2024","format":false,"excerpt":"A look back at the Vannes book fair from 24 to 26 May with Violaine Pondard and Tarek on the Au Jardin des bulles stand.","rel":"","context":"In &quot;D\u00e9dicaces&quot;","block_context":{"text":"D\u00e9dicaces","link":"https:\/\/blateman-bobine.com\/en\/category\/dedications\/"},"img":{"alt_text":"","src":"https:\/\/i0.wp.com\/blateman-bobine.com\/wp-content\/uploads\/2024\/06\/444468488_10234343487188251_608635275187016357_n.jpg?fit=1200%2C900&ssl=1&resize=350%2C200","width":350,"height":200,"srcset":"https:\/\/i0.wp.com\/blateman-bobine.com\/wp-content\/uploads\/2024\/06\/444468488_10234343487188251_608635275187016357_n.jpg?fit=1200%2C900&ssl=1&resize=350%2C200 1x, https:\/\/i0.wp.com\/blateman-bobine.com\/wp-content\/uploads\/2024\/06\/444468488_10234343487188251_608635275187016357_n.jpg?fit=1200%2C900&ssl=1&resize=525%2C300 1.5x, https:\/\/i0.wp.com\/blateman-bobine.com\/wp-content\/uploads\/2024\/06\/444468488_10234343487188251_608635275187016357_n.jpg?fit=1200%2C900&ssl=1&resize=700%2C400 2x, https:\/\/i0.wp.com\/blateman-bobine.com\/wp-content\/uploads\/2024\/06\/444468488_10234343487188251_608635275187016357_n.jpg?fit=1200%2C900&ssl=1&resize=1050%2C600 3x"},"classes":[]},{"id":500,"url":"https:\/\/blateman-bobine.com\/en\/souvenirs-dedicace-blateman-bobine-a-la-librairie-brusel-de-flagey-bruxelles\/","url_meta":{"origin":1410,"position":3},"title":"Souvenirs of the signing of \"Blateman &amp; Bobine\" at the Br\u00fcsel bookshop in Flagey (Brussels)","author":"Vhenin","date":"26 February 2016","format":false,"excerpt":"Merci \u00e0 Quentin et \u00e0 toute l'\u00e9quipe pour leur accueil chaleureux! C'\u00e9tait le 18\/02 dernier (voir article). J'\u00e9tais en compagnie du dessinateur-sc\u00e9nariste Ben Dessy. Merci \u00e0 tous d'\u00eatre venus! photos: \u00a9Leila Khemissi (pas de reproduction sans l'autorisation de l'auteur -\u00a0http:\/\/www.leilakhemissi.be\/) Vhenin Portfolio: www.vhenin.be\u00a0et www.vincent-henin.be Facebook: Vincent Henin Comix Illustration (Vhenin)\u2026","rel":"","context":"In &quot;D\u00e9dicaces&quot;","block_context":{"text":"D\u00e9dicaces","link":"https:\/\/blateman-bobine.com\/en\/category\/dedications\/"},"img":{"alt_text":"","src":"https:\/\/i0.wp.com\/blateman-bobine.com\/wp-content\/uploads\/2016\/02\/blateman_bobine_bruxelles-13.jpg?fit=600%2C400&ssl=1&resize=350%2C200","width":350,"height":200,"srcset":"https:\/\/i0.wp.com\/blateman-bobine.com\/wp-content\/uploads\/2016\/02\/blateman_bobine_bruxelles-13.jpg?fit=600%2C400&ssl=1&resize=350%2C200 1x, https:\/\/i0.wp.com\/blateman-bobine.com\/wp-content\/uploads\/2016\/02\/blateman_bobine_bruxelles-13.jpg?fit=600%2C400&ssl=1&resize=525%2C300 1.5x"},"classes":[]},{"id":487,"url":"https:\/\/blateman-bobine.com\/en\/487\/","url_meta":{"origin":1410,"position":4},"title":"Book signing at the Br\u00fcsel bookshop - Place Flagey (Brussels) - Thursday 18 February 2016","author":"Vhenin","date":"7 February 2016","format":false,"excerpt":"Dans le cadre des actions autour de la Foire du Livre de Bruxelles 2016, je d\u00e9dicace dans une des plus chouettes librairies de la capitale, \"Br\u00fcsel\" sur la Place Flagey (Bruxelles, Ixelles). Ma derni\u00e8re BD \"Blateman & Bobine\" y sera mise \u00e0 l'honneur! Venez la d\u00e9couvrir et la d\u00e9corer d'une\u2026","rel":"","context":"In &quot;D\u00e9dicaces&quot;","block_context":{"text":"D\u00e9dicaces","link":"https:\/\/blateman-bobine.com\/en\/category\/dedications\/"},"img":{"alt_text":"","src":"https:\/\/i0.wp.com\/blateman-bobine.com\/wp-content\/uploads\/2016\/09\/fete_de_la_bd_bruxelles_2016-18.jpg?fit=900%2C600&ssl=1&resize=350%2C200","width":350,"height":200,"srcset":"https:\/\/i0.wp.com\/blateman-bobine.com\/wp-content\/uploads\/2016\/09\/fete_de_la_bd_bruxelles_2016-18.jpg?fit=900%2C600&ssl=1&resize=350%2C200 1x, https:\/\/i0.wp.com\/blateman-bobine.com\/wp-content\/uploads\/2016\/09\/fete_de_la_bd_bruxelles_2016-18.jpg?fit=900%2C600&ssl=1&resize=525%2C300 1.5x, https:\/\/i0.wp.com\/blateman-bobine.com\/wp-content\/uploads\/2016\/09\/fete_de_la_bd_bruxelles_2016-18.jpg?fit=900%2C600&ssl=1&resize=700%2C400 2x"},"classes":[]},{"id":3385,"url":"https:\/\/blateman-bobine.com\/en\/blateman-en-dedicace-avec-brad-pitt-a-tournai-les-bulles-b-11-et-12-avril-2026\/","url_meta":{"origin":1410,"position":5},"title":"Blateman en d\u00e9dicace avec Brad Pitt \u00e0 Tournai-les-Bulles (B) &#8211; 11 et 12 avril 2026","author":"Vhenin","date":"9 April 2026","format":false,"excerpt":"Brad Pitt en d\u00e9dicaces avec Blateman & Bobine \u00e0 Tournai-les-Bulles (Festival International de BD), Belgique, 11 et 12 avril 2026","rel":"","context":"In &quot;Around Blateman&quot;","block_context":{"text":"Around Blateman","link":"https:\/\/blateman-bobine.com\/en\/category\/around-blateman\/"},"img":{"alt_text":"Brad Pitt, fan de Blateman & Bobine, s\u00e9rie de BD franco-belge","src":"https:\/\/i0.wp.com\/blateman-bobine.com\/wp-content\/uploads\/2026\/04\/Brad-Pitt-at-comic-convention-horizontal-WEB.jpg?fit=1200%2C800&ssl=1&resize=350%2C200","width":350,"height":200,"srcset":"https:\/\/i0.wp.com\/blateman-bobine.com\/wp-content\/uploads\/2026\/04\/Brad-Pitt-at-comic-convention-horizontal-WEB.jpg?fit=1200%2C800&ssl=1&resize=350%2C200 1x, https:\/\/i0.wp.com\/blateman-bobine.com\/wp-content\/uploads\/2026\/04\/Brad-Pitt-at-comic-convention-horizontal-WEB.jpg?fit=1200%2C800&ssl=1&resize=525%2C300 1.5x, https:\/\/i0.wp.com\/blateman-bobine.com\/wp-content\/uploads\/2026\/04\/Brad-Pitt-at-comic-convention-horizontal-WEB.jpg?fit=1200%2C800&ssl=1&resize=700%2C400 2x, https:\/\/i0.wp.com\/blateman-bobine.com\/wp-content\/uploads\/2026\/04\/Brad-Pitt-at-comic-convention-horizontal-WEB.jpg?fit=1200%2C800&ssl=1&resize=1050%2C600 3x"},"classes":[]}],"_links":{"self":[{"href":"https:\/\/blateman-bobine.com\/en\/wp-json\/wp\/v2\/posts\/1410","targetHints":{"allow":["GET"]}}],"collection":[{"href":"https:\/\/blateman-bobine.com\/en\/wp-json\/wp\/v2\/posts"}],"about":[{"href":"https:\/\/blateman-bobine.com\/en\/wp-json\/wp\/v2\/types\/post"}],"author":[{"embeddable":true,"href":"https:\/\/blateman-bobine.com\/en\/wp-json\/wp\/v2\/users\/16213113"}],"replies":[{"embeddable":true,"href":"https:\/\/blateman-bobine.com\/en\/wp-json\/wp\/v2\/comments?post=1410"}],"version-history":[{"count":3,"href":"https:\/\/blateman-bobine.com\/en\/wp-json\/wp\/v2\/posts\/1410\/revisions"}],"predecessor-version":[{"id":1676,"href":"https:\/\/blateman-bobine.com\/en\/wp-json\/wp\/v2\/posts\/1410\/revisions\/1676"}],"wp:featuredmedia":[{"embeddable":true,"href":"https:\/\/blateman-bobine.com\/en\/wp-json\/wp\/v2\/media\/1412"}],"wp:attachment":[{"href":"https:\/\/blateman-bobine.com\/en\/wp-json\/wp\/v2\/media?parent=1410"}],"wp:term":[{"taxonomy":"category","embeddable":true,"href":"https:\/\/blateman-bobine.com\/en\/wp-json\/wp\/v2\/categories?post=1410"},{"taxonomy":"post_tag","embeddable":true,"href":"https:\/\/blateman-bobine.com\/en\/wp-json\/wp\/v2\/tags?post=1410"}],"curies":[{"name":"wp","href":"https:\/\/api.w.org\/{rel}","templated":true}]}}