{"id":213,"date":"2014-11-20T17:02:00","date_gmt":"2014-11-20T16:02:00","guid":{"rendered":"https:\/\/blateman-bobine.com\/fr\/?p=213"},"modified":"2025-03-28T10:30:28","modified_gmt":"2025-03-28T09:30:28","slug":"comment-vous-ne-connaissez-pas-tarek","status":"publish","type":"post","link":"https:\/\/blateman-bobine.com\/en\/comment-vous-ne-connaissez-pas-tarek\/","title":{"rendered":"What do you mean by that? You don't know TAREK?"},"content":{"rendered":"<p>Pas de panique&#8230; Pour \u00eatre honn\u00eate, je ne le connaissais pas plus que \u00e7a avant de travailler avec lui&#8230; Tarek, c&rsquo;est le sc\u00e9nariste de la BD \u00ab\u00a0Blateman &amp; Bobine\u00a0\u00bb mais pas seulement&#8230;! C&rsquo;est un mec \u00e9patant!<\/p>\n<div style=\"width:75%;margin:0 auto;\">\n<p style=\"text-align:center;\"><a href=\"https:\/\/i0.wp.com\/storage.canalblog.com\/12\/86\/925464\/105310829_o.jpg\" target=\"_blank\" name=\"IMG_105310829\"><img data-recalc-dims=\"1\" decoding=\"async\" style=\"width:24%;border:0;margin:0 1px 1px;\" src=\"https:\/\/i0.wp.com\/storage.canalblog.com\/12\/86\/925464\/105310829_o.jpg\" alt=\"Tarek\" border=\"0\" \/><\/a> <a href=\"https:\/\/i0.wp.com\/storage.canalblog.com\/32\/48\/925464\/105310831_o.jpg\" target=\"_blank\" name=\"IMG_105310831\"><img data-recalc-dims=\"1\" decoding=\"async\" style=\"width:24%;border:0;margin:0 1px 1px;\" src=\"https:\/\/i0.wp.com\/storage.canalblog.com\/32\/48\/925464\/105310831_o.jpg\" alt=\"Tarek\" border=\"0\" \/><\/a> <a href=\"https:\/\/i0.wp.com\/storage.canalblog.com\/88\/23\/925464\/105310832_o.jpg\" target=\"_blank\" name=\"IMG_105310832\"><img data-recalc-dims=\"1\" decoding=\"async\" style=\"width:24%;border:0;margin:0 1px 1px;\" src=\"https:\/\/i0.wp.com\/storage.canalblog.com\/88\/23\/925464\/105310832_o.jpg\" alt=\"Tarek\" border=\"0\" \/><\/a> <a href=\"https:\/\/i0.wp.com\/storage.canalblog.com\/33\/92\/925464\/105310834_o.jpg\" target=\"_blank\" name=\"IMG_105310834\"><img data-recalc-dims=\"1\" decoding=\"async\" style=\"width:24%;border:0;margin:0 1px 1px;\" src=\"https:\/\/i0.wp.com\/storage.canalblog.com\/33\/92\/925464\/105310834_o.jpg\" alt=\"Tarek\" border=\"0\" \/><\/a> <a href=\"https:\/\/i0.wp.com\/storage.canalblog.com\/90\/51\/925464\/105310835_o.jpg\" target=\"_blank\" name=\"IMG_105310835\"><img data-recalc-dims=\"1\" decoding=\"async\" style=\"width:24%;border:0;margin:0 1px 1px;\" src=\"https:\/\/i0.wp.com\/storage.canalblog.com\/90\/51\/925464\/105310835_o.jpg\" alt=\"Tarek\" border=\"0\" \/><\/a> <a href=\"https:\/\/i0.wp.com\/storage.canalblog.com\/03\/87\/925464\/105310916_o.jpg\" target=\"_blank\" name=\"IMG_105310916\"><img data-recalc-dims=\"1\" decoding=\"async\" style=\"width:24%;border:0;margin:0 1px 1px;\" src=\"https:\/\/i0.wp.com\/storage.canalblog.com\/03\/87\/925464\/105310916_o.jpg\" alt=\"Tarek\" border=\"0\" \/><\/a> <a href=\"https:\/\/i0.wp.com\/storage.canalblog.com\/37\/68\/925464\/105310918_o.jpg\" target=\"_blank\" name=\"IMG_105310918\"><img data-recalc-dims=\"1\" decoding=\"async\" style=\"width:24%;border:0;margin:0 1px 1px;\" src=\"https:\/\/i0.wp.com\/storage.canalblog.com\/37\/68\/925464\/105310918_o.jpg\" alt=\"Tarek\" border=\"0\" \/><\/a><\/p>\n<p style=\"text-align:center;\"><a href=\"https:\/\/i0.wp.com\/storage.canalblog.com\/59\/36\/925464\/105311014_o.jpg\" target=\"_blank\" name=\"IMG_105311014\"><img data-recalc-dims=\"1\" decoding=\"async\" style=\"width:70%;\" src=\"https:\/\/i0.wp.com\/storage.canalblog.com\/59\/36\/925464\/105311014_o.jpg\" alt=\"Tarek Le Site\" border=\"0\" \/><\/a><\/p>\n<p style=\"padding-right:5px;text-align:left;\">Mais est-il besoin de le pr\u00e9senter? \u00c9tant donn\u00e9 qu&rsquo;il a d\u00e9j\u00e0 <em>fait son trou<\/em> dans le milieu de la BD.<br \/>\nMais pour ceux qui n&rsquo;auraient jamais entendu parler de ce <em>touche-\u00e0-tout talentueux<\/em>, voici une br\u00e8ve introduction du gaillard:<\/p>\n<hr \/>\n<p><a href=\"https:\/\/i0.wp.com\/storage.canalblog.com\/34\/77\/925464\/105310947_o.jpg\" target=\"_blank\" name=\"IMG_105310947\"><img data-recalc-dims=\"1\" decoding=\"async\" class=\"width150 leftalign\" src=\"https:\/\/i0.wp.com\/storage.canalblog.com\/34\/77\/925464\/105310947.to_resize_150x3000.jpg\" alt=\"tarek-02\" border=\"0\" \/><\/a><\/p>\n<p><span style=\"color:#800000;\">Born in Paris in the early 70s, <strong>Tarek<\/strong> is constantly exploring new <strong>new horizons<\/strong> through the<strong>writes<\/strong> and the<strong>image<\/strong>. <strong>Scriptwriter<\/strong>, <strong>painter<\/strong>, <strong>photographer<\/strong>, <strong>editor-in-chief of Paris Tonkar<\/strong> magazine et <strong>auteur du livre de r\u00e9f\u00e9rence<\/strong> sur le <strong>graffiti fran\u00e7ais<\/strong>, Tarek est un <strong>polymorphous artist<\/strong>. He has written almost <strong>70 books<\/strong> some of which have become essential works (Paris Tonkar, the Sir Arthur Benton comic book series, etc.). <strong>audiovisual scripts<\/strong> at <strong>Europe<\/strong> and <strong>United States<\/strong> (documentary and fiction) and is exhibiting <strong>his paintings around the world<\/strong> (Paris, Montreal, New York, Zurich, Geneva, Budapest...)<\/span><\/p>\n<hr \/>\n<p style=\"text-align:center;padding-right:5px;\">Bal\u00e8ze, le mec&#8230;<br \/>\nAlors, soit il a un clone ou il a deux cerveaux&#8230; parce que, franchement pour faire autant de choses, &lsquo;faut y aller!<\/p>\n<p>Il a sc\u00e9naris\u00e9 les BD suivantes (entre autres):<\/p>\n<ul>\n<li>Le Tsar fou (s\u00e9rie)<\/li>\n<li>La Guerre des Gaules (s\u00e9rie)<\/li>\n<li>Raspoutine (s\u00e9rie)<\/li>\n<li>Tengiz (s\u00e9rie)<\/li>\n<li>Le proph\u00e8te de Tadmor<\/li>\n<li>Sir Arthur Benton (s\u00e9rie)<\/li>\n<li>Les sept nains et demi<\/li>\n<li>Le concierge<\/li>\n<li>Lawrence d&rsquo;Arabie (s\u00e9rie)<\/li>\n<li>&#8230;<\/li>\n<\/ul>\n<p style=\"text-align:center;padding-right:5px;\">(pour une bibliographie plus pr\u00e9cise: <a title=\"Tarek sur B\u00e9d\u00e9th\u00e8que.com\" href=\"http:\/\/www.bedetheque.com\/biblio-auteur-1926-BD-Tarek.html\" target=\"_blank\">cliquez ici)<\/a><\/p>\n<p>Cela faisait un petit temps que Tarek n&rsquo;avait plus fait d&rsquo;ouvrages pour les tout jeunes et pr\u00e9-ados; je suis tr\u00e8s content qu&rsquo;il m&rsquo;ait choisi pour renouer avec ce genre.<\/p>\n<p style=\"text-align:center;padding-right:5px;\">Merci, Tarek!<\/p>\n<p>Plus d&rsquo;infos:<\/p>\n<p><a href=\"http:\/\/tarek-bd.fr\/\" target=\"_blank\">http:\/\/tarek-bd.fr\/<\/a><br \/>\n<a href=\"https:\/\/www.facebook.com\/Tarekauteur\" target=\"_blank\">https:\/\/www.facebook.com\/Tarekauteur<br \/>\n<\/a><\/p>\n<hr \/>\n<p style=\"text-align:center;\"><span style=\"font-size:8pt;\">cr\u00e9dits photos: <a title=\"Interview de Tarek sur bdtheque.com\" href=\"http:\/\/www.bdtheque.com\/interview-tarek-89.html\" target=\"_blank\">http:\/\/www.bdtheque.com\/interview-tarek-89.html<\/a> \/ <a title=\"Bibliographie de Tarek sur bedetheque.com\" href=\"http:\/\/www.bedetheque.com\/auteur-1926-BD-Tarek.html\" target=\"_blank\">http:\/\/www.bedetheque.com\/auteur-1926-BD-Tarek.html<\/a> \/ <a title=\"Tarek sc\u00e9nariste sur Wikip\u00e9dia\" href=\"https:\/\/fr.wikipedia.org\/wiki\/Tarek_%28sc%C3%A9nariste%29\" target=\"_blank\">https:\/\/fr.wikipedia.org\/wiki\/Tarek_%28sc%C3%A9nariste%29<\/a> \/ <a title=\"Le Site Officiel de Tarek\" href=\"http:\/\/tarek-bd.fr\/\" target=\"_blank\">http:\/\/tarek-bd.fr\/<\/a><\/span><\/p>\n<p style=\"text-align:center;\"><strong>Vhenin<\/strong><br \/>\n<strong>Portfolio:<\/strong> <a href=\"http:\/\/www.vhenin.be\/\" target=\"_blank\">www.vhenin.be<\/a>\u00a0and <a href=\"http:\/\/www.vincent-henin.be\/\" target=\"_blank\">www.vincent-henin.be<\/a><br \/>\n<strong>Facebook:<\/strong> <a href=\"https:\/\/fr-fr.facebook.com\/vincenthenin.comixillustration\" target=\"_blank\">Vincent Henin Comix Illustration (Vhenin)<\/a><br \/>\n<strong>Blog: <\/strong><a href=\"http:\/\/www.vhenin.canalblog.com\" target=\"_blank\">www.vhenin.canalblog.com<\/a><strong><br \/>\nYouTube:<\/strong> <a href=\"https:\/\/www.youtube.com\/channel\/UCFgRf_TU8ES5LJNMaKOr8Eg\" target=\"_blank\">la cha\u00eene de Vhenin<\/a><\/p>\n<\/div>","protected":false},"excerpt":{"rendered":"<p>Pas de panique&#8230; Pour \u00eatre honn\u00eate, je ne le connaissais pas plus que \u00e7a avant de travailler avec lui&#8230; Tarek, c&rsquo;est le sc\u00e9nariste de la BD \u00ab\u00a0Blateman &amp; Bobine\u00a0\u00bb mais pas seulement&#8230;! C&rsquo;est un mec \u00e9patant! Mais est-il besoin de le pr\u00e9senter? \u00c9tant donn\u00e9 qu&rsquo;il a d\u00e9j\u00e0 fait son trou dans le milieu de la [&hellip;]<\/p>\n","protected":false},"author":74241772,"featured_media":81,"comment_status":"open","ping_status":"open","sticky":false,"template":"","format":"standard","meta":{"_coblocks_attr":"","_coblocks_dimensions":"","_coblocks_responsive_height":"","_coblocks_accordion_ie_support":"","_crdt_document":"","advanced_seo_description":"","jetpack_seo_html_title":"","jetpack_seo_noindex":false,"_jetpack_newsletter_access":"","_jetpack_dont_email_post_to_subs":false,"_jetpack_newsletter_tier_id":0,"_jetpack_memberships_contains_paywalled_content":false,"_jetpack_memberships_contains_paid_content":false,"footnotes":"","jetpack_publicize_message":"Comment? Vous ne connaissez pas TAREK?","jetpack_publicize_feature_enabled":true,"jetpack_social_post_already_shared":false,"jetpack_social_options":{"image_generator_settings":{"template":"highway","default_image_id":0,"font":"","enabled":false},"version":2},"_wpas_customize_per_network":false,"jetpack_post_was_ever_published":false},"categories":[693898471],"tags":[14226,44670,21752,263100701,1338044,3883569,546252760,35,7808,346062291,1202233,2501987,346062282,13866,39123,3968362,1536666,299480777],"class_list":["post-213","post","type-post","status-publish","format-standard","has-post-thumbnail","hentry","category-around-blateman","tag-aventure","tag-bande-dessinee","tag-bd","tag-blateman","tag-bobine","tag-comics-book","tag-comics_book","tag-humour","tag-livre","tag-loindetout","tag-monstres","tag-planche","tag-planche_bd","tag-sf","tag-super-heros","tag-tarek","tag-tartamudo","tag-vhenin"],"jetpack_publicize_connections":[],"jetpack_featured_media_url":"https:\/\/i0.wp.com\/blateman-bobine.com\/wp-content\/uploads\/2014\/06\/url.jpg?fit=220%2C146&ssl=1","jetpack_likes_enabled":true,"jetpack_sharing_enabled":true,"jetpack_shortlink":"https:\/\/wp.me\/p4LVhx-3r","jetpack-related-posts":[{"id":567,"url":"https:\/\/blateman-bobine.com\/en\/salon-bd-de-marles-les-mines-2016\/","url_meta":{"origin":213,"position":0},"title":"Marles-les-Mines Comics Fair, 2016","author":"Tarek Ben Yakhlef","date":"9 May 2016","format":false,"excerpt":"Tarek signed Blateman and Bobinel at the Marles-les-Mines comics fair.","rel":"","context":"In &quot;D\u00e9dicaces&quot;","block_context":{"text":"D\u00e9dicaces","link":"https:\/\/blateman-bobine.com\/en\/category\/dedications\/"},"img":{"alt_text":"","src":"https:\/\/i0.wp.com\/blateman-bobine.com\/wp-content\/uploads\/2016\/05\/13166909_170091526721615_1123221134_n.jpg?fit=1080%2C810&ssl=1&resize=350%2C200","width":350,"height":200,"srcset":"https:\/\/i0.wp.com\/blateman-bobine.com\/wp-content\/uploads\/2016\/05\/13166909_170091526721615_1123221134_n.jpg?fit=1080%2C810&ssl=1&resize=350%2C200 1x, https:\/\/i0.wp.com\/blateman-bobine.com\/wp-content\/uploads\/2016\/05\/13166909_170091526721615_1123221134_n.jpg?fit=1080%2C810&ssl=1&resize=525%2C300 1.5x, https:\/\/i0.wp.com\/blateman-bobine.com\/wp-content\/uploads\/2016\/05\/13166909_170091526721615_1123221134_n.jpg?fit=1080%2C810&ssl=1&resize=700%2C400 2x, https:\/\/i0.wp.com\/blateman-bobine.com\/wp-content\/uploads\/2016\/05\/13166909_170091526721615_1123221134_n.jpg?fit=1080%2C810&ssl=1&resize=1050%2C600 3x"},"classes":[]},{"id":563,"url":"https:\/\/blateman-bobine.com\/en\/univers-bd-2016\/","url_meta":{"origin":213,"position":1},"title":"Salon Univers BD 2016","author":"","date":"19 April 2016","format":false,"excerpt":"Vhenin and Tarek defended the colours of the Blateman and Bobine team!","rel":"","context":"In &quot;D\u00e9dicaces&quot;","block_context":{"text":"D\u00e9dicaces","link":"https:\/\/blateman-bobine.com\/en\/category\/dedications\/"},"img":{"alt_text":"","src":"https:\/\/i0.wp.com\/blateman-bobine.com\/wp-content\/uploads\/2016\/04\/p1190883.jpg?fit=1024%2C684&ssl=1&resize=350%2C200","width":350,"height":200,"srcset":"https:\/\/i0.wp.com\/blateman-bobine.com\/wp-content\/uploads\/2016\/04\/p1190883.jpg?fit=1024%2C684&ssl=1&resize=350%2C200 1x, https:\/\/i0.wp.com\/blateman-bobine.com\/wp-content\/uploads\/2016\/04\/p1190883.jpg?fit=1024%2C684&ssl=1&resize=525%2C300 1.5x, https:\/\/i0.wp.com\/blateman-bobine.com\/wp-content\/uploads\/2016\/04\/p1190883.jpg?fit=1024%2C684&ssl=1&resize=700%2C400 2x"},"classes":[]},{"id":613,"url":"https:\/\/blateman-bobine.com\/en\/they-support-blateman-and-bobine\/","url_meta":{"origin":213,"position":2},"title":"They support Blateman and Bobine","author":"Tarek Ben Yakhlef","date":"21 July 2016","format":false,"excerpt":"Our two heroes managed to seduce a lot of people at the Montreal Comiccon... Let's face it! Super Girl is a fan of our comic. Wow, who can resist?","rel":"","context":"In &quot;D\u00e9dicaces&quot;","block_context":{"text":"D\u00e9dicaces","link":"https:\/\/blateman-bobine.com\/en\/category\/dedications\/"},"img":{"alt_text":"","src":"https:\/\/i0.wp.com\/blateman-bobine.com\/wp-content\/uploads\/2016\/07\/p1370323.jpg?fit=513%2C768&ssl=1&resize=350%2C200","width":350,"height":200},"classes":[]},{"id":332,"url":"https:\/\/blateman-bobine.com\/en\/cartoonist-vhenin-presents-his-new-comic-strip-blateman-bobine\/","url_meta":{"origin":213,"position":3},"title":"Artist Vhenin presents his new comic strip \"Blateman &amp; Bobine\".","author":"Vhenin","date":"25 November 2015","format":false,"excerpt":"Bonjour, Voici une petite vid\u00e9o o\u00f9 je pr\u00e9sente la BD \"Blateman & Bobine\" et moi-m\u00eame\u00a0pour ceux qui ne me connaissent pas encore. La BD sort le 10 d\u00e9cembre 2015. On se voit bient\u00f4t dans un festival ou chez un libraire ;-) Copyright \u00a9 Vincent Henin - Vhenin and Tarek +\u2026","rel":"","context":"In &quot;Vid\u00e9o&quot;","block_context":{"text":"Vid\u00e9o","link":"https:\/\/blateman-bobine.com\/en\/category\/video\/"},"img":{"alt_text":"","src":"https:\/\/i0.wp.com\/blateman-bobine.com\/wp-content\/uploads\/2015\/11\/exemple_apparition_nom.jpg?fit=655%2C361&ssl=1&resize=350%2C200","width":350,"height":200,"srcset":"https:\/\/i0.wp.com\/blateman-bobine.com\/wp-content\/uploads\/2015\/11\/exemple_apparition_nom.jpg?fit=655%2C361&ssl=1&resize=350%2C200 1x, https:\/\/i0.wp.com\/blateman-bobine.com\/wp-content\/uploads\/2015\/11\/exemple_apparition_nom.jpg?fit=655%2C361&ssl=1&resize=525%2C300 1.5x"},"classes":[]},{"id":797,"url":"https:\/\/blateman-bobine.com\/en\/salon-bd-de-bulleberry-2016\/","url_meta":{"origin":213,"position":4},"title":"BulleBerry Comics Fair 2016","author":"","date":"4 October 2016","format":false,"excerpt":"\u2605\u2605\u2605 Tarek will be signing at the BulleBerry comics fair in Bourges from 1 to 2 Oct. \u2605\u2605\u2605 The Blateman et Bobine mousepad is now on sale for 10 euros!","rel":"","context":"In &quot;D\u00e9dicaces&quot;","block_context":{"text":"D\u00e9dicaces","link":"https:\/\/blateman-bobine.com\/en\/category\/dedications\/"},"img":{"alt_text":"","src":"https:\/\/i0.wp.com\/blateman-bobine.com\/wp-content\/uploads\/2016\/10\/p1450071.jpg?fit=1024%2C684&ssl=1&resize=350%2C200","width":350,"height":200,"srcset":"https:\/\/i0.wp.com\/blateman-bobine.com\/wp-content\/uploads\/2016\/10\/p1450071.jpg?fit=1024%2C684&ssl=1&resize=350%2C200 1x, https:\/\/i0.wp.com\/blateman-bobine.com\/wp-content\/uploads\/2016\/10\/p1450071.jpg?fit=1024%2C684&ssl=1&resize=525%2C300 1.5x, https:\/\/i0.wp.com\/blateman-bobine.com\/wp-content\/uploads\/2016\/10\/p1450071.jpg?fit=1024%2C684&ssl=1&resize=700%2C400 2x"},"classes":[]},{"id":1244,"url":"https:\/\/blateman-bobine.com\/en\/a-reader-at-the-tarek-x-mat-elbe-exhibition\/","url_meta":{"origin":213,"position":5},"title":"A young fan - 'Tarek &amp; Mat Elb\u00e9' exhibition","author":"","date":"27 November 2018","format":"image","excerpt":"A young Blateman &amp; Bobine reader at Tarek's latest exhibition.","rel":"","context":"In &quot;Around Blateman&quot;","block_context":{"text":"Around Blateman","link":"https:\/\/blateman-bobine.com\/en\/category\/around-blateman\/"},"img":{"alt_text":"","src":"https:\/\/i0.wp.com\/blateman-bobine.com\/wp-content\/uploads\/2018\/11\/46788287_10210611428280911_6573644894764531712_n.jpg?fit=542%2C960&ssl=1&resize=350%2C200","width":350,"height":200,"srcset":"https:\/\/i0.wp.com\/blateman-bobine.com\/wp-content\/uploads\/2018\/11\/46788287_10210611428280911_6573644894764531712_n.jpg?fit=542%2C960&ssl=1&resize=350%2C200 1x, https:\/\/i0.wp.com\/blateman-bobine.com\/wp-content\/uploads\/2018\/11\/46788287_10210611428280911_6573644894764531712_n.jpg?fit=542%2C960&ssl=1&resize=525%2C300 1.5x"},"classes":[]}],"_links":{"self":[{"href":"https:\/\/blateman-bobine.com\/en\/wp-json\/wp\/v2\/posts\/213","targetHints":{"allow":["GET"]}}],"collection":[{"href":"https:\/\/blateman-bobine.com\/en\/wp-json\/wp\/v2\/posts"}],"about":[{"href":"https:\/\/blateman-bobine.com\/en\/wp-json\/wp\/v2\/types\/post"}],"author":[{"embeddable":true,"href":"https:\/\/blateman-bobine.com\/en\/wp-json\/wp\/v2\/users\/74241772"}],"replies":[{"embeddable":true,"href":"https:\/\/blateman-bobine.com\/en\/wp-json\/wp\/v2\/comments?post=213"}],"version-history":[{"count":3,"href":"https:\/\/blateman-bobine.com\/en\/wp-json\/wp\/v2\/posts\/213\/revisions"}],"predecessor-version":[{"id":263,"href":"https:\/\/blateman-bobine.com\/en\/wp-json\/wp\/v2\/posts\/213\/revisions\/263"}],"wp:featuredmedia":[{"embeddable":true,"href":"https:\/\/blateman-bobine.com\/en\/wp-json\/wp\/v2\/media\/81"}],"wp:attachment":[{"href":"https:\/\/blateman-bobine.com\/en\/wp-json\/wp\/v2\/media?parent=213"}],"wp:term":[{"taxonomy":"category","embeddable":true,"href":"https:\/\/blateman-bobine.com\/en\/wp-json\/wp\/v2\/categories?post=213"},{"taxonomy":"post_tag","embeddable":true,"href":"https:\/\/blateman-bobine.com\/en\/wp-json\/wp\/v2\/tags?post=213"}],"curies":[{"name":"wp","href":"https:\/\/api.w.org\/{rel}","templated":true}]}}