{"id":2791,"date":"2025-08-21T10:14:43","date_gmt":"2025-08-21T09:14:43","guid":{"rendered":"https:\/\/blateman-bobine.com\/fr\/?p=2791"},"modified":"2025-08-21T13:24:35","modified_gmt":"2025-08-21T12:24:35","slug":"blateman-bobine-at-the-festival-bd-de-bulles-en-bulles-hotton-b-24-aout-2025","status":"publish","type":"post","link":"https:\/\/blateman-bobine.com\/en\/blateman-bobine-at-the-festival-bd-de-bulles-en-bulles-hotton-b-24-aout-2025\/","title":{"rendered":"Blateman &amp; Bobine at the Festival BD de Bulles en Bulles \/\/ Hotton (B) - 24 August 2025"},"content":{"rendered":"<p class=\"wp-block-paragraph\">Hi Guys!<\/p>\n\n\n\n<p class=\"wp-block-paragraph\">Come and see us at<strong> <a href=\"https:\/\/www.festivalbd.be\/\" target=\"_blank\" rel=\"noreferrer noopener\">Bulles en Bulles Festival in Hotton<\/a><\/strong> this <strong>Sunday 24 August<\/strong>.<br>A great festival in one of the prettiest corners of Belgium!<br>Bring the whole family for the comics, the atmosphere and the scenery.<\/p>\n\n\n\n<p class=\"wp-block-paragraph\">As usual, I'll be signing the book. <strong>my 'Blateman &amp; Bobine' albums and my Voyages d'Alix<\/strong>.<\/p>\n\n\n\n<p class=\"wp-block-paragraph\">See you soon!<\/p>\n\n\n\n<p style=\"line-height:1\" class=\"has-custom-lineheight wp-block-paragraph\"><strong>Information<\/strong>:<br><\/p>\n\n\n\n<div class=\"wp-block-group is-nowrap is-layout-flex wp-container-core-group-is-layout-6d2f9eb2 wp-block-group-is-layout-flex\">\n<p class=\"wp-block-paragraph\"><a href=\"https:\/\/www.facebook.com\/groups\/festivalbd\/\" target=\"_blank\" rel=\"noreferrer noopener\">De Bulles en Bulles\" comic strip festival<\/a> - Hotton<\/p>\n\n\n\n<ul class=\"wp-block-social-links has-visible-labels is-layout-flex wp-block-social-links-is-layout-flex\"><li class=\"wp-social-link wp-social-link-facebook  wp-block-social-link\"><a rel=\"noopener nofollow\" target=\"_blank\" href=\"https:\/\/www.facebook.com\/groups\/149763219072061\/\" class=\"wp-block-social-link-anchor\"><svg width=\"24\" height=\"24\" viewbox=\"0 0 24 24\" version=\"1.1\" xmlns=\"http:\/\/www.w3.org\/2000\/svg\" aria-hidden=\"true\" focusable=\"false\"><path d=\"M12 2C6.5 2 2 6.5 2 12c0 5 3.7 9.1 8.4 9.9v-7H7.9V12h2.5V9.8c0-2.5 1.5-3.9 3.8-3.9 1.1 0 2.2.2 2.2.2v2.5h-1.3c-1.2 0-1.6.8-1.6 1.6V12h2.8l-.4 2.9h-2.3v7C18.3 21.1 22 17 22 12c0-5.5-4.5-10-10-10z\"><\/path><\/svg><span class=\"wp-block-social-link-label\">Facebook<\/span><\/a><\/li><\/ul>\n<\/div>\n\n\n\n<figure class=\"wp-block-gallery has-nested-images columns-default is-cropped wp-block-gallery-1 is-layout-flex wp-block-gallery-is-layout-flex\">\n<figure class=\"wp-block-image size-large is-style-default\"><img data-recalc-dims=\"1\" loading=\"lazy\" decoding=\"async\" width=\"733\" height=\"702\" data-attachment-id=\"2799\" data-permalink=\"https:\/\/blateman-bobine.com\/en\/blateman-bobine-at-the-festival-bd-de-bulles-en-bulles-hotton-b-24-aout-2025\/annonce_hotton-2025\/\" data-orig-file=\"https:\/\/i0.wp.com\/blateman-bobine.com\/wp-content\/uploads\/2025\/08\/annonce_hotton-2025.jpg?fit=733%2C702&amp;ssl=1\" data-orig-size=\"733,702\" data-comments-opened=\"1\" data-image-meta=\"{&quot;aperture&quot;:&quot;0&quot;,&quot;credit&quot;:&quot;&quot;,&quot;camera&quot;:&quot;&quot;,&quot;caption&quot;:&quot;&quot;,&quot;created_timestamp&quot;:&quot;0&quot;,&quot;copyright&quot;:&quot;&quot;,&quot;focal_length&quot;:&quot;0&quot;,&quot;iso&quot;:&quot;0&quot;,&quot;shutter_speed&quot;:&quot;0&quot;,&quot;title&quot;:&quot;&quot;,&quot;orientation&quot;:&quot;0&quot;}\" data-image-title=\"Blateman &amp;#038; Bobine, les super-z\u00e9ros de la BD au Festival BD de Hotton\" data-image-description=\"&lt;p&gt;Blateman &amp;#038; Bobine, les super-z\u00e9ros de la BD au Festival BD de Hotton&lt;\/p&gt;\" data-image-caption=\"&lt;p&gt;Blateman &amp;#038; Bobine, les super-z\u00e9ros de la BD au Festival BD de Hotton&lt;\/p&gt;\" data-large-file=\"https:\/\/i0.wp.com\/blateman-bobine.com\/wp-content\/uploads\/2025\/08\/annonce_hotton-2025.jpg?fit=733%2C702&amp;ssl=1\" data-id=\"2799\" src=\"https:\/\/i0.wp.com\/blateman-bobine.com\/fr\/wp-content\/uploads\/2025\/08\/annonce_hotton-2025.jpg?resize=733%2C702&#038;ssl=1\" alt=\"Blateman &amp; Bobine in Hotton. Colourist Vhenin\" class=\"wp-image-2799\" srcset=\"https:\/\/i0.wp.com\/blateman-bobine.com\/wp-content\/uploads\/2025\/08\/annonce_hotton-2025.jpg?w=733&amp;ssl=1 733w, https:\/\/i0.wp.com\/blateman-bobine.com\/wp-content\/uploads\/2025\/08\/annonce_hotton-2025.jpg?resize=300%2C287&amp;ssl=1 300w, https:\/\/i0.wp.com\/blateman-bobine.com\/wp-content\/uploads\/2025\/08\/annonce_hotton-2025.jpg?resize=13%2C12&amp;ssl=1 13w\" sizes=\"auto, (max-width: 733px) 100vw, 733px\" \/><\/figure>\n\n\n\n<figure class=\"wp-block-image size-large\"><img data-recalc-dims=\"1\" loading=\"lazy\" decoding=\"async\" width=\"509\" height=\"720\" data-attachment-id=\"2813\" data-permalink=\"https:\/\/blateman-bobine.com\/en\/blateman-bobine-at-the-festival-bd-de-bulles-en-bulles-hotton-b-24-aout-2025\/536278222_10237444403114597_4916656012397674917_n\/\" data-orig-file=\"https:\/\/i0.wp.com\/blateman-bobine.com\/wp-content\/uploads\/2025\/08\/536278222_10237444403114597_4916656012397674917_n.jpg?fit=509%2C720&amp;ssl=1\" data-orig-size=\"509,720\" data-comments-opened=\"1\" data-image-meta=\"{&quot;aperture&quot;:&quot;0&quot;,&quot;credit&quot;:&quot;&quot;,&quot;camera&quot;:&quot;&quot;,&quot;caption&quot;:&quot;&quot;,&quot;created_timestamp&quot;:&quot;0&quot;,&quot;copyright&quot;:&quot;&quot;,&quot;focal_length&quot;:&quot;0&quot;,&quot;iso&quot;:&quot;0&quot;,&quot;shutter_speed&quot;:&quot;0&quot;,&quot;title&quot;:&quot;&quot;,&quot;orientation&quot;:&quot;0&quot;}\" data-image-title=\"Blateman &amp;#038; Bobine, les super-z\u00e9ros de la BD au Festival BD de Hotton\" data-image-description=\"&lt;p&gt;Blateman &amp;#038; Bobine, les super-z\u00e9ros de la BD au Festival BD de Hotton&lt;\/p&gt;\" data-image-caption=\"&lt;p&gt;Blateman &amp;#038; Bobine, les super-z\u00e9ros de la BD au Festival BD de Hotton&lt;\/p&gt;\" data-large-file=\"https:\/\/i0.wp.com\/blateman-bobine.com\/wp-content\/uploads\/2025\/08\/536278222_10237444403114597_4916656012397674917_n.jpg?fit=509%2C720&amp;ssl=1\" data-id=\"2813\" src=\"https:\/\/i0.wp.com\/blateman-bobine.com\/fr\/wp-content\/uploads\/2025\/08\/536278222_10237444403114597_4916656012397674917_n.jpg?resize=509%2C720&#038;ssl=1\" alt=\"\" class=\"wp-image-2813\" srcset=\"https:\/\/i0.wp.com\/blateman-bobine.com\/wp-content\/uploads\/2025\/08\/536278222_10237444403114597_4916656012397674917_n.jpg?w=509&amp;ssl=1 509w, https:\/\/i0.wp.com\/blateman-bobine.com\/wp-content\/uploads\/2025\/08\/536278222_10237444403114597_4916656012397674917_n.jpg?resize=212%2C300&amp;ssl=1 212w, https:\/\/i0.wp.com\/blateman-bobine.com\/wp-content\/uploads\/2025\/08\/536278222_10237444403114597_4916656012397674917_n.jpg?resize=8%2C12&amp;ssl=1 8w\" sizes=\"auto, (max-width: 509px) 100vw, 509px\" \/><\/figure>\n\n\n\n<figure class=\"wp-block-image size-large\"><img data-recalc-dims=\"1\" loading=\"lazy\" decoding=\"async\" width=\"1024\" height=\"678\" data-attachment-id=\"2801\" data-permalink=\"https:\/\/blateman-bobine.com\/en\/blateman-bobine-at-the-festival-bd-de-bulles-en-bulles-hotton-b-24-aout-2025\/site-festival-hotton\/\" data-orig-file=\"https:\/\/i0.wp.com\/blateman-bobine.com\/wp-content\/uploads\/2025\/08\/site-festival-Hotton.png?fit=1347%2C892&amp;ssl=1\" data-orig-size=\"1347,892\" data-comments-opened=\"1\" data-image-meta=\"{&quot;aperture&quot;:&quot;0&quot;,&quot;credit&quot;:&quot;&quot;,&quot;camera&quot;:&quot;&quot;,&quot;caption&quot;:&quot;&quot;,&quot;created_timestamp&quot;:&quot;0&quot;,&quot;copyright&quot;:&quot;&quot;,&quot;focal_length&quot;:&quot;0&quot;,&quot;iso&quot;:&quot;0&quot;,&quot;shutter_speed&quot;:&quot;0&quot;,&quot;title&quot;:&quot;&quot;,&quot;orientation&quot;:&quot;0&quot;}\" data-image-title=\"site festival Hotton\" data-image-description=\"&lt;p&gt;Blateman &amp;#038; Bobine, les super-z\u00e9ros de la BD au Festival BD de Hotton&lt;\/p&gt;\" data-image-caption=\"&lt;p&gt;Blateman &amp;#038; Bobine, les super-z\u00e9ros de la BD au Festival BD de Hotton&lt;\/p&gt;\" data-large-file=\"https:\/\/i0.wp.com\/blateman-bobine.com\/wp-content\/uploads\/2025\/08\/site-festival-Hotton.png?fit=1024%2C678&amp;ssl=1\" data-id=\"2801\" src=\"https:\/\/i0.wp.com\/blateman-bobine.com\/fr\/wp-content\/uploads\/2025\/08\/site-festival-Hotton-1024x678.png?resize=1024%2C678&#038;ssl=1\" alt=\"Blateman &amp; Bobine in Hotton. Colourist Vhenin\" class=\"wp-image-2801\" srcset=\"https:\/\/i0.wp.com\/blateman-bobine.com\/wp-content\/uploads\/2025\/08\/site-festival-Hotton.png?resize=1024%2C678&amp;ssl=1 1024w, https:\/\/i0.wp.com\/blateman-bobine.com\/wp-content\/uploads\/2025\/08\/site-festival-Hotton.png?resize=300%2C199&amp;ssl=1 300w, https:\/\/i0.wp.com\/blateman-bobine.com\/wp-content\/uploads\/2025\/08\/site-festival-Hotton.png?resize=768%2C509&amp;ssl=1 768w, https:\/\/i0.wp.com\/blateman-bobine.com\/wp-content\/uploads\/2025\/08\/site-festival-Hotton.png?resize=18%2C12&amp;ssl=1 18w, https:\/\/i0.wp.com\/blateman-bobine.com\/wp-content\/uploads\/2025\/08\/site-festival-Hotton.png?resize=1200%2C795&amp;ssl=1 1200w, https:\/\/i0.wp.com\/blateman-bobine.com\/wp-content\/uploads\/2025\/08\/site-festival-Hotton.png?w=1347&amp;ssl=1 1347w\" sizes=\"auto, (max-width: 1000px) 100vw, 1000px\" \/><\/figure>\n<\/figure>\n\n\n\n<p class=\"wp-block-paragraph\"><\/p>","protected":false},"excerpt":{"rendered":"<p>Hi Guys! Venez nous voir au Festival de Bulles en Bulles \u00e0 Hotton ce dimanche 24 ao\u00fbt.Un super festival dans un des plus jolis coins de la Belgique!Venez en famille pour la BD, la convivialit\u00e9 et le d\u00e9cor. Comme d&rsquo;habitude, j&rsquo;y d\u00e9dicacerai mes albums de &lsquo;Blateman &amp; Bobine&rsquo; et mes Voyages d&rsquo;Alix. \u00c0 bient\u00f4t! Renseignements: [&hellip;]<\/p>\n","protected":false},"author":74241772,"featured_media":2815,"comment_status":"open","ping_status":"open","sticky":false,"template":"","format":"standard","meta":{"_coblocks_attr":"","_coblocks_dimensions":"","_coblocks_responsive_height":"","_coblocks_accordion_ie_support":"","_crdt_document":"","advanced_seo_description":"Rejoignez nos super-h\u00e9ros Blateman et Bobine au Festival BD 'de Bulles en Bulles' \u00e0 Hotton le 24 ao\u00fbt pour une journ\u00e9e de BD et de convivialit\u00e9 en famille!","jetpack_seo_html_title":"Blateman & Bobine au Festival BD de Bulles en Bulles \u00e0 Hotton (Belgique) - 24 ao\u00fbt 2025","jetpack_seo_noindex":false,"_jetpack_newsletter_access":"","_jetpack_dont_email_post_to_subs":false,"_jetpack_newsletter_tier_id":0,"_jetpack_memberships_contains_paywalled_content":false,"_jetpack_memberships_contains_paid_content":false,"footnotes":"","jetpack_publicize_message":"","jetpack_publicize_feature_enabled":true,"jetpack_social_post_already_shared":false,"jetpack_social_options":{"image_generator_settings":{"template":"highway","default_image_id":0,"font":"","enabled":true,"token":"eyJpbWciOiJodHRwczpcL1wvYmxhdGVtYW4tYm9iaW5lLmNvbVwvd3AtY29udGVudFwvdXBsb2Fkc1wvMjAyNVwvMDhcL2FmZmljaGUtRkItZmVzdGl2YWwtSG90dG9uLmpwZyIsInR4dCI6IkJsYXRlbWFuICZhbXA7IEJvYmluZSBhdSBGZXN0aXZhbCBCRCBkZSBCdWxsZXMgZW4gQnVsbGVzIFwvXC8gSG90dG9uIChCKSAmIzgyMTE7IDI0IGFvXHUwMGZidCAyMDI1IiwidGVtcGxhdGUiOiJoaWdod2F5IiwiZm9udCI6IiIsImJsb2dfaWQiOjcwNTI2OTU1fQ.LR0-vr1W8eVLs_AtuPrkk0EG1aMjg_FdFG2egCJbqaUMQ"},"version":2},"_wpas_customize_per_network":false,"jetpack_post_was_ever_published":false},"categories":[1223035],"tags":[44670,21752,263100701,1338044,756,1417453,693898545,39123,299480777],"class_list":["post-2791","post","type-post","status-publish","format-standard","has-post-thumbnail","hentry","category-dedicaces","tag-bande-dessinee","tag-bd","tag-blateman","tag-bobine","tag-comics","tag-dedicace","tag-festival-bd","tag-super-heros","tag-vhenin"],"jetpack_publicize_connections":[],"jetpack_featured_media_url":"https:\/\/i0.wp.com\/blateman-bobine.com\/wp-content\/uploads\/2025\/08\/affiche-FB-festival-Hotton.jpg?fit=800%2C600&ssl=1","jetpack_likes_enabled":true,"jetpack_sharing_enabled":true,"jetpack_shortlink":"https:\/\/wp.me\/p4LVhx-J1","jetpack-related-posts":[{"id":2848,"url":"https:\/\/blateman-bobine.com\/en\/blateman-bobine-were-at-the-bulles-en-bulles-festival-in-hotton-b\/","url_meta":{"origin":2791,"position":0},"title":"Hotton Comics Festival: A look back at an unforgettable day","author":"Vhenin","date":"3 September 2025","format":false,"excerpt":"Nous \u00e9tions au super Festival BD de Hotton le 24 ao\u00fbt dernier toute la journ\u00e9e...Super b\u00e9n\u00e9voles, super accueil et super organisation! Merci \u00e0 tous! Mais alors, que dire du public?! Familial, sympa, relax et au rendez-vous!Un vrai bonheur et de chouettes rencontres! L'\u00e9diteur ABA Academy a eu la bonne id\u00e9e\u2026","rel":"","context":"In &quot;D\u00e9dicaces&quot;","block_context":{"text":"D\u00e9dicaces","link":"https:\/\/blateman-bobine.com\/en\/category\/dedications\/"},"img":{"alt_text":"Blateman & Bobine au Festival BD de Hotton","src":"https:\/\/i0.wp.com\/blateman-bobine.com\/wp-content\/uploads\/2025\/09\/IMG-20250827-WA0006-web.jpg?fit=800%2C399&ssl=1&resize=350%2C200","width":350,"height":200,"srcset":"https:\/\/i0.wp.com\/blateman-bobine.com\/wp-content\/uploads\/2025\/09\/IMG-20250827-WA0006-web.jpg?fit=800%2C399&ssl=1&resize=350%2C200 1x, https:\/\/i0.wp.com\/blateman-bobine.com\/wp-content\/uploads\/2025\/09\/IMG-20250827-WA0006-web.jpg?fit=800%2C399&ssl=1&resize=525%2C300 1.5x, https:\/\/i0.wp.com\/blateman-bobine.com\/wp-content\/uploads\/2025\/09\/IMG-20250827-WA0006-web.jpg?fit=800%2C399&ssl=1&resize=700%2C400 2x"},"classes":[]},{"id":3385,"url":"https:\/\/blateman-bobine.com\/en\/blateman-en-dedicace-avec-brad-pitt-a-tournai-les-bulles-b-11-et-12-avril-2026\/","url_meta":{"origin":2791,"position":1},"title":"Blateman en d\u00e9dicace avec Brad Pitt \u00e0 Tournai-les-Bulles (B) &#8211; 11 et 12 avril 2026","author":"Vhenin","date":"9 April 2026","format":false,"excerpt":"Brad Pitt en d\u00e9dicaces avec Blateman & Bobine \u00e0 Tournai-les-Bulles (Festival International de BD), Belgique, 11 et 12 avril 2026","rel":"","context":"In &quot;Around Blateman&quot;","block_context":{"text":"Around Blateman","link":"https:\/\/blateman-bobine.com\/en\/category\/around-blateman\/"},"img":{"alt_text":"Brad Pitt, fan de Blateman & Bobine, s\u00e9rie de BD franco-belge","src":"https:\/\/i0.wp.com\/blateman-bobine.com\/wp-content\/uploads\/2026\/04\/Brad-Pitt-at-comic-convention-horizontal-WEB.jpg?fit=1200%2C800&ssl=1&resize=350%2C200","width":350,"height":200,"srcset":"https:\/\/i0.wp.com\/blateman-bobine.com\/wp-content\/uploads\/2026\/04\/Brad-Pitt-at-comic-convention-horizontal-WEB.jpg?fit=1200%2C800&ssl=1&resize=350%2C200 1x, https:\/\/i0.wp.com\/blateman-bobine.com\/wp-content\/uploads\/2026\/04\/Brad-Pitt-at-comic-convention-horizontal-WEB.jpg?fit=1200%2C800&ssl=1&resize=525%2C300 1.5x, https:\/\/i0.wp.com\/blateman-bobine.com\/wp-content\/uploads\/2026\/04\/Brad-Pitt-at-comic-convention-horizontal-WEB.jpg?fit=1200%2C800&ssl=1&resize=700%2C400 2x, https:\/\/i0.wp.com\/blateman-bobine.com\/wp-content\/uploads\/2026\/04\/Brad-Pitt-at-comic-convention-horizontal-WEB.jpg?fit=1200%2C800&ssl=1&resize=1050%2C600 3x"},"classes":[]},{"id":1927,"url":"https:\/\/blateman-bobine.com\/en\/blateman-bobine-in-dedication-at-tournai-12-and-13-april-2025\/","url_meta":{"origin":2791,"position":2},"title":"Blateman &amp; Bobine sign in Tournai - 12 and 13 April 2025","author":"Vhenin","date":"10 April 2025","format":false,"excerpt":"Come and meet me at the Tournai les Bulles Festival on Saturday and Sunday 12 and 13 April 2025.more info at: https:\/\/opalebd.com\/festivals\/details\/2239","rel":"","context":"In &quot;D\u00e9dicaces&quot;","block_context":{"text":"D\u00e9dicaces","link":"https:\/\/blateman-bobine.com\/en\/category\/dedications\/"},"img":{"alt_text":"Blateman & Bobine - festival-BD-Tournai","src":"https:\/\/i0.wp.com\/blateman-bobine.com\/wp-content\/uploads\/2025\/04\/001_2025_gf.jpg?fit=500%2C701&ssl=1&resize=350%2C200","width":350,"height":200},"classes":[]},{"id":3325,"url":"https:\/\/blateman-bobine.com\/en\/blateman-bobine-emerveillent-a-verlaine\/","url_meta":{"origin":2791,"position":3},"title":"Blateman &#038; Bobine \u00e9merveillent \u00e0 Verlaine","author":"Vhenin","date":"5 March 2026","format":false,"excerpt":"Blateman & Bobine \u00e9taient pr\u00e9sents \u00e0 la F\u00eate de la B.D. et du Livre Jeunesse de Verlaine le 8 f\u00e9vrier. L\u2019\u00e9v\u00e9nement a offert un accueil exceptionnel, avec une organisation impeccable et une ambiance chaleureuse. Une journ\u00e9e au top pour nos super-h\u00e9ros\u2026 ou plut\u00f4t super-z\u00e9ros !","rel":"","context":"In &quot;D\u00e9dicaces&quot;","block_context":{"text":"D\u00e9dicaces","link":"https:\/\/blateman-bobine.com\/en\/category\/dedications\/"},"img":{"alt_text":"Blateman & Bobine - Fete de la BD et du livre jeunesse - Verlaine 2026","src":"https:\/\/i0.wp.com\/blateman-bobine.com\/wp-content\/uploads\/2026\/03\/IMG_20260208_112256_Bokeh-WEB.jpg?fit=800%2C600&ssl=1&resize=350%2C200","width":350,"height":200,"srcset":"https:\/\/i0.wp.com\/blateman-bobine.com\/wp-content\/uploads\/2026\/03\/IMG_20260208_112256_Bokeh-WEB.jpg?fit=800%2C600&ssl=1&resize=350%2C200 1x, https:\/\/i0.wp.com\/blateman-bobine.com\/wp-content\/uploads\/2026\/03\/IMG_20260208_112256_Bokeh-WEB.jpg?fit=800%2C600&ssl=1&resize=525%2C300 1.5x, https:\/\/i0.wp.com\/blateman-bobine.com\/wp-content\/uploads\/2026\/03\/IMG_20260208_112256_Bokeh-WEB.jpg?fit=800%2C600&ssl=1&resize=700%2C400 2x"},"classes":[]},{"id":2039,"url":"https:\/\/blateman-bobine.com\/en\/kids-love-blateman-bobbin\/","url_meta":{"origin":2791,"position":4},"title":"Kids love Blateman &amp; Bobine!","author":"Vhenin","date":"17 April 2025","format":false,"excerpt":"Memories of the Tournai les Bulles Comics Festival 2025. We were lucky enough to be working with Emmanuel Flocher, a comic book marquetry specialist who is the only one of his kind in Europe! Thanks to him, stars like Frank Margerin, Philippe Xavier and J\u00e9r\u00e9my Petiqueux came to visit us. I was on...","rel":"","context":"In &quot;D\u00e9dicaces&quot;","block_context":{"text":"D\u00e9dicaces","link":"https:\/\/blateman-bobine.com\/en\/category\/dedications\/"},"img":{"alt_text":"Blateman & Bobine, les super-z\u00e9ros de la BD au Festival BD de Tournai Les Bulles","src":"https:\/\/i0.wp.com\/blateman-bobine.com\/wp-content\/uploads\/2025\/04\/486524728_1949503378915018_4261898972143580019_n.jpg?fit=1200%2C900&ssl=1&resize=350%2C200","width":350,"height":200,"srcset":"https:\/\/i0.wp.com\/blateman-bobine.com\/wp-content\/uploads\/2025\/04\/486524728_1949503378915018_4261898972143580019_n.jpg?fit=1200%2C900&ssl=1&resize=350%2C200 1x, https:\/\/i0.wp.com\/blateman-bobine.com\/wp-content\/uploads\/2025\/04\/486524728_1949503378915018_4261898972143580019_n.jpg?fit=1200%2C900&ssl=1&resize=525%2C300 1.5x, https:\/\/i0.wp.com\/blateman-bobine.com\/wp-content\/uploads\/2025\/04\/486524728_1949503378915018_4261898972143580019_n.jpg?fit=1200%2C900&ssl=1&resize=700%2C400 2x, https:\/\/i0.wp.com\/blateman-bobine.com\/wp-content\/uploads\/2025\/04\/486524728_1949503378915018_4261898972143580019_n.jpg?fit=1200%2C900&ssl=1&resize=1050%2C600 3x"},"classes":[]},{"id":3383,"url":"https:\/\/blateman-bobine.com\/en\/festival-bd-geraardsbergen-dedicaces-en-mode-super-heros\/","url_meta":{"origin":2791,"position":5},"title":"Festival BD Geraardsbergen : D\u00e9dicaces en mode Super-H\u00e9ros !","author":"Vhenin","date":"11 March 2026","format":false,"excerpt":"Hey hey Super-H\u00e9ros! Venez me voir au \"Strip festival BD Geraardsbergen\" (Festival BD de Grammont) -- ce dimanche 15 mars\u2026 D\u00e9dicaces et commandes-commissions dans mes Voyages d'Alix et beaux dessins dans mes Ouvrages Jeunesse \"Blateman & Bobine\" (2 tomes parus). Tous mes bouquins en fran\u00e7ais et n\u00e9erlandais \/ Al mijn\u2026","rel":"","context":"In &quot;D\u00e9dicaces&quot;","block_context":{"text":"D\u00e9dicaces","link":"https:\/\/blateman-bobine.com\/en\/category\/dedications\/"},"img":{"alt_text":"","src":"https:\/\/i0.wp.com\/blateman-bobine.com\/wp-content\/uploads\/2026\/03\/expodufays01.jpg?fit=600%2C770&ssl=1&resize=350%2C200","width":350,"height":200,"srcset":"https:\/\/i0.wp.com\/blateman-bobine.com\/wp-content\/uploads\/2026\/03\/expodufays01.jpg?fit=600%2C770&ssl=1&resize=350%2C200 1x, https:\/\/i0.wp.com\/blateman-bobine.com\/wp-content\/uploads\/2026\/03\/expodufays01.jpg?fit=600%2C770&ssl=1&resize=525%2C300 1.5x"},"classes":[]}],"_links":{"self":[{"href":"https:\/\/blateman-bobine.com\/en\/wp-json\/wp\/v2\/posts\/2791","targetHints":{"allow":["GET"]}}],"collection":[{"href":"https:\/\/blateman-bobine.com\/en\/wp-json\/wp\/v2\/posts"}],"about":[{"href":"https:\/\/blateman-bobine.com\/en\/wp-json\/wp\/v2\/types\/post"}],"author":[{"embeddable":true,"href":"https:\/\/blateman-bobine.com\/en\/wp-json\/wp\/v2\/users\/74241772"}],"replies":[{"embeddable":true,"href":"https:\/\/blateman-bobine.com\/en\/wp-json\/wp\/v2\/comments?post=2791"}],"version-history":[{"count":15,"href":"https:\/\/blateman-bobine.com\/en\/wp-json\/wp\/v2\/posts\/2791\/revisions"}],"predecessor-version":[{"id":2828,"href":"https:\/\/blateman-bobine.com\/en\/wp-json\/wp\/v2\/posts\/2791\/revisions\/2828"}],"wp:featuredmedia":[{"embeddable":true,"href":"https:\/\/blateman-bobine.com\/en\/wp-json\/wp\/v2\/media\/2815"}],"wp:attachment":[{"href":"https:\/\/blateman-bobine.com\/en\/wp-json\/wp\/v2\/media?parent=2791"}],"wp:term":[{"taxonomy":"category","embeddable":true,"href":"https:\/\/blateman-bobine.com\/en\/wp-json\/wp\/v2\/categories?post=2791"},{"taxonomy":"post_tag","embeddable":true,"href":"https:\/\/blateman-bobine.com\/en\/wp-json\/wp\/v2\/tags?post=2791"}],"curies":[{"name":"wp","href":"https:\/\/api.w.org\/{rel}","templated":true}]}}