{"id":349,"date":"2015-01-16T16:19:36","date_gmt":"2015-01-16T15:19:36","guid":{"rendered":"https:\/\/blateman-bobine.com\/fr\/?p=349"},"modified":"2025-03-28T11:23:27","modified_gmt":"2025-03-28T10:23:27","slug":"timelapse-01-blateman-bobine-a-loindetout-la-sorciere","status":"publish","type":"post","link":"https:\/\/blateman-bobine.com\/en\/timelapse-01-blateman-bobine-a-loindetout-la-sorciere\/","title":{"rendered":"TIMELAPSE VIDEO - \"Blateman &amp; Bobine - Zombie-Attack\" \/\/ The Witch"},"content":{"rendered":"<p class=\"has-text-align-center wp-block-paragraph\">How is a square built? What are the different stages?<br>\nA few pictures are worth a thousand words! Enjoy!<\/p>\n\n\n\n<div id=\"utcLsZMj0ZQ\" class=\"divVideo centeralign\" style=\"width:480px;margin:auto;\">\n<p class=\"videoTitle\" style=\"text-align:center;padding-right:5px;\"><strong>Timelapse BD \"Blateman &amp; Bobine 01\" -Vhenin \/ Tarek<\/strong><\/p>\n<\/div>\n\n\n<span class=\"embed-youtube\" style=\"text-align:center; display: block;\"><iframe loading=\"lazy\" class=\"youtube-player\" width=\"640\" height=\"360\" src=\"https:\/\/www.youtube.com\/embed\/utcLsZMj0ZQ?version=3&#038;rel=1&#038;showsearch=0&#038;showinfo=1&#038;iv_load_policy=1&#038;fs=1&#038;hl=en-GB&#038;autohide=2&#038;wmode=transparent\" allowfullscreen=\"true\" style=\"border:0;\" sandbox=\"allow-scripts allow-same-origin allow-popups allow-presentation allow-popups-to-escape-sandbox\"><\/iframe><\/span>\n\n\n\n<p class=\"has-text-align-center wp-block-paragraph\">Link to the video on my YouTube channel: <a title=\"TimeLapse Blateman &amp; Bobine - T.1 -\" href=\"https:\/\/www.youtube.com\/watch?v=utcLsZMj0ZQ\" target=\"_blank\">https:\/\/www.youtube.com\/watch?v=utcLsZMj0ZQ<\/a><\/p>\n\n\n\n<h6 class=\"wp-block-heading\">Copyright \u00a9 Vincent Henin - Vhenin<br>\nand<br>\nTarek + Tartamudo for this article<br>\nNo reproduction without permission<\/h6>\n\n\n\n<p class=\"has-text-align-center wp-block-paragraph\"><strong>Vhenin<\/strong><br>\n<strong>Portfolio:<\/strong> <a href=\"http:\/\/www.vhenin.be\/\" target=\"_blank\">www.vhenin.be<\/a>&nbsp;and <a href=\"http:\/\/www.vincent-henin.be\/\" target=\"_blank\">www.vincent-henin.be<\/a><br>\n<strong>Facebook:<\/strong> <a href=\"https:\/\/fr-fr.facebook.com\/vincenthenin.comixillustration\" target=\"_blank\">Vincent Henin Comix Illustration (Vhenin)<br>\n<\/a><strong>Blog:<\/strong> <a href=\"http:\/\/www.vhenin.canalblog.com\" target=\"_blank\">www.vhenin.canalblog.com<\/a><br>\n<strong>YouTube: <\/strong><a title=\"Vhenin&#039;s YouTube channel\" href=\"https:\/\/www.youtube.com\/channel\/UCFgRf_TU8ES5LJNMaKOr8Eg\" target=\"_blank\">The Vhenin Range <\/a><\/p>","protected":false},"excerpt":{"rendered":"<p>Comment se construit une case? Quelles sont les \u00e9tapes? Quelques images valent mieux qu&rsquo;un long discours! Enjoy! Timelapse BD \u00ab\u00a0Blateman &amp; Bobine 01\u00a0\u00bb -Vhenin \/ Tarek Le lien vers la vid\u00e9o sur ma cha\u00eene YouTube: <a href=\"https:\/\/www.youtube.com\/watch?v=utcLsZMj0ZQ\" rel=\"nofollow\">https:\/\/www.youtube.com\/watch?v=utcLsZMj0ZQ<\/a> Copyright \u00a9 Vincent Henin &#8211; Vhenin and Tarek + Tartamudo for this article No reproduction without permission Vhenin Portfolio: [&hellip;]<\/p>\n","protected":false},"author":74241772,"featured_media":1440,"comment_status":"open","ping_status":"open","sticky":false,"template":"","format":"standard","meta":{"_coblocks_attr":"","_coblocks_dimensions":"","_coblocks_responsive_height":"","_coblocks_accordion_ie_support":"","_crdt_document":"","advanced_seo_description":"","jetpack_seo_html_title":"","jetpack_seo_noindex":false,"_jetpack_newsletter_access":"","_jetpack_dont_email_post_to_subs":false,"_jetpack_newsletter_tier_id":0,"_jetpack_memberships_contains_paywalled_content":false,"_jetpack_memberships_contains_paid_content":false,"footnotes":"","jetpack_publicize_message":"","jetpack_publicize_feature_enabled":true,"jetpack_social_post_already_shared":false,"jetpack_social_options":{"image_generator_settings":{"template":"highway","default_image_id":0,"font":"","enabled":false},"version":2},"_wpas_customize_per_network":false,"jetpack_post_was_ever_published":false},"categories":[412],"tags":[44670,21752,263100701,1338044,546252760,35,346062291,346062282,39123,3968362,346062304,299480777],"class_list":["post-349","post","type-post","status-publish","format-standard","has-post-thumbnail","hentry","category-video","tag-bande-dessinee","tag-bd","tag-blateman","tag-bobine","tag-comics_book","tag-humour","tag-loindetout","tag-planche_bd","tag-super-heros","tag-tarek","tag-tome_1","tag-vhenin"],"jetpack_publicize_connections":[],"jetpack_featured_media_url":"https:\/\/i0.wp.com\/blateman-bobine.com\/wp-content\/uploads\/2024\/10\/462691224_10235738599505187_5836826645977011765_n.jpg?fit=1056%2C1350&ssl=1","jetpack_likes_enabled":true,"jetpack_sharing_enabled":true,"jetpack_shortlink":"https:\/\/wp.me\/p4LVhx-5D","jetpack-related-posts":[{"id":257,"url":"https:\/\/blateman-bobine.com\/en\/timelapse-video-blateman-bobine-a-loindetout-blateman-in-the-sky\/","url_meta":{"origin":349,"position":0},"title":"TIMELAPSE VIDEO - \" Blateman &amp; Bobine - Zombie-Attack! \" \/\/ Blateman in the sky","author":"Vhenin","date":"16 October 2015","format":false,"excerpt":"Les Beatles chantaient 'Lucy in the sky with diamonds'... Je chante 'Blateman in the sky with... with...' je sais pas quoi d'ailleurs! Voici un TimeLapse plus \u00e9labor\u00e9 et plus complet que le premier. Blateman se d\u00e9voile petit \u00e0 petit. Enjoy! Le prochain TimeLapse sera avec Bobine... Promis! Timelapse 02 BD\u2026","rel":"","context":"In &quot;Vid\u00e9o&quot;","block_context":{"text":"Vid\u00e9o","link":"https:\/\/blateman-bobine.com\/en\/category\/video\/"},"img":{"alt_text":"","src":"https:\/\/i0.wp.com\/blateman-bobine.com\/wp-content\/uploads\/2024\/10\/462691224_10235738599505187_5836826645977011765_n.jpg?fit=939%2C1200&ssl=1&resize=350%2C200","width":350,"height":200,"srcset":"https:\/\/i0.wp.com\/blateman-bobine.com\/wp-content\/uploads\/2024\/10\/462691224_10235738599505187_5836826645977011765_n.jpg?fit=939%2C1200&ssl=1&resize=350%2C200 1x, https:\/\/i0.wp.com\/blateman-bobine.com\/wp-content\/uploads\/2024\/10\/462691224_10235738599505187_5836826645977011765_n.jpg?fit=939%2C1200&ssl=1&resize=525%2C300 1.5x, https:\/\/i0.wp.com\/blateman-bobine.com\/wp-content\/uploads\/2024\/10\/462691224_10235738599505187_5836826645977011765_n.jpg?fit=939%2C1200&ssl=1&resize=700%2C400 2x"},"classes":[]},{"id":332,"url":"https:\/\/blateman-bobine.com\/en\/cartoonist-vhenin-presents-his-new-comic-strip-blateman-bobine\/","url_meta":{"origin":349,"position":1},"title":"Artist Vhenin presents his new comic strip \"Blateman &amp; Bobine\".","author":"Vhenin","date":"25 November 2015","format":false,"excerpt":"Bonjour, Voici une petite vid\u00e9o o\u00f9 je pr\u00e9sente la BD \"Blateman & Bobine\" et moi-m\u00eame\u00a0pour ceux qui ne me connaissent pas encore. La BD sort le 10 d\u00e9cembre 2015. On se voit bient\u00f4t dans un festival ou chez un libraire ;-) Copyright \u00a9 Vincent Henin - Vhenin and Tarek +\u2026","rel":"","context":"In &quot;Vid\u00e9o&quot;","block_context":{"text":"Vid\u00e9o","link":"https:\/\/blateman-bobine.com\/en\/category\/video\/"},"img":{"alt_text":"","src":"https:\/\/i0.wp.com\/blateman-bobine.com\/wp-content\/uploads\/2015\/11\/exemple_apparition_nom.jpg?fit=655%2C361&ssl=1&resize=350%2C200","width":350,"height":200,"srcset":"https:\/\/i0.wp.com\/blateman-bobine.com\/wp-content\/uploads\/2015\/11\/exemple_apparition_nom.jpg?fit=655%2C361&ssl=1&resize=350%2C200 1x, https:\/\/i0.wp.com\/blateman-bobine.com\/wp-content\/uploads\/2015\/11\/exemple_apparition_nom.jpg?fit=655%2C361&ssl=1&resize=525%2C300 1.5x"},"classes":[]},{"id":994,"url":"https:\/\/blateman-bobine.com\/en\/sobd-2016\/","url_meta":{"origin":349,"position":2},"title":"Vhenin at SoBD 2016 (Paris)","author":"Tarek Ben Yakhlef","date":"8 February 2017","format":false,"excerpt":"Vhenin and other \"Tartatmudois\" (inhabitants of the planet Tartamudo) were present at the Salon SoBD 2016 in Paris. Blateman &amp; Bobine' were a great success, with Vhenin even appearing in the Official Show Video (at around 3 min 38 sec...)! https:\/\/youtu.be\/RgVs0yj5UM8","rel":"","context":"In &quot;D\u00e9dicaces&quot;","block_context":{"text":"D\u00e9dicaces","link":"https:\/\/blateman-bobine.com\/en\/category\/dedications\/"},"img":{"alt_text":"","src":"https:\/\/i0.wp.com\/blateman-bobine.com\/wp-content\/uploads\/2024\/10\/462691224_10235738599505187_5836826645977011765_n.jpg?fit=939%2C1200&ssl=1&resize=350%2C200","width":350,"height":200,"srcset":"https:\/\/i0.wp.com\/blateman-bobine.com\/wp-content\/uploads\/2024\/10\/462691224_10235738599505187_5836826645977011765_n.jpg?fit=939%2C1200&ssl=1&resize=350%2C200 1x, https:\/\/i0.wp.com\/blateman-bobine.com\/wp-content\/uploads\/2024\/10\/462691224_10235738599505187_5836826645977011765_n.jpg?fit=939%2C1200&ssl=1&resize=525%2C300 1.5x, https:\/\/i0.wp.com\/blateman-bobine.com\/wp-content\/uploads\/2024\/10\/462691224_10235738599505187_5836826645977011765_n.jpg?fit=939%2C1200&ssl=1&resize=700%2C400 2x"},"classes":[]},{"id":364,"url":"https:\/\/blateman-bobine.com\/en\/blateman-bobine-in-dedication-at-the-sobd-festival-in-paris\/","url_meta":{"origin":349,"position":3},"title":"Blateman &amp; Bobine sign at the SoBD Festival (Paris)","author":"Vhenin","date":"29 November 2015","format":false,"excerpt":"Vhenin and Tarek will be at publisher Tartamudo's stand at the SoBD festival, the Paris comics fair: - When? 4, 5 and 6 December 2015 from 3pm to 7pm on Friday and 11am to 7pm on the other days - Where? Halle des Blancs Manteaux, 48 rue Vieille du Temple, Paris...","rel":"","context":"In &quot;D\u00e9dicaces&quot;","block_context":{"text":"D\u00e9dicaces","link":"https:\/\/blateman-bobine.com\/en\/category\/dedications\/"},"img":{"alt_text":"","src":"https:\/\/i0.wp.com\/blateman-bobine.com\/wp-content\/uploads\/2015\/11\/flyer-sobd-recto_tarek_vhenin.jpg?fit=848%2C1200&ssl=1&resize=350%2C200","width":350,"height":200,"srcset":"https:\/\/i0.wp.com\/blateman-bobine.com\/wp-content\/uploads\/2015\/11\/flyer-sobd-recto_tarek_vhenin.jpg?fit=848%2C1200&ssl=1&resize=350%2C200 1x, https:\/\/i0.wp.com\/blateman-bobine.com\/wp-content\/uploads\/2015\/11\/flyer-sobd-recto_tarek_vhenin.jpg?fit=848%2C1200&ssl=1&resize=525%2C300 1.5x, https:\/\/i0.wp.com\/blateman-bobine.com\/wp-content\/uploads\/2015\/11\/flyer-sobd-recto_tarek_vhenin.jpg?fit=848%2C1200&ssl=1&resize=700%2C400 2x"},"classes":[]},{"id":397,"url":"https:\/\/blateman-bobine.com\/en\/memories-of-the-blateman-bobine-dedication-at-sobd-2015-salon-de-la-bd-in-paris\/","url_meta":{"origin":349,"position":4},"title":"Memories of the \"Blateman &amp; Bobine\" signing session at SoBD 2015 - the Paris comics fair","author":"Vhenin","date":"7 December 2015","format":false,"excerpt":"Merci \u00e0 tous d'\u00eatre venus nous voir et bavarder avec nous au stand Tartamudo le week-end des 4, 5 et 6 d\u00e9cembre. Tarek et moi avions le plaisir d'\u00eatre en compagnie d'autres Tartamudois (Tartumud\u00e9ens?): Vincent Pompetti Jos\u00e9 Jover Rodolphe Merci \u00e0 Martine pour sa gentillesse et son support tout au\u2026","rel":"","context":"In &quot;D\u00e9dicaces&quot;","block_context":{"text":"D\u00e9dicaces","link":"https:\/\/blateman-bobine.com\/en\/category\/dedications\/"},"img":{"alt_text":"","src":"https:\/\/i0.wp.com\/blateman-bobine.com\/wp-content\/uploads\/2015\/12\/dsc_0091.jpg?fit=1200%2C800&ssl=1&resize=350%2C200","width":350,"height":200,"srcset":"https:\/\/i0.wp.com\/blateman-bobine.com\/wp-content\/uploads\/2015\/12\/dsc_0091.jpg?fit=1200%2C800&ssl=1&resize=350%2C200 1x, https:\/\/i0.wp.com\/blateman-bobine.com\/wp-content\/uploads\/2015\/12\/dsc_0091.jpg?fit=1200%2C800&ssl=1&resize=525%2C300 1.5x, https:\/\/i0.wp.com\/blateman-bobine.com\/wp-content\/uploads\/2015\/12\/dsc_0091.jpg?fit=1200%2C800&ssl=1&resize=700%2C400 2x, https:\/\/i0.wp.com\/blateman-bobine.com\/wp-content\/uploads\/2015\/12\/dsc_0091.jpg?fit=1200%2C800&ssl=1&resize=1050%2C600 3x"},"classes":[]},{"id":742,"url":"https:\/\/blateman-bobine.com\/en\/blateman-bobine-in-dedication-at-the-juvardeil-festilivres-fr-49\/","url_meta":{"origin":349,"position":5},"title":"Blateman &amp; Bobine sign at the Festilivres in Juvardeil (FR - 49)","author":"Vhenin","date":"23 September 2016","format":false,"excerpt":"Tarek et moi-m\u00eame, Vhenin, serons en d\u00e9dicaces pour d\u00e9fendre haut et fort les couleurs de nos deux super-h\u00e9ros de la loose, \"Blateman & Bobine\" \u00e0 JUVARDEIL au Festilivres le dimanche 25 septembre 2016 Venez nombreux ! Vhenin Portfolio: www.vhenin.be Facebook: Vincent Henin Comix Illustration (Vhenin) Le Blog de Vhenin: www.vhenin.canalblog.com\u2026","rel":"","context":"In &quot;D\u00e9dicaces&quot;","block_context":{"text":"D\u00e9dicaces","link":"https:\/\/blateman-bobine.com\/en\/category\/dedications\/"},"img":{"alt_text":"","src":"https:\/\/i0.wp.com\/blateman-bobine.com\/wp-content\/uploads\/2016\/09\/affiche_blateman_bobine_juvardeil.jpg?fit=500%2C800&ssl=1&resize=350%2C200","width":350,"height":200},"classes":[]}],"_links":{"self":[{"href":"https:\/\/blateman-bobine.com\/en\/wp-json\/wp\/v2\/posts\/349","targetHints":{"allow":["GET"]}}],"collection":[{"href":"https:\/\/blateman-bobine.com\/en\/wp-json\/wp\/v2\/posts"}],"about":[{"href":"https:\/\/blateman-bobine.com\/en\/wp-json\/wp\/v2\/types\/post"}],"author":[{"embeddable":true,"href":"https:\/\/blateman-bobine.com\/en\/wp-json\/wp\/v2\/users\/74241772"}],"replies":[{"embeddable":true,"href":"https:\/\/blateman-bobine.com\/en\/wp-json\/wp\/v2\/comments?post=349"}],"version-history":[{"count":12,"href":"https:\/\/blateman-bobine.com\/en\/wp-json\/wp\/v2\/posts\/349\/revisions"}],"predecessor-version":[{"id":1839,"href":"https:\/\/blateman-bobine.com\/en\/wp-json\/wp\/v2\/posts\/349\/revisions\/1839"}],"wp:featuredmedia":[{"embeddable":true,"href":"https:\/\/blateman-bobine.com\/en\/wp-json\/wp\/v2\/media\/1440"}],"wp:attachment":[{"href":"https:\/\/blateman-bobine.com\/en\/wp-json\/wp\/v2\/media?parent=349"}],"wp:term":[{"taxonomy":"category","embeddable":true,"href":"https:\/\/blateman-bobine.com\/en\/wp-json\/wp\/v2\/categories?post=349"},{"taxonomy":"post_tag","embeddable":true,"href":"https:\/\/blateman-bobine.com\/en\/wp-json\/wp\/v2\/tags?post=349"}],"curies":[{"name":"wp","href":"https:\/\/api.w.org\/{rel}","templated":true}]}}