{"id":430,"date":"2015-12-22T22:05:03","date_gmt":"2015-12-22T21:05:03","guid":{"rendered":"https:\/\/blateman-bobine.com\/fr\/?p=430"},"modified":"2015-12-30T22:32:46","modified_gmt":"2015-12-30T21:32:46","slug":"memories-of-the-blateman-reel-dedication-at-the-darlon-library","status":"publish","type":"post","link":"https:\/\/blateman-bobine.com\/en\/memories-of-the-blateman-reel-dedication-at-the-darlon-library\/","title":{"rendered":"Memories of the \"Blateman &amp; Bobine\" book signing at the Arlon library"},"content":{"rendered":"<p style=\"padding-right:5px;text-align:left;\">Mine de rien, quelque <strong>25-30\u00a0BD d\u00e9dicac\u00e9es<\/strong> (!) en 4 heures de temps et des chouettes rencontres!<br \/>\nLes enfants \u00e9taient attir\u00e9s par la BD. L&rsquo;un d&rsquo;eux m&rsquo;a demand\u00e9 en me quittant:<br \/>\n\u00ab\u00a0<em>C&rsquo;est quand que vous faites la deuxi\u00e8me..?<\/em>\u00a0\u00bb<br \/>\n\u00e7a fait plaisir \u00e0 entendre, je vous jure!..<\/p>\n<p style=\"text-align:left;\">Merci \u00e0\u00a0<strong>tout le personnel<\/strong>\u00a0de la Bib d&rsquo;Arlon (Belgique) pour leur accueil et l&rsquo;organisation.<\/p>\n<p style=\"text-align:left;\">Une tout grand merci aussi \u00e0 <em><strong>la lettre \u00e9carlate<\/strong><\/em>, belle librairie \u00e0 Arlon, partenaire pour la logistique et les ventes.<\/p>\n<p style=\"text-align:center;\">\u00e0 bient\u00f4t pour de nouvelles aventures!<\/p>\n<p style=\"text-align:center;\"><strong>ARLON 16\/12\/2015<\/strong><\/p>\n<p style=\"text-align:center;\"><strong>photos: <strong>\u00a9\u00a0<\/strong>V. Massin &#8211; une zine \u00e0 r\u00eaves<\/strong><\/p>\n<p style=\"text-align:center;\"><a href=\"https:\/\/i0.wp.com\/blateman-bobine.com\/fr\/wp-content\/uploads\/2015\/12\/masque_blateman-01.jpg?ssl=1\" target=\"_blank\"><img data-recalc-dims=\"1\" loading=\"lazy\" decoding=\"async\" data-attachment-id=\"461\" data-permalink=\"https:\/\/blateman-bobine.com\/en\/memories-of-the-blateman-reel-dedication-at-the-darlon-library\/masque_blateman-01\/\" data-orig-file=\"https:\/\/i0.wp.com\/blateman-bobine.com\/wp-content\/uploads\/2015\/12\/masque_blateman-01.jpg?fit=750%2C1000&amp;ssl=1\" data-orig-size=\"750,1000\" data-comments-opened=\"1\" data-image-meta=\"{&quot;aperture&quot;:&quot;0&quot;,&quot;credit&quot;:&quot;&quot;,&quot;camera&quot;:&quot;&quot;,&quot;caption&quot;:&quot;&quot;,&quot;created_timestamp&quot;:&quot;0&quot;,&quot;copyright&quot;:&quot;&quot;,&quot;focal_length&quot;:&quot;0&quot;,&quot;iso&quot;:&quot;0&quot;,&quot;shutter_speed&quot;:&quot;0&quot;,&quot;title&quot;:&quot;&quot;,&quot;orientation&quot;:&quot;0&quot;}\" data-image-title=\"Souvenirs de la D\u00e9dicace \u00ab\u00a0Blateman &amp;amp; Bobine\u00a0\u00bb \u00e0 la biblioth\u00e8que d&amp;rsquo;Arlon\" data-image-description=\"\" data-image-caption=\"\" data-large-file=\"https:\/\/i0.wp.com\/blateman-bobine.com\/wp-content\/uploads\/2015\/12\/masque_blateman-01.jpg?fit=750%2C1000&amp;ssl=1\" class=\"alignnone size-medium wp-image-461\" src=\"https:\/\/i0.wp.com\/blateman-bobine.com\/fr\/wp-content\/uploads\/2015\/12\/masque_blateman-01.jpg?resize=225%2C300&#038;ssl=1\" alt=\"Un jeune fan de Blateman et Bobine\" width=\"225\" height=\"300\" \/><br \/>\n<\/a><\/p>\n<p style=\"text-align:center;\"><em>Un fan \u00e0 la D\u00e9dicace \u00ab\u00a0Blateman &amp;\u00a0Bobine\u00a0\u00bb \u00e0 Arlon (Belgique)<\/em><\/p>\n<p class=\"jetpack-slideshow-noscript robots-nocontent\">This slideshow requires JavaScript.<\/p><div id=\"gallery-430-1-slideshow\" class=\"jetpack-slideshow-window jetpack-slideshow jetpack-slideshow-black\" data-trans=\"fade\" data-autostart=\"1\" data-gallery=\"[{&quot;src&quot;:&quot;https:\\\/\\\/i0.wp.com\\\/blateman-bobine.com\\\/wp-content\\\/uploads\\\/2015\\\/12\\\/img_20151216_144946-1000.jpg?fit=750%2C1000\\u0026ssl=1&quot;,&quot;id&quot;:&quot;457&quot;,&quot;title&quot;:&quot;Souvenirs de la D\\u00e9dicace \\u00ab\\u00a0Blateman \\u0026amp; Bobine\\u00a0\\u00bb \\u00e0 la biblioth\\u00e8que d\\u0026rsquo;Arlon&quot;,&quot;alt&quot;:&quot;&quot;,&quot;caption&quot;:&quot;&quot;,&quot;itemprop&quot;:&quot;image&quot;},{&quot;src&quot;:&quot;https:\\\/\\\/i0.wp.com\\\/blateman-bobine.com\\\/wp-content\\\/uploads\\\/2015\\\/12\\\/img_1795-1000.jpg?fit=666%2C1000\\u0026ssl=1&quot;,&quot;id&quot;:&quot;439&quot;,&quot;title&quot;:&quot;Souvenirs de la D\\u00e9dicace \\u00ab\\u00a0Blateman \\u0026amp; Bobine\\u00a0\\u00bb \\u00e0 la biblioth\\u00e8que d\\u0026rsquo;Arlon&quot;,&quot;alt&quot;:&quot;&quot;,&quot;caption&quot;:&quot;&quot;,&quot;itemprop&quot;:&quot;image&quot;},{&quot;src&quot;:&quot;https:\\\/\\\/i0.wp.com\\\/blateman-bobine.com\\\/wp-content\\\/uploads\\\/2015\\\/12\\\/img_1790-1000.jpg?fit=1000%2C666\\u0026ssl=1&quot;,&quot;id&quot;:&quot;442&quot;,&quot;title&quot;:&quot;Souvenirs de la D\\u00e9dicace \\u00ab\\u00a0Blateman \\u0026amp; Bobine\\u00a0\\u00bb \\u00e0 la biblioth\\u00e8que d\\u0026rsquo;Arlon&quot;,&quot;alt&quot;:&quot;&quot;,&quot;caption&quot;:&quot;&quot;,&quot;itemprop&quot;:&quot;image&quot;},{&quot;src&quot;:&quot;https:\\\/\\\/i0.wp.com\\\/blateman-bobine.com\\\/wp-content\\\/uploads\\\/2015\\\/12\\\/img_1796-1000.jpg?fit=666%2C1000\\u0026ssl=1&quot;,&quot;id&quot;:&quot;441&quot;,&quot;title&quot;:&quot;Souvenirs de la D\\u00e9dicace \\u00ab\\u00a0Blateman \\u0026amp; Bobine\\u00a0\\u00bb \\u00e0 la biblioth\\u00e8que d\\u0026rsquo;Arlon&quot;,&quot;alt&quot;:&quot;&quot;,&quot;caption&quot;:&quot;&quot;,&quot;itemprop&quot;:&quot;image&quot;},{&quot;src&quot;:&quot;https:\\\/\\\/i0.wp.com\\\/blateman-bobine.com\\\/wp-content\\\/uploads\\\/2015\\\/12\\\/img_1798-1000.jpg?fit=666%2C1000\\u0026ssl=1&quot;,&quot;id&quot;:&quot;448&quot;,&quot;title&quot;:&quot;Souvenirs de la D\\u00e9dicace \\u00ab\\u00a0Blateman \\u0026amp; Bobine\\u00a0\\u00bb \\u00e0 la biblioth\\u00e8que d\\u0026rsquo;Arlon&quot;,&quot;alt&quot;:&quot;&quot;,&quot;caption&quot;:&quot;&quot;,&quot;itemprop&quot;:&quot;image&quot;},{&quot;src&quot;:&quot;https:\\\/\\\/i0.wp.com\\\/blateman-bobine.com\\\/wp-content\\\/uploads\\\/2015\\\/12\\\/img_1806-1000.jpg?fit=1000%2C666\\u0026ssl=1&quot;,&quot;id&quot;:&quot;447&quot;,&quot;title&quot;:&quot;Souvenirs de la D\\u00e9dicace \\u00ab\\u00a0Blateman \\u0026amp; Bobine\\u00a0\\u00bb \\u00e0 la biblioth\\u00e8que d\\u0026rsquo;Arlon&quot;,&quot;alt&quot;:&quot;&quot;,&quot;caption&quot;:&quot;&quot;,&quot;itemprop&quot;:&quot;image&quot;},{&quot;src&quot;:&quot;https:\\\/\\\/i0.wp.com\\\/blateman-bobine.com\\\/wp-content\\\/uploads\\\/2015\\\/12\\\/img_1800-1000.jpg?fit=1000%2C666\\u0026ssl=1&quot;,&quot;id&quot;:&quot;444&quot;,&quot;title&quot;:&quot;Souvenirs de la D\\u00e9dicace \\u00ab\\u00a0Blateman \\u0026amp; Bobine\\u00a0\\u00bb \\u00e0 la biblioth\\u00e8que d\\u0026rsquo;Arlon&quot;,&quot;alt&quot;:&quot;&quot;,&quot;caption&quot;:&quot;&quot;,&quot;itemprop&quot;:&quot;image&quot;},{&quot;src&quot;:&quot;https:\\\/\\\/i0.wp.com\\\/blateman-bobine.com\\\/wp-content\\\/uploads\\\/2015\\\/12\\\/img_1813-1000.jpg?fit=1000%2C666\\u0026ssl=1&quot;,&quot;id&quot;:&quot;449&quot;,&quot;title&quot;:&quot;Souvenirs de la D\\u00e9dicace \\u00ab\\u00a0Blateman \\u0026amp; Bobine\\u00a0\\u00bb \\u00e0 la biblioth\\u00e8que d\\u0026rsquo;Arlon&quot;,&quot;alt&quot;:&quot;&quot;,&quot;caption&quot;:&quot;&quot;,&quot;itemprop&quot;:&quot;image&quot;},{&quot;src&quot;:&quot;https:\\\/\\\/i0.wp.com\\\/blateman-bobine.com\\\/wp-content\\\/uploads\\\/2015\\\/12\\\/img_1804-1000.jpg?fit=666%2C1000\\u0026ssl=1&quot;,&quot;id&quot;:&quot;446&quot;,&quot;title&quot;:&quot;Souvenirs de la D\\u00e9dicace \\u00ab\\u00a0Blateman \\u0026amp; Bobine\\u00a0\\u00bb \\u00e0 la biblioth\\u00e8que d\\u0026rsquo;Arlon&quot;,&quot;alt&quot;:&quot;&quot;,&quot;caption&quot;:&quot;&quot;,&quot;itemprop&quot;:&quot;image&quot;},{&quot;src&quot;:&quot;https:\\\/\\\/i0.wp.com\\\/blateman-bobine.com\\\/wp-content\\\/uploads\\\/2015\\\/12\\\/img_1812-1000.jpg?fit=666%2C1000\\u0026ssl=1&quot;,&quot;id&quot;:&quot;453&quot;,&quot;title&quot;:&quot;Souvenirs de la D\\u00e9dicace \\u00ab\\u00a0Blateman \\u0026amp; Bobine\\u00a0\\u00bb \\u00e0 la biblioth\\u00e8que d\\u0026rsquo;Arlon&quot;,&quot;alt&quot;:&quot;&quot;,&quot;caption&quot;:&quot;&quot;,&quot;itemprop&quot;:&quot;image&quot;},{&quot;src&quot;:&quot;https:\\\/\\\/i0.wp.com\\\/blateman-bobine.com\\\/wp-content\\\/uploads\\\/2015\\\/12\\\/img_1805-1000.jpg?fit=666%2C1000\\u0026ssl=1&quot;,&quot;id&quot;:&quot;450&quot;,&quot;title&quot;:&quot;Souvenirs de la D\\u00e9dicace \\u00ab\\u00a0Blateman \\u0026amp; Bobine\\u00a0\\u00bb \\u00e0 la biblioth\\u00e8que d\\u0026rsquo;Arlon&quot;,&quot;alt&quot;:&quot;&quot;,&quot;caption&quot;:&quot;&quot;,&quot;itemprop&quot;:&quot;image&quot;},{&quot;src&quot;:&quot;https:\\\/\\\/i0.wp.com\\\/blateman-bobine.com\\\/wp-content\\\/uploads\\\/2015\\\/12\\\/img_1789-1000.jpg?fit=666%2C1000\\u0026ssl=1&quot;,&quot;id&quot;:&quot;436&quot;,&quot;title&quot;:&quot;Souvenirs de la D\\u00e9dicace \\u00ab\\u00a0Blateman \\u0026amp; Bobine\\u00a0\\u00bb \\u00e0 la biblioth\\u00e8que d\\u0026rsquo;Arlon&quot;,&quot;alt&quot;:&quot;&quot;,&quot;caption&quot;:&quot;&quot;,&quot;itemprop&quot;:&quot;image&quot;},{&quot;src&quot;:&quot;https:\\\/\\\/i0.wp.com\\\/blateman-bobine.com\\\/wp-content\\\/uploads\\\/2015\\\/12\\\/img_1810-1000.jpg?fit=666%2C1000\\u0026ssl=1&quot;,&quot;id&quot;:&quot;451&quot;,&quot;title&quot;:&quot;Souvenirs de la D\\u00e9dicace \\u00ab\\u00a0Blateman \\u0026amp; Bobine\\u00a0\\u00bb \\u00e0 la biblioth\\u00e8que d\\u0026rsquo;Arlon&quot;,&quot;alt&quot;:&quot;&quot;,&quot;caption&quot;:&quot;&quot;,&quot;itemprop&quot;:&quot;image&quot;},{&quot;src&quot;:&quot;https:\\\/\\\/i0.wp.com\\\/blateman-bobine.com\\\/wp-content\\\/uploads\\\/2015\\\/12\\\/img_20151216_163134-1000.jpg?fit=750%2C1000\\u0026ssl=1&quot;,&quot;id&quot;:&quot;456&quot;,&quot;title&quot;:&quot;Souvenirs de la D\\u00e9dicace \\u00ab\\u00a0Blateman \\u0026amp; Bobine\\u00a0\\u00bb \\u00e0 la biblioth\\u00e8que d\\u0026rsquo;Arlon&quot;,&quot;alt&quot;:&quot;&quot;,&quot;caption&quot;:&quot;&quot;,&quot;itemprop&quot;:&quot;image&quot;},{&quot;src&quot;:&quot;https:\\\/\\\/i0.wp.com\\\/blateman-bobine.com\\\/wp-content\\\/uploads\\\/2015\\\/12\\\/img_20151216_140241-1000.jpg?fit=750%2C1000\\u0026ssl=1&quot;,&quot;id&quot;:&quot;452&quot;,&quot;title&quot;:&quot;Souvenirs de la D\\u00e9dicace \\u00ab\\u00a0Blateman \\u0026amp; Bobine\\u00a0\\u00bb \\u00e0 la biblioth\\u00e8que d\\u0026rsquo;Arlon&quot;,&quot;alt&quot;:&quot;&quot;,&quot;caption&quot;:&quot;&quot;,&quot;itemprop&quot;:&quot;image&quot;},{&quot;src&quot;:&quot;https:\\\/\\\/i0.wp.com\\\/blateman-bobine.com\\\/wp-content\\\/uploads\\\/2015\\\/12\\\/img_1793-1000.jpg?fit=1000%2C666\\u0026ssl=1&quot;,&quot;id&quot;:&quot;438&quot;,&quot;title&quot;:&quot;Souvenirs de la D\\u00e9dicace \\u00ab\\u00a0Blateman \\u0026amp; Bobine\\u00a0\\u00bb \\u00e0 la biblioth\\u00e8que d\\u0026rsquo;Arlon&quot;,&quot;alt&quot;:&quot;&quot;,&quot;caption&quot;:&quot;&quot;,&quot;itemprop&quot;:&quot;image&quot;},{&quot;src&quot;:&quot;https:\\\/\\\/i0.wp.com\\\/blateman-bobine.com\\\/wp-content\\\/uploads\\\/2015\\\/12\\\/img_1797-1000.jpg?fit=666%2C1000\\u0026ssl=1&quot;,&quot;id&quot;:&quot;445&quot;,&quot;title&quot;:&quot;Souvenirs de la D\\u00e9dicace \\u00ab\\u00a0Blateman \\u0026amp; Bobine\\u00a0\\u00bb \\u00e0 la biblioth\\u00e8que d\\u0026rsquo;Arlon&quot;,&quot;alt&quot;:&quot;&quot;,&quot;caption&quot;:&quot;&quot;,&quot;itemprop&quot;:&quot;image&quot;},{&quot;src&quot;:&quot;https:\\\/\\\/i0.wp.com\\\/blateman-bobine.com\\\/wp-content\\\/uploads\\\/2015\\\/12\\\/img_20151216_164303-1000.jpg?fit=750%2C1000\\u0026ssl=1&quot;,&quot;id&quot;:&quot;458&quot;,&quot;title&quot;:&quot;Souvenirs de la D\\u00e9dicace \\u00ab\\u00a0Blateman \\u0026amp; Bobine\\u00a0\\u00bb \\u00e0 la biblioth\\u00e8que d\\u0026rsquo;Arlon&quot;,&quot;alt&quot;:&quot;&quot;,&quot;caption&quot;:&quot;&quot;,&quot;itemprop&quot;:&quot;image&quot;},{&quot;src&quot;:&quot;https:\\\/\\\/i0.wp.com\\\/blateman-bobine.com\\\/wp-content\\\/uploads\\\/2015\\\/12\\\/img_1791-1000.jpg?fit=666%2C1000\\u0026ssl=1&quot;,&quot;id&quot;:&quot;440&quot;,&quot;title&quot;:&quot;Souvenirs de la D\\u00e9dicace \\u00ab\\u00a0Blateman \\u0026amp; Bobine\\u00a0\\u00bb \\u00e0 la biblioth\\u00e8que d\\u0026rsquo;Arlon&quot;,&quot;alt&quot;:&quot;&quot;,&quot;caption&quot;:&quot;&quot;,&quot;itemprop&quot;:&quot;image&quot;},{&quot;src&quot;:&quot;https:\\\/\\\/i0.wp.com\\\/blateman-bobine.com\\\/wp-content\\\/uploads\\\/2015\\\/12\\\/img_1802-1000.jpg?fit=1000%2C666\\u0026ssl=1&quot;,&quot;id&quot;:&quot;443&quot;,&quot;title&quot;:&quot;Souvenirs de la D\\u00e9dicace \\u00ab\\u00a0Blateman \\u0026amp; Bobine\\u00a0\\u00bb \\u00e0 la biblioth\\u00e8que d\\u0026rsquo;Arlon&quot;,&quot;alt&quot;:&quot;&quot;,&quot;caption&quot;:&quot;&quot;,&quot;itemprop&quot;:&quot;image&quot;},{&quot;src&quot;:&quot;https:\\\/\\\/i0.wp.com\\\/blateman-bobine.com\\\/wp-content\\\/uploads\\\/2015\\\/12\\\/img_20151216_144755-1000.jpg?fit=750%2C1000\\u0026ssl=1&quot;,&quot;id&quot;:&quot;455&quot;,&quot;title&quot;:&quot;Souvenirs de la D\\u00e9dicace \\u00ab\\u00a0Blateman \\u0026amp; Bobine\\u00a0\\u00bb \\u00e0 la biblioth\\u00e8que d\\u0026rsquo;Arlon&quot;,&quot;alt&quot;:&quot;&quot;,&quot;caption&quot;:&quot;&quot;,&quot;itemprop&quot;:&quot;image&quot;},{&quot;src&quot;:&quot;https:\\\/\\\/i0.wp.com\\\/blateman-bobine.com\\\/wp-content\\\/uploads\\\/2015\\\/12\\\/img_1792-1000.jpg?fit=1000%2C666\\u0026ssl=1&quot;,&quot;id&quot;:&quot;437&quot;,&quot;title&quot;:&quot;Souvenirs de la D\\u00e9dicace \\u00ab\\u00a0Blateman \\u0026amp; Bobine\\u00a0\\u00bb \\u00e0 la biblioth\\u00e8que d\\u0026rsquo;Arlon&quot;,&quot;alt&quot;:&quot;&quot;,&quot;caption&quot;:&quot;&quot;,&quot;itemprop&quot;:&quot;image&quot;},{&quot;src&quot;:&quot;https:\\\/\\\/i0.wp.com\\\/blateman-bobine.com\\\/wp-content\\\/uploads\\\/2015\\\/12\\\/img_20151216_134434-1000.jpg?fit=1000%2C750\\u0026ssl=1&quot;,&quot;id&quot;:&quot;454&quot;,&quot;title&quot;:&quot;Souvenirs de la D\\u00e9dicace \\u00ab\\u00a0Blateman \\u0026amp; Bobine\\u00a0\\u00bb \\u00e0 la biblioth\\u00e8que d\\u0026rsquo;Arlon&quot;,&quot;alt&quot;:&quot;&quot;,&quot;caption&quot;:&quot;&quot;,&quot;itemprop&quot;:&quot;image&quot;}]\" itemscope itemtype=\"https:\/\/schema.org\/ImageGallery\"><\/div>\n<p style=\"text-align:center;\">\n","protected":false},"excerpt":{"rendered":"<p>Mine de rien, quelque 25-30\u00a0BD d\u00e9dicac\u00e9es (!) en 4 heures de temps et des chouettes rencontres! Les enfants \u00e9taient attir\u00e9s par la BD. L&rsquo;un d&rsquo;eux m&rsquo;a demand\u00e9 en me quittant: \u00ab\u00a0C&rsquo;est quand que vous faites la deuxi\u00e8me..?\u00a0\u00bb \u00e7a fait plaisir \u00e0 entendre, je vous jure!.. Merci \u00e0\u00a0tout le personnel\u00a0de la Bib d&rsquo;Arlon (Belgique) pour leur [&hellip;]<\/p>\n","protected":false},"author":74241772,"featured_media":463,"comment_status":"open","ping_status":"open","sticky":false,"template":"","format":"standard","meta":{"_coblocks_attr":"","_coblocks_dimensions":"","_coblocks_responsive_height":"","_coblocks_accordion_ie_support":"","_crdt_document":"","advanced_seo_description":"","jetpack_seo_html_title":"","jetpack_seo_noindex":false,"_jetpack_newsletter_access":"","_jetpack_dont_email_post_to_subs":false,"_jetpack_newsletter_tier_id":0,"_jetpack_memberships_contains_paywalled_content":false,"_jetpack_memberships_contains_paid_content":false,"footnotes":"","jetpack_publicize_message":"","jetpack_publicize_feature_enabled":true,"jetpack_social_post_already_shared":false,"jetpack_social_options":{"image_generator_settings":{"template":"highway","default_image_id":0,"font":"","enabled":false},"version":2},"_wpas_customize_per_network":false,"jetpack_post_was_ever_published":false},"categories":[1223035],"tags":[14226,44670,21752,263100701,3883569,546252760,7808,346062291,39123,3968362,1536666,299480777],"class_list":["post-430","post","type-post","status-publish","format-standard","has-post-thumbnail","hentry","category-dedicaces","tag-aventure","tag-bande-dessinee","tag-bd","tag-blateman","tag-comics-book","tag-comics_book","tag-livre","tag-loindetout","tag-super-heros","tag-tarek","tag-tartamudo","tag-vhenin"],"jetpack_publicize_connections":[],"jetpack_featured_media_url":"https:\/\/i0.wp.com\/blateman-bobine.com\/wp-content\/uploads\/2015\/12\/une_dedicace_arlon_blateman_bobine.png?fit=1000%2C666&ssl=1","jetpack_likes_enabled":true,"jetpack_sharing_enabled":true,"jetpack_shortlink":"https:\/\/wp.me\/p4LVhx-6W","jetpack-related-posts":[{"id":299,"url":"https:\/\/blateman-bobine.com\/en\/blateman-bobine-in-dedication-at-arlon-16-december-2015-belgium\/","url_meta":{"origin":430,"position":0},"title":"Blateman &amp; Bobine sign in ARLON (Belgium) - 16 December 2015","author":"Vhenin","date":"21 November 2015","format":false,"excerpt":"Vincent Henin - Vhenin sera \u00e0 la Biblioth\u00e8que Communale d'Arlon\u00a0(Belgique): \u2022 Quand? le 16 d\u00e9cembre 2015 de 13h30 \u00e0 17h00 \u2022 O\u00f9? Biblioth\u00e8que et Ludoth\u00e8que d'Arlon,\u00a0Parc des Expositions 5, 6700 Arlon (Belgique) L'auteur\u00a0sera l\u00e0 pour la Premi\u00e8re de sa nouvelle BD car celle-ci sort officiellement quelques jours avant! D\u00e9dicace et\u2026","rel":"","context":"In &quot;D\u00e9dicaces&quot;","block_context":{"text":"D\u00e9dicaces","link":"https:\/\/blateman-bobine.com\/en\/category\/dedications\/"},"img":{"alt_text":"","src":"https:\/\/i0.wp.com\/blateman-bobine.com\/wp-content\/uploads\/2015\/11\/fin_infos_2.png?fit=1024%2C576&ssl=1&resize=350%2C200","width":350,"height":200,"srcset":"https:\/\/i0.wp.com\/blateman-bobine.com\/wp-content\/uploads\/2015\/11\/fin_infos_2.png?fit=1024%2C576&ssl=1&resize=350%2C200 1x, https:\/\/i0.wp.com\/blateman-bobine.com\/wp-content\/uploads\/2015\/11\/fin_infos_2.png?fit=1024%2C576&ssl=1&resize=525%2C300 1.5x, https:\/\/i0.wp.com\/blateman-bobine.com\/wp-content\/uploads\/2015\/11\/fin_infos_2.png?fit=1024%2C576&ssl=1&resize=700%2C400 2x"},"classes":[]},{"id":397,"url":"https:\/\/blateman-bobine.com\/en\/memories-of-the-blateman-bobine-dedication-at-sobd-2015-salon-de-la-bd-in-paris\/","url_meta":{"origin":430,"position":1},"title":"Memories of the \"Blateman &amp; Bobine\" signing session at SoBD 2015 - the Paris comics fair","author":"Vhenin","date":"7 December 2015","format":false,"excerpt":"Merci \u00e0 tous d'\u00eatre venus nous voir et bavarder avec nous au stand Tartamudo le week-end des 4, 5 et 6 d\u00e9cembre. Tarek et moi avions le plaisir d'\u00eatre en compagnie d'autres Tartamudois (Tartumud\u00e9ens?): Vincent Pompetti Jos\u00e9 Jover Rodolphe Merci \u00e0 Martine pour sa gentillesse et son support tout au\u2026","rel":"","context":"In &quot;D\u00e9dicaces&quot;","block_context":{"text":"D\u00e9dicaces","link":"https:\/\/blateman-bobine.com\/en\/category\/dedications\/"},"img":{"alt_text":"","src":"https:\/\/i0.wp.com\/blateman-bobine.com\/wp-content\/uploads\/2015\/12\/dsc_0091.jpg?fit=1200%2C800&ssl=1&resize=350%2C200","width":350,"height":200,"srcset":"https:\/\/i0.wp.com\/blateman-bobine.com\/wp-content\/uploads\/2015\/12\/dsc_0091.jpg?fit=1200%2C800&ssl=1&resize=350%2C200 1x, https:\/\/i0.wp.com\/blateman-bobine.com\/wp-content\/uploads\/2015\/12\/dsc_0091.jpg?fit=1200%2C800&ssl=1&resize=525%2C300 1.5x, https:\/\/i0.wp.com\/blateman-bobine.com\/wp-content\/uploads\/2015\/12\/dsc_0091.jpg?fit=1200%2C800&ssl=1&resize=700%2C400 2x, https:\/\/i0.wp.com\/blateman-bobine.com\/wp-content\/uploads\/2015\/12\/dsc_0091.jpg?fit=1200%2C800&ssl=1&resize=1050%2C600 3x"},"classes":[]},{"id":3325,"url":"https:\/\/blateman-bobine.com\/en\/blateman-bobine-emerveillent-a-verlaine\/","url_meta":{"origin":430,"position":2},"title":"Blateman &#038; Bobine \u00e9merveillent \u00e0 Verlaine","author":"Vhenin","date":"5 March 2026","format":false,"excerpt":"Blateman & Bobine \u00e9taient pr\u00e9sents \u00e0 la F\u00eate de la B.D. et du Livre Jeunesse de Verlaine le 8 f\u00e9vrier. L\u2019\u00e9v\u00e9nement a offert un accueil exceptionnel, avec une organisation impeccable et une ambiance chaleureuse. Une journ\u00e9e au top pour nos super-h\u00e9ros\u2026 ou plut\u00f4t super-z\u00e9ros !","rel":"","context":"In &quot;D\u00e9dicaces&quot;","block_context":{"text":"D\u00e9dicaces","link":"https:\/\/blateman-bobine.com\/en\/category\/dedications\/"},"img":{"alt_text":"Blateman & Bobine - Fete de la BD et du livre jeunesse - Verlaine 2026","src":"https:\/\/i0.wp.com\/blateman-bobine.com\/wp-content\/uploads\/2026\/03\/IMG_20260208_112256_Bokeh-WEB.jpg?fit=800%2C600&ssl=1&resize=350%2C200","width":350,"height":200,"srcset":"https:\/\/i0.wp.com\/blateman-bobine.com\/wp-content\/uploads\/2026\/03\/IMG_20260208_112256_Bokeh-WEB.jpg?fit=800%2C600&ssl=1&resize=350%2C200 1x, https:\/\/i0.wp.com\/blateman-bobine.com\/wp-content\/uploads\/2026\/03\/IMG_20260208_112256_Bokeh-WEB.jpg?fit=800%2C600&ssl=1&resize=525%2C300 1.5x, https:\/\/i0.wp.com\/blateman-bobine.com\/wp-content\/uploads\/2026\/03\/IMG_20260208_112256_Bokeh-WEB.jpg?fit=800%2C600&ssl=1&resize=700%2C400 2x"},"classes":[]},{"id":870,"url":"https:\/\/blateman-bobine.com\/en\/blateman-bobine-will-be-signing-at-the-salon-sobd-in-paris-on-3-december-2016\/","url_meta":{"origin":430,"position":3},"title":"Blateman &amp; Bobine sign in Paris - Salon SoBD - 3 December 2016","author":"Vhenin","date":"28 November 2016","format":false,"excerpt":"Hello! Le dessinateur Vhenin sera pr\u00e9sent toute la journ\u00e9e du samedi 3 d\u00e9cembre 2016 pour signer et d\u00e9dicacer sa BD \"Blateman & Bobine\" au stand Tartamudo. Salon SoBD - La BD au coeur de Paris Halle des Blancs-Manteaux, Paris IVe 48 rue Vieille-du-Temple, entr\u00e9e libre Vhenin Portfolio: www.vhenin.be Facebook: Vincent\u2026","rel":"","context":"In &quot;D\u00e9dicaces&quot;","block_context":{"text":"D\u00e9dicaces","link":"https:\/\/blateman-bobine.com\/en\/category\/dedications\/"},"img":{"alt_text":"","src":"https:\/\/i0.wp.com\/blateman-bobine.com\/wp-content\/uploads\/2016\/11\/affiche-sobdjpg.jpg?fit=728%2C1030&ssl=1&resize=350%2C200","width":350,"height":200,"srcset":"https:\/\/i0.wp.com\/blateman-bobine.com\/wp-content\/uploads\/2016\/11\/affiche-sobdjpg.jpg?fit=728%2C1030&ssl=1&resize=350%2C200 1x, https:\/\/i0.wp.com\/blateman-bobine.com\/wp-content\/uploads\/2016\/11\/affiche-sobdjpg.jpg?fit=728%2C1030&ssl=1&resize=525%2C300 1.5x, https:\/\/i0.wp.com\/blateman-bobine.com\/wp-content\/uploads\/2016\/11\/affiche-sobdjpg.jpg?fit=728%2C1030&ssl=1&resize=700%2C400 2x"},"classes":[]},{"id":797,"url":"https:\/\/blateman-bobine.com\/en\/salon-bd-de-bulleberry-2016\/","url_meta":{"origin":430,"position":4},"title":"BulleBerry Comics Fair 2016","author":"","date":"4 October 2016","format":false,"excerpt":"\u2605\u2605\u2605 Tarek will be signing at the BulleBerry comics fair in Bourges from 1 to 2 Oct. \u2605\u2605\u2605 The Blateman et Bobine mousepad is now on sale for 10 euros!","rel":"","context":"In &quot;D\u00e9dicaces&quot;","block_context":{"text":"D\u00e9dicaces","link":"https:\/\/blateman-bobine.com\/en\/category\/dedications\/"},"img":{"alt_text":"","src":"https:\/\/i0.wp.com\/blateman-bobine.com\/wp-content\/uploads\/2016\/10\/p1450071.jpg?fit=1024%2C684&ssl=1&resize=350%2C200","width":350,"height":200,"srcset":"https:\/\/i0.wp.com\/blateman-bobine.com\/wp-content\/uploads\/2016\/10\/p1450071.jpg?fit=1024%2C684&ssl=1&resize=350%2C200 1x, https:\/\/i0.wp.com\/blateman-bobine.com\/wp-content\/uploads\/2016\/10\/p1450071.jpg?fit=1024%2C684&ssl=1&resize=525%2C300 1.5x, https:\/\/i0.wp.com\/blateman-bobine.com\/wp-content\/uploads\/2016\/10\/p1450071.jpg?fit=1024%2C684&ssl=1&resize=700%2C400 2x"},"classes":[]},{"id":1086,"url":"https:\/\/blateman-bobine.com\/en\/we-were-at-the-waterloo-cultural-centre\/","url_meta":{"origin":430,"position":5},"title":"We were at the Centre Culturel de Waterloo","author":"Tarek Ben Yakhlef","date":"17 March 2017","format":false,"excerpt":"A look back at 20 years of comics at the Centre Culturel de Waterloo An exhibition that ran from 03 February to 24 February 2017 Comic strips by Blateman &amp; Bobine were on show to mark 20 years of comics at the Centre Culturel de Waterloo.","rel":"","context":"In &quot;Around Blateman&quot;","block_context":{"text":"Around Blateman","link":"https:\/\/blateman-bobine.com\/en\/category\/around-blateman\/"},"img":{"alt_text":"","src":"https:\/\/i0.wp.com\/blateman-bobine.com\/wp-content\/uploads\/2017\/03\/16681842_10155047340615844_360272917447011356_n.jpg?fit=960%2C640&ssl=1&resize=350%2C200","width":350,"height":200,"srcset":"https:\/\/i0.wp.com\/blateman-bobine.com\/wp-content\/uploads\/2017\/03\/16681842_10155047340615844_360272917447011356_n.jpg?fit=960%2C640&ssl=1&resize=350%2C200 1x, https:\/\/i0.wp.com\/blateman-bobine.com\/wp-content\/uploads\/2017\/03\/16681842_10155047340615844_360272917447011356_n.jpg?fit=960%2C640&ssl=1&resize=525%2C300 1.5x, https:\/\/i0.wp.com\/blateman-bobine.com\/wp-content\/uploads\/2017\/03\/16681842_10155047340615844_360272917447011356_n.jpg?fit=960%2C640&ssl=1&resize=700%2C400 2x"},"classes":[]}],"_links":{"self":[{"href":"https:\/\/blateman-bobine.com\/en\/wp-json\/wp\/v2\/posts\/430","targetHints":{"allow":["GET"]}}],"collection":[{"href":"https:\/\/blateman-bobine.com\/en\/wp-json\/wp\/v2\/posts"}],"about":[{"href":"https:\/\/blateman-bobine.com\/en\/wp-json\/wp\/v2\/types\/post"}],"author":[{"embeddable":true,"href":"https:\/\/blateman-bobine.com\/en\/wp-json\/wp\/v2\/users\/74241772"}],"replies":[{"embeddable":true,"href":"https:\/\/blateman-bobine.com\/en\/wp-json\/wp\/v2\/comments?post=430"}],"version-history":[{"count":13,"href":"https:\/\/blateman-bobine.com\/en\/wp-json\/wp\/v2\/posts\/430\/revisions"}],"predecessor-version":[{"id":465,"href":"https:\/\/blateman-bobine.com\/en\/wp-json\/wp\/v2\/posts\/430\/revisions\/465"}],"wp:featuredmedia":[{"embeddable":true,"href":"https:\/\/blateman-bobine.com\/en\/wp-json\/wp\/v2\/media\/463"}],"wp:attachment":[{"href":"https:\/\/blateman-bobine.com\/en\/wp-json\/wp\/v2\/media?parent=430"}],"wp:term":[{"taxonomy":"category","embeddable":true,"href":"https:\/\/blateman-bobine.com\/en\/wp-json\/wp\/v2\/categories?post=430"},{"taxonomy":"post_tag","embeddable":true,"href":"https:\/\/blateman-bobine.com\/en\/wp-json\/wp\/v2\/tags?post=430"}],"curies":[{"name":"wp","href":"https:\/\/api.w.org\/{rel}","templated":true}]}}