{"id":507,"date":"2016-02-29T20:17:32","date_gmt":"2016-02-29T19:17:32","guid":{"rendered":"https:\/\/blateman-bobine.com\/fr\/?p=507"},"modified":"2025-03-28T10:15:20","modified_gmt":"2025-03-28T09:15:20","slug":"vhenin-to-sign-at-fnac-la-toison-dor-in-brussels-on-5-march","status":"publish","type":"post","link":"https:\/\/blateman-bobine.com\/en\/vhenin-to-sign-at-fnac-la-toison-dor-in-brussels-on-5-march\/","title":{"rendered":"Vhenin to sign at FNAC la Toison d'Or in Brussels on 5 March"},"content":{"rendered":"<p>Vhenin will be holding a special signing session for 'Blateman &amp; Bobine' at the FNAC de la Toison d'Or in Brussels on 5 March from 2pm.<\/p>\n<p><img data-recalc-dims=\"1\" loading=\"lazy\" decoding=\"async\" data-attachment-id=\"512\" data-permalink=\"https:\/\/blateman-bobine.com\/en\/vhenin-to-sign-at-fnac-la-toison-dor-in-brussels-on-5-march\/dedicace_toison-dor_vhenin_blateman_bobine\/\" data-orig-file=\"https:\/\/i0.wp.com\/blateman-bobine.com\/wp-content\/uploads\/2016\/02\/dedicace_toison-dor_vhenin_blateman_bobine.jpg?fit=900%2C691&amp;ssl=1\" data-orig-size=\"900,691\" data-comments-opened=\"1\" data-image-meta=\"{&quot;aperture&quot;:&quot;0&quot;,&quot;credit&quot;:&quot;&quot;,&quot;camera&quot;:&quot;&quot;,&quot;caption&quot;:&quot;&quot;,&quot;created_timestamp&quot;:&quot;0&quot;,&quot;copyright&quot;:&quot;&quot;,&quot;focal_length&quot;:&quot;0&quot;,&quot;iso&quot;:&quot;0&quot;,&quot;shutter_speed&quot;:&quot;0&quot;,&quot;title&quot;:&quot;&quot;,&quot;orientation&quot;:&quot;0&quot;}\" data-image-title=\"Blateman et Bobine &amp;#8211; La BD\" data-image-description=\"\" data-image-caption=\"\" data-large-file=\"https:\/\/i0.wp.com\/blateman-bobine.com\/wp-content\/uploads\/2016\/02\/dedicace_toison-dor_vhenin_blateman_bobine.jpg?fit=900%2C691&amp;ssl=1\" class=\"alignnone size-full wp-image-512\" src=\"https:\/\/i0.wp.com\/blateman-bobine.com\/fr\/wp-content\/uploads\/2016\/02\/dedicace_toison-dor_vhenin_blateman_bobine.jpg?resize=900%2C691&#038;ssl=1\" alt=\"dedicace_toison-d&#039;or_vhenin_blateman_bobine\" width=\"900\" height=\"691\" \/><\/p>","protected":false},"excerpt":{"rendered":"<p>Vhenin will be holding a special signing session for 'Blateman &amp; Bobine' at the FNAC de la Toison d'Or in Brussels on 5 March from 2pm.<\/p>","protected":false},"author":16213113,"featured_media":512,"comment_status":"open","ping_status":"open","sticky":false,"template":"","format":"standard","meta":{"_coblocks_attr":"","_coblocks_dimensions":"","_coblocks_responsive_height":"","_coblocks_accordion_ie_support":"","_crdt_document":"","advanced_seo_description":"","jetpack_seo_html_title":"","jetpack_seo_noindex":false,"_jetpack_newsletter_access":"","_jetpack_dont_email_post_to_subs":false,"_jetpack_newsletter_tier_id":0,"_jetpack_memberships_contains_paywalled_content":false,"_jetpack_memberships_contains_paid_content":false,"footnotes":"","jetpack_publicize_message":"","jetpack_publicize_feature_enabled":true,"jetpack_social_post_already_shared":false,"jetpack_social_options":{"image_generator_settings":{"template":"highway","default_image_id":0,"font":"","enabled":false},"version":2},"_wpas_customize_per_network":false,"jetpack_post_was_ever_published":false},"categories":[1223035],"tags":[44670,21752,263100701,1338044,1417453,346062291,3968362,1536666,299480777],"class_list":["post-507","post","type-post","status-publish","format-standard","has-post-thumbnail","hentry","category-dedicaces","tag-bande-dessinee","tag-bd","tag-blateman","tag-bobine","tag-dedicace","tag-loindetout","tag-tarek","tag-tartamudo","tag-vhenin"],"jetpack_publicize_connections":[],"jetpack_featured_media_url":"https:\/\/i0.wp.com\/blateman-bobine.com\/wp-content\/uploads\/2016\/02\/dedicace_toison-dor_vhenin_blateman_bobine.jpg?fit=900%2C691&ssl=1","jetpack_likes_enabled":true,"jetpack_sharing_enabled":true,"jetpack_shortlink":"https:\/\/wp.me\/p4LVhx-8b","jetpack-related-posts":[{"id":535,"url":"https:\/\/blateman-bobine.com\/en\/souvenirs-dedicace-blateman-bobine-a-la-fnac-toison-dor-de-bruxelles\/","url_meta":{"origin":507,"position":0},"title":"Souvenirs of the \"Blateman &amp; Bobine\" signing at the FNAC Toison d'Or in Brussels","author":"Vhenin","date":"12 April 2016","format":false,"excerpt":"Souvenirs de la d\u00e9dicace du 5 mars dernier. Merci \u00e0 Anthony, Issara, Coralie et les autres... \u00c0 refaire absolument ! Vhenin Portfolio: www.vhenin.be\u00a0et www.vincent-henin.be Facebook: Vincent Henin Comix Illustration (Vhenin) Le Blog de Vhenin: www.vhenin.canalblog.com YouTube: La Cha\u00eene de Vhenin","rel":"","context":"In &quot;D\u00e9dicaces&quot;","block_context":{"text":"D\u00e9dicaces","link":"https:\/\/blateman-bobine.com\/en\/category\/dedications\/"},"img":{"alt_text":"","src":"https:\/\/i0.wp.com\/blateman-bobine.com\/wp-content\/uploads\/2016\/04\/fnac_blateman_bobine_05032016_b.jpg?fit=750%2C1000&ssl=1&resize=350%2C200","width":350,"height":200,"srcset":"https:\/\/i0.wp.com\/blateman-bobine.com\/wp-content\/uploads\/2016\/04\/fnac_blateman_bobine_05032016_b.jpg?fit=750%2C1000&ssl=1&resize=350%2C200 1x, https:\/\/i0.wp.com\/blateman-bobine.com\/wp-content\/uploads\/2016\/04\/fnac_blateman_bobine_05032016_b.jpg?fit=750%2C1000&ssl=1&resize=525%2C300 1.5x, https:\/\/i0.wp.com\/blateman-bobine.com\/wp-content\/uploads\/2016\/04\/fnac_blateman_bobine_05032016_b.jpg?fit=750%2C1000&ssl=1&resize=700%2C400 2x"},"classes":[]},{"id":677,"url":"https:\/\/blateman-bobine.com\/en\/blateman-bobine-en-dedicace-a-la-fete-de-la-bd-de-bruxelles\/","url_meta":{"origin":507,"position":1},"title":"Blateman &amp; Bobine sign at the Brussels Comic Book Festival","author":"Vhenin","date":"28 August 2016","format":false,"excerpt":"Venez les rencontrer \u00e0 la F\u00eate de la BD de Bruxelles le weekend du 2, 3 et 4 septembre prochains... Je d\u00e9dicace \"Blateman & Bobine \u00e0 Loindetout\" (et aussi mes BD sous le nom de Vincent Henin,\"Les Voyages d'Alix\")... Venez d\u00e9couvrir deux univers \u00e0 part, deux facettes de mon dessin\u2026","rel":"","context":"In &quot;D\u00e9dicaces&quot;","block_context":{"text":"D\u00e9dicaces","link":"https:\/\/blateman-bobine.com\/en\/category\/dedications\/"},"img":{"alt_text":"","src":"https:\/\/i0.wp.com\/blateman-bobine.com\/wp-content\/uploads\/2016\/08\/annonce_fete_bd_bxl_2016.jpg?fit=900%2C862&ssl=1&resize=350%2C200","width":350,"height":200,"srcset":"https:\/\/i0.wp.com\/blateman-bobine.com\/wp-content\/uploads\/2016\/08\/annonce_fete_bd_bxl_2016.jpg?fit=900%2C862&ssl=1&resize=350%2C200 1x, https:\/\/i0.wp.com\/blateman-bobine.com\/wp-content\/uploads\/2016\/08\/annonce_fete_bd_bxl_2016.jpg?fit=900%2C862&ssl=1&resize=525%2C300 1.5x, https:\/\/i0.wp.com\/blateman-bobine.com\/wp-content\/uploads\/2016\/08\/annonce_fete_bd_bxl_2016.jpg?fit=900%2C862&ssl=1&resize=700%2C400 2x"},"classes":[]},{"id":500,"url":"https:\/\/blateman-bobine.com\/en\/souvenirs-dedicace-blateman-bobine-a-la-librairie-brusel-de-flagey-bruxelles\/","url_meta":{"origin":507,"position":2},"title":"Souvenirs of the signing of \"Blateman &amp; Bobine\" at the Br\u00fcsel bookshop in Flagey (Brussels)","author":"Vhenin","date":"26 February 2016","format":false,"excerpt":"Merci \u00e0 Quentin et \u00e0 toute l'\u00e9quipe pour leur accueil chaleureux! C'\u00e9tait le 18\/02 dernier (voir article). J'\u00e9tais en compagnie du dessinateur-sc\u00e9nariste Ben Dessy. Merci \u00e0 tous d'\u00eatre venus! photos: \u00a9Leila Khemissi (pas de reproduction sans l'autorisation de l'auteur -\u00a0http:\/\/www.leilakhemissi.be\/) Vhenin Portfolio: www.vhenin.be\u00a0et www.vincent-henin.be Facebook: Vincent Henin Comix Illustration (Vhenin)\u2026","rel":"","context":"In &quot;D\u00e9dicaces&quot;","block_context":{"text":"D\u00e9dicaces","link":"https:\/\/blateman-bobine.com\/en\/category\/dedications\/"},"img":{"alt_text":"","src":"https:\/\/i0.wp.com\/blateman-bobine.com\/wp-content\/uploads\/2016\/02\/blateman_bobine_bruxelles-13.jpg?fit=600%2C400&ssl=1&resize=350%2C200","width":350,"height":200,"srcset":"https:\/\/i0.wp.com\/blateman-bobine.com\/wp-content\/uploads\/2016\/02\/blateman_bobine_bruxelles-13.jpg?fit=600%2C400&ssl=1&resize=350%2C200 1x, https:\/\/i0.wp.com\/blateman-bobine.com\/wp-content\/uploads\/2016\/02\/blateman_bobine_bruxelles-13.jpg?fit=600%2C400&ssl=1&resize=525%2C300 1.5x"},"classes":[]},{"id":487,"url":"https:\/\/blateman-bobine.com\/en\/487\/","url_meta":{"origin":507,"position":3},"title":"Book signing at the Br\u00fcsel bookshop - Place Flagey (Brussels) - Thursday 18 February 2016","author":"Vhenin","date":"7 February 2016","format":false,"excerpt":"Dans le cadre des actions autour de la Foire du Livre de Bruxelles 2016, je d\u00e9dicace dans une des plus chouettes librairies de la capitale, \"Br\u00fcsel\" sur la Place Flagey (Bruxelles, Ixelles). Ma derni\u00e8re BD \"Blateman & Bobine\" y sera mise \u00e0 l'honneur! Venez la d\u00e9couvrir et la d\u00e9corer d'une\u2026","rel":"","context":"In &quot;D\u00e9dicaces&quot;","block_context":{"text":"D\u00e9dicaces","link":"https:\/\/blateman-bobine.com\/en\/category\/dedications\/"},"img":{"alt_text":"","src":"https:\/\/i0.wp.com\/blateman-bobine.com\/wp-content\/uploads\/2016\/09\/fete_de_la_bd_bruxelles_2016-18.jpg?fit=900%2C600&ssl=1&resize=350%2C200","width":350,"height":200,"srcset":"https:\/\/i0.wp.com\/blateman-bobine.com\/wp-content\/uploads\/2016\/09\/fete_de_la_bd_bruxelles_2016-18.jpg?fit=900%2C600&ssl=1&resize=350%2C200 1x, https:\/\/i0.wp.com\/blateman-bobine.com\/wp-content\/uploads\/2016\/09\/fete_de_la_bd_bruxelles_2016-18.jpg?fit=900%2C600&ssl=1&resize=525%2C300 1.5x, https:\/\/i0.wp.com\/blateman-bobine.com\/wp-content\/uploads\/2016\/09\/fete_de_la_bd_bruxelles_2016-18.jpg?fit=900%2C600&ssl=1&resize=700%2C400 2x"},"classes":[]},{"id":1679,"url":"https:\/\/blateman-bobine.com\/en\/blateman-reel-exhibition-14-and-15-march-2025\/","url_meta":{"origin":507,"position":4},"title":"Blateman &amp; Bobine' exhibition - 14 and 15 March 2025","author":"Vhenin","date":"28 February 2025","format":false,"excerpt":"D\u00e9tails de l'exposition \"Blateman & Bobine\" \u00e0 la ferme Holleken \u00e0 Linkebeek, pr\u00e8s de Bruxelles les 14 et 15 mars 2025. Dessinateur: Vhenin. Editeur: ABA Academy","rel":"","context":"In &quot;D\u00e9dicaces&quot;","block_context":{"text":"D\u00e9dicaces","link":"https:\/\/blateman-bobine.com\/en\/category\/dedications\/"},"img":{"alt_text":"Exposition Vhenin, Blateman & Bobine, 14 et 15 mars 2025","src":"https:\/\/i0.wp.com\/blateman-bobine.com\/wp-content\/uploads\/2025\/02\/expo-blateman_bobine-02_web.jpg?fit=800%2C622&ssl=1&resize=350%2C200","width":350,"height":200,"srcset":"https:\/\/i0.wp.com\/blateman-bobine.com\/wp-content\/uploads\/2025\/02\/expo-blateman_bobine-02_web.jpg?fit=800%2C622&ssl=1&resize=350%2C200 1x, https:\/\/i0.wp.com\/blateman-bobine.com\/wp-content\/uploads\/2025\/02\/expo-blateman_bobine-02_web.jpg?fit=800%2C622&ssl=1&resize=525%2C300 1.5x, https:\/\/i0.wp.com\/blateman-bobine.com\/wp-content\/uploads\/2025\/02\/expo-blateman_bobine-02_web.jpg?fit=800%2C622&ssl=1&resize=700%2C400 2x"},"classes":[]},{"id":749,"url":"https:\/\/blateman-bobine.com\/en\/memories-of-the-brussels-bd-festival\/","url_meta":{"origin":507,"position":5},"title":"Memories of the Brussels Comic Festival","author":"Vhenin","date":"23 September 2016","format":false,"excerpt":"C'\u00e9tait les 3 et 4 septembre derniers. Une excellente \u00e9dition de ce Festival international tenu dans le somptueux cadre du parc de Bruxelles, en face du Palais Royal. La Blatte et son assistant \u00e0 la tignasse jaune \u00e9taient l\u00e0 en force! \"Blateman & Bobine\" (sous le pseudo de 'Vhenin') a\u2026","rel":"","context":"In &quot;D\u00e9dicaces&quot;","block_context":{"text":"D\u00e9dicaces","link":"https:\/\/blateman-bobine.com\/en\/category\/dedications\/"},"img":{"alt_text":"","src":"https:\/\/i0.wp.com\/blateman-bobine.com\/wp-content\/uploads\/2016\/09\/blateman_bobine_super_heros_fete_bd_bruxelles_web.jpg?fit=600%2C848&ssl=1&resize=350%2C200","width":350,"height":200,"srcset":"https:\/\/i0.wp.com\/blateman-bobine.com\/wp-content\/uploads\/2016\/09\/blateman_bobine_super_heros_fete_bd_bruxelles_web.jpg?fit=600%2C848&ssl=1&resize=350%2C200 1x, https:\/\/i0.wp.com\/blateman-bobine.com\/wp-content\/uploads\/2016\/09\/blateman_bobine_super_heros_fete_bd_bruxelles_web.jpg?fit=600%2C848&ssl=1&resize=525%2C300 1.5x"},"classes":[]}],"_links":{"self":[{"href":"https:\/\/blateman-bobine.com\/en\/wp-json\/wp\/v2\/posts\/507","targetHints":{"allow":["GET"]}}],"collection":[{"href":"https:\/\/blateman-bobine.com\/en\/wp-json\/wp\/v2\/posts"}],"about":[{"href":"https:\/\/blateman-bobine.com\/en\/wp-json\/wp\/v2\/types\/post"}],"author":[{"embeddable":true,"href":"https:\/\/blateman-bobine.com\/en\/wp-json\/wp\/v2\/users\/16213113"}],"replies":[{"embeddable":true,"href":"https:\/\/blateman-bobine.com\/en\/wp-json\/wp\/v2\/comments?post=507"}],"version-history":[{"count":2,"href":"https:\/\/blateman-bobine.com\/en\/wp-json\/wp\/v2\/posts\/507\/revisions"}],"predecessor-version":[{"id":513,"href":"https:\/\/blateman-bobine.com\/en\/wp-json\/wp\/v2\/posts\/507\/revisions\/513"}],"wp:featuredmedia":[{"embeddable":true,"href":"https:\/\/blateman-bobine.com\/en\/wp-json\/wp\/v2\/media\/512"}],"wp:attachment":[{"href":"https:\/\/blateman-bobine.com\/en\/wp-json\/wp\/v2\/media?parent=507"}],"wp:term":[{"taxonomy":"category","embeddable":true,"href":"https:\/\/blateman-bobine.com\/en\/wp-json\/wp\/v2\/categories?post=507"},{"taxonomy":"post_tag","embeddable":true,"href":"https:\/\/blateman-bobine.com\/en\/wp-json\/wp\/v2\/tags?post=507"}],"curies":[{"name":"wp","href":"https:\/\/api.w.org\/{rel}","templated":true}]}}