{"id":535,"date":"2016-04-12T17:17:13","date_gmt":"2016-04-12T16:17:13","guid":{"rendered":"https:\/\/blateman-bobine.com\/fr\/?p=535"},"modified":"2016-04-12T17:17:13","modified_gmt":"2016-04-12T16:17:13","slug":"souvenirs-dedicace-blateman-bobine-a-la-fnac-toison-dor-de-bruxelles","status":"publish","type":"post","link":"https:\/\/blateman-bobine.com\/en\/souvenirs-dedicace-blateman-bobine-a-la-fnac-toison-dor-de-bruxelles\/","title":{"rendered":"Souvenirs of the \"Blateman &amp; Bobine\" signing at the FNAC Toison d'Or in Brussels"},"content":{"rendered":"<p style=\"text-align:left;\">Souvenirs de la <strong>dedication<\/strong> du <strong>5 mars dernier<\/strong>.<\/p>\n<p style=\"text-align:left;\">Merci \u00e0 Anthony, Issara, Coralie et les autres&#8230; <em>\u00c0 refaire absolument <\/em>!<\/p>\n<p style=\"text-align:center;\">\n<div class=\"tiled-gallery type-circle tiled-gallery-unresized\" data-original-width=\"500\" data-carousel-extra='{&quot;blog_id&quot;:1,&quot;permalink&quot;:&quot;https:\\\/\\\/blateman-bobine.com\\\/en\\\/souvenirs-dedicace-blateman-bobine-a-la-fnac-toison-dor-de-bruxelles\\\/&quot;,&quot;likes_blog_id&quot;:70526955}' itemscope itemtype=\"http:\/\/schema.org\/ImageGallery\" > <div class=\"gallery-row\" style=\"width: 500px; height: 500px;\" data-original-width=\"500\" data-original-height=\"500\" > <div class=\"gallery-group\" style=\"width: 500px; height: 500px;\" data-original-width=\"500\" data-original-height=\"500\" > <div class=\"tiled-gallery-item\" itemprop=\"associatedMedia\" itemscope itemtype=\"http:\/\/schema.org\/ImageObject\"> <a href=\"https:\/\/blateman-bobine.com\/en\/souvenirs-dedicace-blateman-bobine-a-la-fnac-toison-dor-de-bruxelles\/dedicace_blateman_bobine_fnac_tdo_bruxelles-01\/\" border=\"0\" itemprop=\"url\"> <meta itemprop=\"width\" content=\"496\"> <meta itemprop=\"height\" content=\"496\"> <img decoding=\"async\" class=\"\" data-attachment-id=\"537\" data-orig-file=\"https:\/\/blateman-bobine.com\/wp-content\/uploads\/2016\/04\/dedicace_blateman_bobine_fnac_tdo_bruxelles-01.jpg\" data-orig-size=\"1000,667\" data-comments-opened=\"1\" data-image-meta=\"{&quot;aperture&quot;:&quot;0&quot;,&quot;credit&quot;:&quot;&quot;,&quot;camera&quot;:&quot;&quot;,&quot;caption&quot;:&quot;&quot;,&quot;created_timestamp&quot;:&quot;0&quot;,&quot;copyright&quot;:&quot;&quot;,&quot;focal_length&quot;:&quot;0&quot;,&quot;iso&quot;:&quot;0&quot;,&quot;shutter_speed&quot;:&quot;0&quot;,&quot;title&quot;:&quot;&quot;,&quot;orientation&quot;:&quot;0&quot;}\" data-image-title=\"Blateman et Bobine &amp;#8211; La BD\" data-image-description=\"\" data-medium-file=\"https:\/\/i0.wp.com\/blateman-bobine.com\/wp-content\/uploads\/2016\/04\/dedicace_blateman_bobine_fnac_tdo_bruxelles-01.jpg?fit=300%2C200&#038;ssl=1\" data-large-file=\"https:\/\/i0.wp.com\/blateman-bobine.com\/wp-content\/uploads\/2016\/04\/dedicace_blateman_bobine_fnac_tdo_bruxelles-01.jpg?fit=1000%2C667&#038;ssl=1\" src=\"https:\/\/i0.wp.com\/blateman-bobine.com\/wp-content\/uploads\/2016\/04\/dedicace_blateman_bobine_fnac_tdo_bruxelles-01.jpg?w=496&#038;h=496&#038;crop=1&#038;ssl=1\" width=\"496\" height=\"496\" loading=\"lazy\" data-original-width=\"496\" data-original-height=\"496\" itemprop=\"http:\/\/schema.org\/image\" title=\"Blateman and Bobine - The comic\" alt=\"Blateman and Bobine - The comic\" style=\"width: 496px; height: 496px;\" \/> <\/a> <\/div> <\/div> <\/div> <div class=\"gallery-row\" style=\"width: 500px; height: 125px;\" data-original-width=\"500\" data-original-height=\"125\" > <div class=\"gallery-group\" style=\"width: 125px; height: 125px;\" data-original-width=\"125\" data-original-height=\"125\" > <div class=\"tiled-gallery-item\" itemprop=\"associatedMedia\" itemscope itemtype=\"http:\/\/schema.org\/ImageObject\"> <a href=\"https:\/\/blateman-bobine.com\/en\/souvenirs-dedicace-blateman-bobine-a-la-fnac-toison-dor-de-bruxelles\/dedicace_blateman_bobine_fnac_tdo_bruxelles-02\/\" border=\"0\" itemprop=\"url\"> <meta itemprop=\"width\" content=\"121\"> <meta itemprop=\"height\" content=\"121\"> <img decoding=\"async\" class=\"\" data-attachment-id=\"538\" data-orig-file=\"https:\/\/blateman-bobine.com\/wp-content\/uploads\/2016\/04\/dedicace_blateman_bobine_fnac_tdo_bruxelles-02.jpg\" data-orig-size=\"1000,667\" data-comments-opened=\"1\" data-image-meta=\"{&quot;aperture&quot;:&quot;0&quot;,&quot;credit&quot;:&quot;&quot;,&quot;camera&quot;:&quot;&quot;,&quot;caption&quot;:&quot;&quot;,&quot;created_timestamp&quot;:&quot;0&quot;,&quot;copyright&quot;:&quot;&quot;,&quot;focal_length&quot;:&quot;0&quot;,&quot;iso&quot;:&quot;0&quot;,&quot;shutter_speed&quot;:&quot;0&quot;,&quot;title&quot;:&quot;&quot;,&quot;orientation&quot;:&quot;0&quot;}\" data-image-title=\"Blateman et Bobine &amp;#8211; La BD\" data-image-description=\"\" data-medium-file=\"https:\/\/i0.wp.com\/blateman-bobine.com\/wp-content\/uploads\/2016\/04\/dedicace_blateman_bobine_fnac_tdo_bruxelles-02.jpg?fit=300%2C200&#038;ssl=1\" data-large-file=\"https:\/\/i0.wp.com\/blateman-bobine.com\/wp-content\/uploads\/2016\/04\/dedicace_blateman_bobine_fnac_tdo_bruxelles-02.jpg?fit=1000%2C667&#038;ssl=1\" src=\"https:\/\/i0.wp.com\/blateman-bobine.com\/wp-content\/uploads\/2016\/04\/dedicace_blateman_bobine_fnac_tdo_bruxelles-02.jpg?w=121&#038;h=121&#038;crop=1&#038;ssl=1\" width=\"121\" height=\"121\" loading=\"lazy\" data-original-width=\"121\" data-original-height=\"121\" itemprop=\"http:\/\/schema.org\/image\" title=\"Blateman and Bobine - The comic\" alt=\"Blateman and Bobine - The comic\" style=\"width: 121px; height: 121px;\" \/> <\/a> <\/div> <\/div> <div class=\"gallery-group\" style=\"width: 125px; height: 125px;\" data-original-width=\"125\" data-original-height=\"125\" > <div class=\"tiled-gallery-item\" itemprop=\"associatedMedia\" itemscope itemtype=\"http:\/\/schema.org\/ImageObject\"> <a href=\"https:\/\/blateman-bobine.com\/en\/souvenirs-dedicace-blateman-bobine-a-la-fnac-toison-dor-de-bruxelles\/dedicace_blateman_bobine_fnac_tdo_bruxelles-03\/\" border=\"0\" itemprop=\"url\"> <meta itemprop=\"width\" content=\"121\"> <meta itemprop=\"height\" content=\"121\"> <img decoding=\"async\" class=\"\" data-attachment-id=\"539\" data-orig-file=\"https:\/\/blateman-bobine.com\/wp-content\/uploads\/2016\/04\/dedicace_blateman_bobine_fnac_tdo_bruxelles-03.jpg\" data-orig-size=\"1000,667\" data-comments-opened=\"1\" data-image-meta=\"{&quot;aperture&quot;:&quot;0&quot;,&quot;credit&quot;:&quot;&quot;,&quot;camera&quot;:&quot;&quot;,&quot;caption&quot;:&quot;&quot;,&quot;created_timestamp&quot;:&quot;0&quot;,&quot;copyright&quot;:&quot;&quot;,&quot;focal_length&quot;:&quot;0&quot;,&quot;iso&quot;:&quot;0&quot;,&quot;shutter_speed&quot;:&quot;0&quot;,&quot;title&quot;:&quot;&quot;,&quot;orientation&quot;:&quot;0&quot;}\" data-image-title=\"Blateman et Bobine &amp;#8211; La BD\" data-image-description=\"\" data-medium-file=\"https:\/\/i0.wp.com\/blateman-bobine.com\/wp-content\/uploads\/2016\/04\/dedicace_blateman_bobine_fnac_tdo_bruxelles-03.jpg?fit=300%2C200&#038;ssl=1\" data-large-file=\"https:\/\/i0.wp.com\/blateman-bobine.com\/wp-content\/uploads\/2016\/04\/dedicace_blateman_bobine_fnac_tdo_bruxelles-03.jpg?fit=1000%2C667&#038;ssl=1\" src=\"https:\/\/i0.wp.com\/blateman-bobine.com\/wp-content\/uploads\/2016\/04\/dedicace_blateman_bobine_fnac_tdo_bruxelles-03.jpg?w=121&#038;h=121&#038;crop=1&#038;ssl=1\" width=\"121\" height=\"121\" loading=\"lazy\" data-original-width=\"121\" data-original-height=\"121\" itemprop=\"http:\/\/schema.org\/image\" title=\"Blateman and Bobine - The comic\" alt=\"Blateman and Bobine - The comic\" style=\"width: 121px; height: 121px;\" \/> <\/a> <\/div> <\/div> <div class=\"gallery-group\" style=\"width: 125px; height: 125px;\" data-original-width=\"125\" data-original-height=\"125\" > <div class=\"tiled-gallery-item\" itemprop=\"associatedMedia\" itemscope itemtype=\"http:\/\/schema.org\/ImageObject\"> <a href=\"https:\/\/blateman-bobine.com\/en\/souvenirs-dedicace-blateman-bobine-a-la-fnac-toison-dor-de-bruxelles\/dedicace_blateman_bobine_fnac_tdo_bruxelles-04\/\" border=\"0\" itemprop=\"url\"> <meta itemprop=\"width\" content=\"121\"> <meta itemprop=\"height\" content=\"121\"> <img decoding=\"async\" class=\"\" data-attachment-id=\"540\" data-orig-file=\"https:\/\/blateman-bobine.com\/wp-content\/uploads\/2016\/04\/dedicace_blateman_bobine_fnac_tdo_bruxelles-04.jpg\" data-orig-size=\"1000,667\" data-comments-opened=\"1\" data-image-meta=\"{&quot;aperture&quot;:&quot;0&quot;,&quot;credit&quot;:&quot;&quot;,&quot;camera&quot;:&quot;&quot;,&quot;caption&quot;:&quot;&quot;,&quot;created_timestamp&quot;:&quot;0&quot;,&quot;copyright&quot;:&quot;&quot;,&quot;focal_length&quot;:&quot;0&quot;,&quot;iso&quot;:&quot;0&quot;,&quot;shutter_speed&quot;:&quot;0&quot;,&quot;title&quot;:&quot;&quot;,&quot;orientation&quot;:&quot;0&quot;}\" data-image-title=\"Blateman et Bobine &amp;#8211; La BD\" data-image-description=\"\" data-medium-file=\"https:\/\/i0.wp.com\/blateman-bobine.com\/wp-content\/uploads\/2016\/04\/dedicace_blateman_bobine_fnac_tdo_bruxelles-04.jpg?fit=300%2C200&#038;ssl=1\" data-large-file=\"https:\/\/i0.wp.com\/blateman-bobine.com\/wp-content\/uploads\/2016\/04\/dedicace_blateman_bobine_fnac_tdo_bruxelles-04.jpg?fit=1000%2C667&#038;ssl=1\" src=\"https:\/\/i0.wp.com\/blateman-bobine.com\/wp-content\/uploads\/2016\/04\/dedicace_blateman_bobine_fnac_tdo_bruxelles-04.jpg?w=121&#038;h=121&#038;crop=1&#038;ssl=1\" width=\"121\" height=\"121\" loading=\"lazy\" data-original-width=\"121\" data-original-height=\"121\" itemprop=\"http:\/\/schema.org\/image\" title=\"Blateman and Bobine - The comic\" alt=\"Blateman and Bobine - The comic\" style=\"width: 121px; height: 121px;\" \/> <\/a> <\/div> <\/div> <div class=\"gallery-group\" style=\"width: 125px; height: 125px;\" data-original-width=\"125\" data-original-height=\"125\" > <div class=\"tiled-gallery-item\" itemprop=\"associatedMedia\" itemscope itemtype=\"http:\/\/schema.org\/ImageObject\"> <a href=\"https:\/\/blateman-bobine.com\/en\/souvenirs-dedicace-blateman-bobine-a-la-fnac-toison-dor-de-bruxelles\/dedicace_blateman_bobine_fnac_tdo_bruxelles-05\/\" border=\"0\" itemprop=\"url\"> <meta itemprop=\"width\" content=\"121\"> <meta itemprop=\"height\" content=\"121\"> <img decoding=\"async\" class=\"\" data-attachment-id=\"541\" data-orig-file=\"https:\/\/blateman-bobine.com\/wp-content\/uploads\/2016\/04\/dedicace_blateman_bobine_fnac_tdo_bruxelles-05.jpg\" data-orig-size=\"1000,667\" data-comments-opened=\"1\" data-image-meta=\"{&quot;aperture&quot;:&quot;0&quot;,&quot;credit&quot;:&quot;&quot;,&quot;camera&quot;:&quot;&quot;,&quot;caption&quot;:&quot;&quot;,&quot;created_timestamp&quot;:&quot;0&quot;,&quot;copyright&quot;:&quot;&quot;,&quot;focal_length&quot;:&quot;0&quot;,&quot;iso&quot;:&quot;0&quot;,&quot;shutter_speed&quot;:&quot;0&quot;,&quot;title&quot;:&quot;&quot;,&quot;orientation&quot;:&quot;0&quot;}\" data-image-title=\"Blateman et Bobine &amp;#8211; La BD\" data-image-description=\"\" data-medium-file=\"https:\/\/i0.wp.com\/blateman-bobine.com\/wp-content\/uploads\/2016\/04\/dedicace_blateman_bobine_fnac_tdo_bruxelles-05.jpg?fit=300%2C200&#038;ssl=1\" data-large-file=\"https:\/\/i0.wp.com\/blateman-bobine.com\/wp-content\/uploads\/2016\/04\/dedicace_blateman_bobine_fnac_tdo_bruxelles-05.jpg?fit=1000%2C667&#038;ssl=1\" src=\"https:\/\/i0.wp.com\/blateman-bobine.com\/wp-content\/uploads\/2016\/04\/dedicace_blateman_bobine_fnac_tdo_bruxelles-05.jpg?w=121&#038;h=121&#038;crop=1&#038;ssl=1\" width=\"121\" height=\"121\" loading=\"lazy\" data-original-width=\"121\" data-original-height=\"121\" itemprop=\"http:\/\/schema.org\/image\" title=\"Blateman and Bobine - The comic\" alt=\"Blateman and Bobine - The comic\" style=\"width: 121px; height: 121px;\" \/> <\/a> <\/div> <\/div> <\/div> <div class=\"gallery-row\" style=\"width: 500px; height: 125px;\" data-original-width=\"500\" data-original-height=\"125\" > <div class=\"gallery-group\" style=\"width: 125px; height: 125px;\" data-original-width=\"125\" data-original-height=\"125\" > <div class=\"tiled-gallery-item\" itemprop=\"associatedMedia\" itemscope itemtype=\"http:\/\/schema.org\/ImageObject\"> <a href=\"https:\/\/blateman-bobine.com\/en\/souvenirs-dedicace-blateman-bobine-a-la-fnac-toison-dor-de-bruxelles\/dedicace_blateman_bobine_fnac_tdo_bruxelles-06\/\" border=\"0\" itemprop=\"url\"> <meta itemprop=\"width\" content=\"121\"> <meta itemprop=\"height\" content=\"121\"> <img decoding=\"async\" class=\"\" data-attachment-id=\"542\" data-orig-file=\"https:\/\/blateman-bobine.com\/wp-content\/uploads\/2016\/04\/dedicace_blateman_bobine_fnac_tdo_bruxelles-06.jpg\" data-orig-size=\"1000,667\" data-comments-opened=\"1\" data-image-meta=\"{&quot;aperture&quot;:&quot;0&quot;,&quot;credit&quot;:&quot;&quot;,&quot;camera&quot;:&quot;&quot;,&quot;caption&quot;:&quot;&quot;,&quot;created_timestamp&quot;:&quot;0&quot;,&quot;copyright&quot;:&quot;&quot;,&quot;focal_length&quot;:&quot;0&quot;,&quot;iso&quot;:&quot;0&quot;,&quot;shutter_speed&quot;:&quot;0&quot;,&quot;title&quot;:&quot;&quot;,&quot;orientation&quot;:&quot;0&quot;}\" data-image-title=\"Blateman et Bobine &amp;#8211; La BD\" data-image-description=\"\" data-medium-file=\"https:\/\/i0.wp.com\/blateman-bobine.com\/wp-content\/uploads\/2016\/04\/dedicace_blateman_bobine_fnac_tdo_bruxelles-06.jpg?fit=300%2C200&#038;ssl=1\" data-large-file=\"https:\/\/i0.wp.com\/blateman-bobine.com\/wp-content\/uploads\/2016\/04\/dedicace_blateman_bobine_fnac_tdo_bruxelles-06.jpg?fit=1000%2C667&#038;ssl=1\" src=\"https:\/\/i0.wp.com\/blateman-bobine.com\/wp-content\/uploads\/2016\/04\/dedicace_blateman_bobine_fnac_tdo_bruxelles-06.jpg?w=121&#038;h=121&#038;crop=1&#038;ssl=1\" width=\"121\" height=\"121\" loading=\"lazy\" data-original-width=\"121\" data-original-height=\"121\" itemprop=\"http:\/\/schema.org\/image\" title=\"Blateman and Bobine - The comic\" alt=\"Blateman and Bobine - The comic\" style=\"width: 121px; height: 121px;\" \/> <\/a> <\/div> <\/div> <div class=\"gallery-group\" style=\"width: 125px; height: 125px;\" data-original-width=\"125\" data-original-height=\"125\" > <div class=\"tiled-gallery-item\" itemprop=\"associatedMedia\" itemscope itemtype=\"http:\/\/schema.org\/ImageObject\"> <a href=\"https:\/\/blateman-bobine.com\/en\/souvenirs-dedicace-blateman-bobine-a-la-fnac-toison-dor-de-bruxelles\/dedicace_blateman_bobine_fnac_tdo_bruxelles-07\/\" border=\"0\" itemprop=\"url\"> <meta itemprop=\"width\" content=\"121\"> <meta itemprop=\"height\" content=\"121\"> <img decoding=\"async\" class=\"\" data-attachment-id=\"543\" data-orig-file=\"https:\/\/blateman-bobine.com\/wp-content\/uploads\/2016\/04\/dedicace_blateman_bobine_fnac_tdo_bruxelles-07.jpg\" data-orig-size=\"1000,667\" data-comments-opened=\"1\" data-image-meta=\"{&quot;aperture&quot;:&quot;0&quot;,&quot;credit&quot;:&quot;&quot;,&quot;camera&quot;:&quot;&quot;,&quot;caption&quot;:&quot;&quot;,&quot;created_timestamp&quot;:&quot;0&quot;,&quot;copyright&quot;:&quot;&quot;,&quot;focal_length&quot;:&quot;0&quot;,&quot;iso&quot;:&quot;0&quot;,&quot;shutter_speed&quot;:&quot;0&quot;,&quot;title&quot;:&quot;&quot;,&quot;orientation&quot;:&quot;0&quot;}\" data-image-title=\"Blateman et Bobine &amp;#8211; La BD\" data-image-description=\"\" data-medium-file=\"https:\/\/i0.wp.com\/blateman-bobine.com\/wp-content\/uploads\/2016\/04\/dedicace_blateman_bobine_fnac_tdo_bruxelles-07.jpg?fit=300%2C200&#038;ssl=1\" data-large-file=\"https:\/\/i0.wp.com\/blateman-bobine.com\/wp-content\/uploads\/2016\/04\/dedicace_blateman_bobine_fnac_tdo_bruxelles-07.jpg?fit=1000%2C667&#038;ssl=1\" src=\"https:\/\/i0.wp.com\/blateman-bobine.com\/wp-content\/uploads\/2016\/04\/dedicace_blateman_bobine_fnac_tdo_bruxelles-07.jpg?w=121&#038;h=121&#038;crop=1&#038;ssl=1\" width=\"121\" height=\"121\" loading=\"lazy\" data-original-width=\"121\" data-original-height=\"121\" itemprop=\"http:\/\/schema.org\/image\" title=\"Blateman and Bobine - The comic\" alt=\"Blateman and Bobine - The comic\" style=\"width: 121px; height: 121px;\" \/> <\/a> <\/div> <\/div> <div class=\"gallery-group\" style=\"width: 125px; height: 125px;\" data-original-width=\"125\" data-original-height=\"125\" > <div class=\"tiled-gallery-item\" itemprop=\"associatedMedia\" itemscope itemtype=\"http:\/\/schema.org\/ImageObject\"> <a href=\"https:\/\/blateman-bobine.com\/en\/souvenirs-dedicace-blateman-bobine-a-la-fnac-toison-dor-de-bruxelles\/dedicace_blateman_bobine_fnac_tdo_bruxelles-08\/\" border=\"0\" itemprop=\"url\"> <meta itemprop=\"width\" content=\"121\"> <meta itemprop=\"height\" content=\"121\"> <img decoding=\"async\" class=\"\" data-attachment-id=\"544\" data-orig-file=\"https:\/\/blateman-bobine.com\/wp-content\/uploads\/2016\/04\/dedicace_blateman_bobine_fnac_tdo_bruxelles-08.jpg\" data-orig-size=\"1000,667\" data-comments-opened=\"1\" data-image-meta=\"{&quot;aperture&quot;:&quot;0&quot;,&quot;credit&quot;:&quot;&quot;,&quot;camera&quot;:&quot;&quot;,&quot;caption&quot;:&quot;&quot;,&quot;created_timestamp&quot;:&quot;0&quot;,&quot;copyright&quot;:&quot;&quot;,&quot;focal_length&quot;:&quot;0&quot;,&quot;iso&quot;:&quot;0&quot;,&quot;shutter_speed&quot;:&quot;0&quot;,&quot;title&quot;:&quot;&quot;,&quot;orientation&quot;:&quot;0&quot;}\" data-image-title=\"Blateman et Bobine &amp;#8211; La BD\" data-image-description=\"\" data-medium-file=\"https:\/\/i0.wp.com\/blateman-bobine.com\/wp-content\/uploads\/2016\/04\/dedicace_blateman_bobine_fnac_tdo_bruxelles-08.jpg?fit=300%2C200&#038;ssl=1\" data-large-file=\"https:\/\/i0.wp.com\/blateman-bobine.com\/wp-content\/uploads\/2016\/04\/dedicace_blateman_bobine_fnac_tdo_bruxelles-08.jpg?fit=1000%2C667&#038;ssl=1\" src=\"https:\/\/i0.wp.com\/blateman-bobine.com\/wp-content\/uploads\/2016\/04\/dedicace_blateman_bobine_fnac_tdo_bruxelles-08.jpg?w=121&#038;h=121&#038;crop=1&#038;ssl=1\" width=\"121\" height=\"121\" loading=\"lazy\" data-original-width=\"121\" data-original-height=\"121\" itemprop=\"http:\/\/schema.org\/image\" title=\"Blateman and Bobine - The comic\" alt=\"Blateman and Bobine - The comic\" style=\"width: 121px; height: 121px;\" \/> <\/a> <\/div> <\/div> <div class=\"gallery-group\" style=\"width: 125px; height: 125px;\" data-original-width=\"125\" data-original-height=\"125\" > <div class=\"tiled-gallery-item\" itemprop=\"associatedMedia\" itemscope itemtype=\"http:\/\/schema.org\/ImageObject\"> <a href=\"https:\/\/blateman-bobine.com\/en\/souvenirs-dedicace-blateman-bobine-a-la-fnac-toison-dor-de-bruxelles\/dedicace_blateman_bobine_fnac_tdo_bruxelles-09\/\" border=\"0\" itemprop=\"url\"> <meta itemprop=\"width\" content=\"121\"> <meta itemprop=\"height\" content=\"121\"> <img decoding=\"async\" class=\"\" data-attachment-id=\"545\" data-orig-file=\"https:\/\/blateman-bobine.com\/wp-content\/uploads\/2016\/04\/dedicace_blateman_bobine_fnac_tdo_bruxelles-09.jpg\" data-orig-size=\"1000,667\" data-comments-opened=\"1\" data-image-meta=\"{&quot;aperture&quot;:&quot;0&quot;,&quot;credit&quot;:&quot;&quot;,&quot;camera&quot;:&quot;&quot;,&quot;caption&quot;:&quot;&quot;,&quot;created_timestamp&quot;:&quot;0&quot;,&quot;copyright&quot;:&quot;&quot;,&quot;focal_length&quot;:&quot;0&quot;,&quot;iso&quot;:&quot;0&quot;,&quot;shutter_speed&quot;:&quot;0&quot;,&quot;title&quot;:&quot;&quot;,&quot;orientation&quot;:&quot;0&quot;}\" data-image-title=\"Blateman et Bobine &amp;#8211; La BD\" data-image-description=\"\" data-medium-file=\"https:\/\/i0.wp.com\/blateman-bobine.com\/wp-content\/uploads\/2016\/04\/dedicace_blateman_bobine_fnac_tdo_bruxelles-09.jpg?fit=300%2C200&#038;ssl=1\" data-large-file=\"https:\/\/i0.wp.com\/blateman-bobine.com\/wp-content\/uploads\/2016\/04\/dedicace_blateman_bobine_fnac_tdo_bruxelles-09.jpg?fit=1000%2C667&#038;ssl=1\" src=\"https:\/\/i0.wp.com\/blateman-bobine.com\/wp-content\/uploads\/2016\/04\/dedicace_blateman_bobine_fnac_tdo_bruxelles-09.jpg?w=121&#038;h=121&#038;crop=1&#038;ssl=1\" width=\"121\" height=\"121\" loading=\"lazy\" data-original-width=\"121\" data-original-height=\"121\" itemprop=\"http:\/\/schema.org\/image\" title=\"Blateman and Bobine - The comic\" alt=\"Blateman and Bobine - The comic\" style=\"width: 121px; height: 121px;\" \/> <\/a> <\/div> <\/div> <\/div> <div class=\"gallery-row\" style=\"width: 500px; height: 125px;\" data-original-width=\"500\" data-original-height=\"125\" > <div class=\"gallery-group\" style=\"width: 125px; height: 125px;\" data-original-width=\"125\" data-original-height=\"125\" > <div class=\"tiled-gallery-item\" itemprop=\"associatedMedia\" itemscope itemtype=\"http:\/\/schema.org\/ImageObject\"> <a href=\"https:\/\/blateman-bobine.com\/en\/souvenirs-dedicace-blateman-bobine-a-la-fnac-toison-dor-de-bruxelles\/dedicace_blateman_bobine_fnac_tdo_bruxelles-10\/\" border=\"0\" itemprop=\"url\"> <meta itemprop=\"width\" content=\"121\"> <meta itemprop=\"height\" content=\"121\"> <img decoding=\"async\" class=\"\" data-attachment-id=\"546\" data-orig-file=\"https:\/\/blateman-bobine.com\/wp-content\/uploads\/2016\/04\/dedicace_blateman_bobine_fnac_tdo_bruxelles-10.jpg\" data-orig-size=\"1000,667\" data-comments-opened=\"1\" data-image-meta=\"{&quot;aperture&quot;:&quot;0&quot;,&quot;credit&quot;:&quot;&quot;,&quot;camera&quot;:&quot;&quot;,&quot;caption&quot;:&quot;&quot;,&quot;created_timestamp&quot;:&quot;0&quot;,&quot;copyright&quot;:&quot;&quot;,&quot;focal_length&quot;:&quot;0&quot;,&quot;iso&quot;:&quot;0&quot;,&quot;shutter_speed&quot;:&quot;0&quot;,&quot;title&quot;:&quot;&quot;,&quot;orientation&quot;:&quot;0&quot;}\" data-image-title=\"Blateman et Bobine &amp;#8211; La BD\" data-image-description=\"\" data-medium-file=\"https:\/\/i0.wp.com\/blateman-bobine.com\/wp-content\/uploads\/2016\/04\/dedicace_blateman_bobine_fnac_tdo_bruxelles-10.jpg?fit=300%2C200&#038;ssl=1\" data-large-file=\"https:\/\/i0.wp.com\/blateman-bobine.com\/wp-content\/uploads\/2016\/04\/dedicace_blateman_bobine_fnac_tdo_bruxelles-10.jpg?fit=1000%2C667&#038;ssl=1\" src=\"https:\/\/i0.wp.com\/blateman-bobine.com\/wp-content\/uploads\/2016\/04\/dedicace_blateman_bobine_fnac_tdo_bruxelles-10.jpg?w=121&#038;h=121&#038;crop=1&#038;ssl=1\" width=\"121\" height=\"121\" loading=\"lazy\" data-original-width=\"121\" data-original-height=\"121\" itemprop=\"http:\/\/schema.org\/image\" title=\"Blateman and Bobine - The comic\" alt=\"Blateman and Bobine - The comic\" style=\"width: 121px; height: 121px;\" \/> <\/a> <\/div> <\/div> <div class=\"gallery-group\" style=\"width: 125px; height: 125px;\" data-original-width=\"125\" data-original-height=\"125\" > <div class=\"tiled-gallery-item\" itemprop=\"associatedMedia\" itemscope itemtype=\"http:\/\/schema.org\/ImageObject\"> <a href=\"https:\/\/blateman-bobine.com\/en\/souvenirs-dedicace-blateman-bobine-a-la-fnac-toison-dor-de-bruxelles\/dedicace_blateman_bobine_fnac_tdo_bruxelles-11\/\" border=\"0\" itemprop=\"url\"> <meta itemprop=\"width\" content=\"121\"> <meta itemprop=\"height\" content=\"121\"> <img decoding=\"async\" class=\"\" data-attachment-id=\"547\" data-orig-file=\"https:\/\/blateman-bobine.com\/wp-content\/uploads\/2016\/04\/dedicace_blateman_bobine_fnac_tdo_bruxelles-11.jpg\" data-orig-size=\"1000,667\" data-comments-opened=\"1\" data-image-meta=\"{&quot;aperture&quot;:&quot;0&quot;,&quot;credit&quot;:&quot;&quot;,&quot;camera&quot;:&quot;&quot;,&quot;caption&quot;:&quot;&quot;,&quot;created_timestamp&quot;:&quot;0&quot;,&quot;copyright&quot;:&quot;&quot;,&quot;focal_length&quot;:&quot;0&quot;,&quot;iso&quot;:&quot;0&quot;,&quot;shutter_speed&quot;:&quot;0&quot;,&quot;title&quot;:&quot;&quot;,&quot;orientation&quot;:&quot;0&quot;}\" data-image-title=\"Blateman et Bobine &amp;#8211; La BD\" data-image-description=\"\" data-medium-file=\"https:\/\/i0.wp.com\/blateman-bobine.com\/wp-content\/uploads\/2016\/04\/dedicace_blateman_bobine_fnac_tdo_bruxelles-11.jpg?fit=300%2C200&#038;ssl=1\" data-large-file=\"https:\/\/i0.wp.com\/blateman-bobine.com\/wp-content\/uploads\/2016\/04\/dedicace_blateman_bobine_fnac_tdo_bruxelles-11.jpg?fit=1000%2C667&#038;ssl=1\" src=\"https:\/\/i0.wp.com\/blateman-bobine.com\/wp-content\/uploads\/2016\/04\/dedicace_blateman_bobine_fnac_tdo_bruxelles-11.jpg?w=121&#038;h=121&#038;crop=1&#038;ssl=1\" width=\"121\" height=\"121\" loading=\"lazy\" data-original-width=\"121\" data-original-height=\"121\" itemprop=\"http:\/\/schema.org\/image\" title=\"Blateman and Bobine - The comic\" alt=\"Blateman and Bobine - The comic\" style=\"width: 121px; height: 121px;\" \/> <\/a> <\/div> <\/div> <div class=\"gallery-group\" style=\"width: 125px; height: 125px;\" data-original-width=\"125\" data-original-height=\"125\" > <div class=\"tiled-gallery-item\" itemprop=\"associatedMedia\" itemscope itemtype=\"http:\/\/schema.org\/ImageObject\"> <a href=\"https:\/\/blateman-bobine.com\/en\/souvenirs-dedicace-blateman-bobine-a-la-fnac-toison-dor-de-bruxelles\/dedicace_blateman_bobine_fnac_tdo_bruxelles-12\/\" border=\"0\" itemprop=\"url\"> <meta itemprop=\"width\" content=\"121\"> <meta itemprop=\"height\" content=\"121\"> <img decoding=\"async\" class=\"\" data-attachment-id=\"548\" data-orig-file=\"https:\/\/blateman-bobine.com\/wp-content\/uploads\/2016\/04\/dedicace_blateman_bobine_fnac_tdo_bruxelles-12.jpg\" data-orig-size=\"1000,667\" data-comments-opened=\"1\" data-image-meta=\"{&quot;aperture&quot;:&quot;0&quot;,&quot;credit&quot;:&quot;&quot;,&quot;camera&quot;:&quot;&quot;,&quot;caption&quot;:&quot;&quot;,&quot;created_timestamp&quot;:&quot;0&quot;,&quot;copyright&quot;:&quot;&quot;,&quot;focal_length&quot;:&quot;0&quot;,&quot;iso&quot;:&quot;0&quot;,&quot;shutter_speed&quot;:&quot;0&quot;,&quot;title&quot;:&quot;&quot;,&quot;orientation&quot;:&quot;0&quot;}\" data-image-title=\"Blateman et Bobine &amp;#8211; La BD\" data-image-description=\"\" data-medium-file=\"https:\/\/i0.wp.com\/blateman-bobine.com\/wp-content\/uploads\/2016\/04\/dedicace_blateman_bobine_fnac_tdo_bruxelles-12.jpg?fit=300%2C200&#038;ssl=1\" data-large-file=\"https:\/\/i0.wp.com\/blateman-bobine.com\/wp-content\/uploads\/2016\/04\/dedicace_blateman_bobine_fnac_tdo_bruxelles-12.jpg?fit=1000%2C667&#038;ssl=1\" src=\"https:\/\/i0.wp.com\/blateman-bobine.com\/wp-content\/uploads\/2016\/04\/dedicace_blateman_bobine_fnac_tdo_bruxelles-12.jpg?w=121&#038;h=121&#038;crop=1&#038;ssl=1\" width=\"121\" height=\"121\" loading=\"lazy\" data-original-width=\"121\" data-original-height=\"121\" itemprop=\"http:\/\/schema.org\/image\" title=\"Blateman and Bobine - The comic\" alt=\"Blateman and Bobine - The comic\" style=\"width: 121px; height: 121px;\" \/> <\/a> <\/div> <\/div> <div class=\"gallery-group\" style=\"width: 125px; height: 125px;\" data-original-width=\"125\" data-original-height=\"125\" > <div class=\"tiled-gallery-item\" itemprop=\"associatedMedia\" itemscope itemtype=\"http:\/\/schema.org\/ImageObject\"> <a href=\"https:\/\/blateman-bobine.com\/en\/souvenirs-dedicace-blateman-bobine-a-la-fnac-toison-dor-de-bruxelles\/dedicace_blateman_bobine_fnac_tdo_bruxelles-13\/\" border=\"0\" itemprop=\"url\"> <meta itemprop=\"width\" content=\"121\"> <meta itemprop=\"height\" content=\"121\"> <img decoding=\"async\" class=\"\" data-attachment-id=\"549\" data-orig-file=\"https:\/\/blateman-bobine.com\/wp-content\/uploads\/2016\/04\/dedicace_blateman_bobine_fnac_tdo_bruxelles-13.jpg\" data-orig-size=\"1000,667\" data-comments-opened=\"1\" data-image-meta=\"{&quot;aperture&quot;:&quot;0&quot;,&quot;credit&quot;:&quot;&quot;,&quot;camera&quot;:&quot;&quot;,&quot;caption&quot;:&quot;&quot;,&quot;created_timestamp&quot;:&quot;0&quot;,&quot;copyright&quot;:&quot;&quot;,&quot;focal_length&quot;:&quot;0&quot;,&quot;iso&quot;:&quot;0&quot;,&quot;shutter_speed&quot;:&quot;0&quot;,&quot;title&quot;:&quot;&quot;,&quot;orientation&quot;:&quot;0&quot;}\" data-image-title=\"Blateman et Bobine &amp;#8211; La BD\" data-image-description=\"\" data-medium-file=\"https:\/\/i0.wp.com\/blateman-bobine.com\/wp-content\/uploads\/2016\/04\/dedicace_blateman_bobine_fnac_tdo_bruxelles-13.jpg?fit=300%2C200&#038;ssl=1\" data-large-file=\"https:\/\/i0.wp.com\/blateman-bobine.com\/wp-content\/uploads\/2016\/04\/dedicace_blateman_bobine_fnac_tdo_bruxelles-13.jpg?fit=1000%2C667&#038;ssl=1\" src=\"https:\/\/i0.wp.com\/blateman-bobine.com\/wp-content\/uploads\/2016\/04\/dedicace_blateman_bobine_fnac_tdo_bruxelles-13.jpg?w=121&#038;h=121&#038;crop=1&#038;ssl=1\" width=\"121\" height=\"121\" loading=\"lazy\" data-original-width=\"121\" data-original-height=\"121\" itemprop=\"http:\/\/schema.org\/image\" title=\"Blateman and Bobine - The comic\" alt=\"Blateman and Bobine - The comic\" style=\"width: 121px; height: 121px;\" \/> <\/a> <\/div> <\/div> <\/div> <div class=\"gallery-row\" style=\"width: 500px; height: 125px;\" data-original-width=\"500\" data-original-height=\"125\" > <div class=\"gallery-group\" style=\"width: 125px; height: 125px;\" data-original-width=\"125\" data-original-height=\"125\" > <div class=\"tiled-gallery-item\" itemprop=\"associatedMedia\" itemscope itemtype=\"http:\/\/schema.org\/ImageObject\"> <a href=\"https:\/\/blateman-bobine.com\/en\/souvenirs-dedicace-blateman-bobine-a-la-fnac-toison-dor-de-bruxelles\/dedicace_blateman_bobine_fnac_tdo_bruxelles-14\/\" border=\"0\" itemprop=\"url\"> <meta itemprop=\"width\" content=\"121\"> <meta itemprop=\"height\" content=\"121\"> <img decoding=\"async\" class=\"\" data-attachment-id=\"550\" data-orig-file=\"https:\/\/blateman-bobine.com\/wp-content\/uploads\/2016\/04\/dedicace_blateman_bobine_fnac_tdo_bruxelles-14.jpg\" data-orig-size=\"1000,667\" data-comments-opened=\"1\" data-image-meta=\"{&quot;aperture&quot;:&quot;0&quot;,&quot;credit&quot;:&quot;&quot;,&quot;camera&quot;:&quot;&quot;,&quot;caption&quot;:&quot;&quot;,&quot;created_timestamp&quot;:&quot;0&quot;,&quot;copyright&quot;:&quot;&quot;,&quot;focal_length&quot;:&quot;0&quot;,&quot;iso&quot;:&quot;0&quot;,&quot;shutter_speed&quot;:&quot;0&quot;,&quot;title&quot;:&quot;&quot;,&quot;orientation&quot;:&quot;0&quot;}\" data-image-title=\"Blateman et Bobine &amp;#8211; La BD\" data-image-description=\"\" data-medium-file=\"https:\/\/i0.wp.com\/blateman-bobine.com\/wp-content\/uploads\/2016\/04\/dedicace_blateman_bobine_fnac_tdo_bruxelles-14.jpg?fit=300%2C200&#038;ssl=1\" data-large-file=\"https:\/\/i0.wp.com\/blateman-bobine.com\/wp-content\/uploads\/2016\/04\/dedicace_blateman_bobine_fnac_tdo_bruxelles-14.jpg?fit=1000%2C667&#038;ssl=1\" src=\"https:\/\/i0.wp.com\/blateman-bobine.com\/wp-content\/uploads\/2016\/04\/dedicace_blateman_bobine_fnac_tdo_bruxelles-14.jpg?w=121&#038;h=121&#038;crop=1&#038;ssl=1\" width=\"121\" height=\"121\" loading=\"lazy\" data-original-width=\"121\" data-original-height=\"121\" itemprop=\"http:\/\/schema.org\/image\" title=\"Blateman and Bobine - The comic\" alt=\"Blateman and Bobine - The comic\" style=\"width: 121px; height: 121px;\" \/> <\/a> <\/div> <\/div> <div class=\"gallery-group\" style=\"width: 125px; height: 125px;\" data-original-width=\"125\" data-original-height=\"125\" > <div class=\"tiled-gallery-item\" itemprop=\"associatedMedia\" itemscope itemtype=\"http:\/\/schema.org\/ImageObject\"> <a href=\"https:\/\/blateman-bobine.com\/en\/souvenirs-dedicace-blateman-bobine-a-la-fnac-toison-dor-de-bruxelles\/dedicace_blateman_bobine_fnac_tdo_bruxelles-16\/\" border=\"0\" itemprop=\"url\"> <meta itemprop=\"width\" content=\"121\"> <meta itemprop=\"height\" content=\"121\"> <img decoding=\"async\" class=\"\" data-attachment-id=\"551\" data-orig-file=\"https:\/\/blateman-bobine.com\/wp-content\/uploads\/2016\/04\/dedicace_blateman_bobine_fnac_tdo_bruxelles-16.jpg\" data-orig-size=\"1000,667\" data-comments-opened=\"1\" data-image-meta=\"{&quot;aperture&quot;:&quot;0&quot;,&quot;credit&quot;:&quot;&quot;,&quot;camera&quot;:&quot;&quot;,&quot;caption&quot;:&quot;&quot;,&quot;created_timestamp&quot;:&quot;0&quot;,&quot;copyright&quot;:&quot;&quot;,&quot;focal_length&quot;:&quot;0&quot;,&quot;iso&quot;:&quot;0&quot;,&quot;shutter_speed&quot;:&quot;0&quot;,&quot;title&quot;:&quot;&quot;,&quot;orientation&quot;:&quot;0&quot;}\" data-image-title=\"Blateman et Bobine &amp;#8211; La BD\" data-image-description=\"\" data-medium-file=\"https:\/\/i0.wp.com\/blateman-bobine.com\/wp-content\/uploads\/2016\/04\/dedicace_blateman_bobine_fnac_tdo_bruxelles-16.jpg?fit=300%2C200&#038;ssl=1\" data-large-file=\"https:\/\/i0.wp.com\/blateman-bobine.com\/wp-content\/uploads\/2016\/04\/dedicace_blateman_bobine_fnac_tdo_bruxelles-16.jpg?fit=1000%2C667&#038;ssl=1\" src=\"https:\/\/i0.wp.com\/blateman-bobine.com\/wp-content\/uploads\/2016\/04\/dedicace_blateman_bobine_fnac_tdo_bruxelles-16.jpg?w=121&#038;h=121&#038;crop=1&#038;ssl=1\" width=\"121\" height=\"121\" loading=\"lazy\" data-original-width=\"121\" data-original-height=\"121\" itemprop=\"http:\/\/schema.org\/image\" title=\"Blateman and Bobine - The comic\" alt=\"Blateman and Bobine - The comic\" style=\"width: 121px; height: 121px;\" \/> <\/a> <\/div> <\/div> <div class=\"gallery-group\" style=\"width: 125px; height: 125px;\" data-original-width=\"125\" data-original-height=\"125\" > <div class=\"tiled-gallery-item\" itemprop=\"associatedMedia\" itemscope itemtype=\"http:\/\/schema.org\/ImageObject\"> <a href=\"https:\/\/blateman-bobine.com\/en\/souvenirs-dedicace-blateman-bobine-a-la-fnac-toison-dor-de-bruxelles\/fnac_blateman_bobine_05032016_b\/\" border=\"0\" itemprop=\"url\"> <meta itemprop=\"width\" content=\"121\"> <meta itemprop=\"height\" content=\"121\"> <img decoding=\"async\" class=\"\" data-attachment-id=\"552\" data-orig-file=\"https:\/\/blateman-bobine.com\/wp-content\/uploads\/2016\/04\/fnac_blateman_bobine_05032016_b.jpg\" data-orig-size=\"750,1000\" data-comments-opened=\"1\" data-image-meta=\"{&quot;aperture&quot;:&quot;0&quot;,&quot;credit&quot;:&quot;&quot;,&quot;camera&quot;:&quot;&quot;,&quot;caption&quot;:&quot;&quot;,&quot;created_timestamp&quot;:&quot;0&quot;,&quot;copyright&quot;:&quot;&quot;,&quot;focal_length&quot;:&quot;0&quot;,&quot;iso&quot;:&quot;0&quot;,&quot;shutter_speed&quot;:&quot;0&quot;,&quot;title&quot;:&quot;&quot;,&quot;orientation&quot;:&quot;0&quot;}\" data-image-title=\"Blateman et Bobine &amp;#8211; La BD\" data-image-description=\"\" data-medium-file=\"https:\/\/i0.wp.com\/blateman-bobine.com\/wp-content\/uploads\/2016\/04\/fnac_blateman_bobine_05032016_b.jpg?fit=225%2C300&#038;ssl=1\" data-large-file=\"https:\/\/i0.wp.com\/blateman-bobine.com\/wp-content\/uploads\/2016\/04\/fnac_blateman_bobine_05032016_b.jpg?fit=750%2C1000&#038;ssl=1\" src=\"https:\/\/i0.wp.com\/blateman-bobine.com\/wp-content\/uploads\/2016\/04\/fnac_blateman_bobine_05032016_b.jpg?w=121&#038;h=121&#038;crop=1&#038;ssl=1\" width=\"121\" height=\"121\" loading=\"lazy\" data-original-width=\"121\" data-original-height=\"121\" itemprop=\"http:\/\/schema.org\/image\" title=\"Blateman and Bobine - The comic\" alt=\"Blateman and Bobine - The comic\" style=\"width: 121px; height: 121px;\" \/> <\/a> <\/div> <\/div> <div class=\"gallery-group\" style=\"width: 125px; height: 125px;\" data-original-width=\"125\" data-original-height=\"125\" > <div class=\"tiled-gallery-item\" itemprop=\"associatedMedia\" itemscope itemtype=\"http:\/\/schema.org\/ImageObject\"> <a href=\"https:\/\/blateman-bobine.com\/en\/souvenirs-dedicace-blateman-bobine-a-la-fnac-toison-dor-de-bruxelles\/fnac_blateman_bobine_05032016_c\/\" border=\"0\" itemprop=\"url\"> <meta itemprop=\"width\" content=\"121\"> <meta itemprop=\"height\" content=\"121\"> <img decoding=\"async\" class=\"\" data-attachment-id=\"553\" data-orig-file=\"https:\/\/blateman-bobine.com\/wp-content\/uploads\/2016\/04\/fnac_blateman_bobine_05032016_c.jpg\" data-orig-size=\"750,1000\" data-comments-opened=\"1\" data-image-meta=\"{&quot;aperture&quot;:&quot;0&quot;,&quot;credit&quot;:&quot;&quot;,&quot;camera&quot;:&quot;&quot;,&quot;caption&quot;:&quot;&quot;,&quot;created_timestamp&quot;:&quot;0&quot;,&quot;copyright&quot;:&quot;&quot;,&quot;focal_length&quot;:&quot;0&quot;,&quot;iso&quot;:&quot;0&quot;,&quot;shutter_speed&quot;:&quot;0&quot;,&quot;title&quot;:&quot;&quot;,&quot;orientation&quot;:&quot;0&quot;}\" data-image-title=\"Blateman et Bobine &amp;#8211; La BD\" data-image-description=\"\" data-medium-file=\"https:\/\/i0.wp.com\/blateman-bobine.com\/wp-content\/uploads\/2016\/04\/fnac_blateman_bobine_05032016_c.jpg?fit=225%2C300&#038;ssl=1\" data-large-file=\"https:\/\/i0.wp.com\/blateman-bobine.com\/wp-content\/uploads\/2016\/04\/fnac_blateman_bobine_05032016_c.jpg?fit=750%2C1000&#038;ssl=1\" src=\"https:\/\/i0.wp.com\/blateman-bobine.com\/wp-content\/uploads\/2016\/04\/fnac_blateman_bobine_05032016_c.jpg?w=121&#038;h=121&#038;crop=1&#038;ssl=1\" width=\"121\" height=\"121\" loading=\"lazy\" data-original-width=\"121\" data-original-height=\"121\" itemprop=\"http:\/\/schema.org\/image\" title=\"Blateman and Bobine - The comic\" alt=\"Blateman and Bobine - The comic\" style=\"width: 121px; height: 121px;\" \/> <\/a> <\/div> <\/div> <\/div> <\/div>\n<p style=\"text-align:center;\">\n<a href=\"http:\/\/storage.canalblog.com\/27\/25\/925464\/109308221_o.jpg\" target=\"_blank\" name=\"IMG_109308221\"><\/a><\/p>\n<p style=\"text-align:center;\"><strong>Vhenin<\/strong> <strong>Portfolio:<\/strong> <a href=\"http:\/\/www.vhenin.be\/\" target=\"_blank\">www.vhenin.be<\/a>\u00a0and <a href=\"http:\/\/www.vincent-henin.be\/\" target=\"_blank\">www.vincent-henin.be<br \/>\n<\/a><strong>Facebook:<\/strong> <a href=\"https:\/\/fr-fr.facebook.com\/vincenthenin.comixillustration\" target=\"_blank\">Vincent Henin Comix Illustration (Vhenin)<br \/>\n<\/a><strong>Vhenin's blog:<\/strong> <a title=\"Le site de Blateman &amp; Bobine\" href=\"http:\/\/www.vhenin.canalblog.com\" target=\"_blank\">www.vhenin.canalblog.com<\/a><br \/>\n<strong>YouTube: <\/strong><a title=\"Vhenin&#039;s YouTube channel\" href=\"https:\/\/www.youtube.com\/channel\/UCFgRf_TU8ES5LJNMaKOr8Eg\" target=\"_blank\">The Vhenin Range <\/a><\/p>","protected":false},"excerpt":{"rendered":"<p>Souvenirs de la d\u00e9dicace du 5 mars dernier. Merci \u00e0 Anthony, Issara, Coralie et les autres&#8230; \u00c0 refaire absolument ! Vhenin Portfolio: <a href=\"http:\/\/www.vhenin.be\u00a0et\" rel=\"nofollow\">http:\/\/www.vhenin.be\u00a0et<\/a> <a href=\"http:\/\/www.vincent-henin.be\" rel=\"nofollow\">http:\/\/www.vincent-henin.be<\/a> Facebook: Vincent Henin Comix Illustration (Vhenin) Le Blog de Vhenin: <a href=\"http:\/\/www.vhenin.canalblog.com\" rel=\"nofollow\">http:\/\/www.vhenin.canalblog.com<\/a> YouTube: La Cha\u00eene de Vhenin<\/p>","protected":false},"author":74241772,"featured_media":552,"comment_status":"open","ping_status":"open","sticky":false,"template":"","format":"standard","meta":{"_coblocks_attr":"","_coblocks_dimensions":"","_coblocks_responsive_height":"","_coblocks_accordion_ie_support":"","_crdt_document":"","advanced_seo_description":"","jetpack_seo_html_title":"","jetpack_seo_noindex":false,"_jetpack_newsletter_access":"","_jetpack_dont_email_post_to_subs":false,"_jetpack_newsletter_tier_id":0,"_jetpack_memberships_contains_paywalled_content":false,"_jetpack_memberships_contains_paid_content":false,"footnotes":"","jetpack_publicize_message":"","jetpack_publicize_feature_enabled":true,"jetpack_social_post_already_shared":false,"jetpack_social_options":{"image_generator_settings":{"template":"highway","default_image_id":0,"font":"","enabled":false},"version":2},"_wpas_customize_per_network":false,"jetpack_post_was_ever_published":false},"categories":[1223035],"tags":[44670,21752,263100701,1338044,346062291,3968362,1536666,299480777],"class_list":["post-535","post","type-post","status-publish","format-standard","has-post-thumbnail","hentry","category-dedicaces","tag-bande-dessinee","tag-bd","tag-blateman","tag-bobine","tag-loindetout","tag-tarek","tag-tartamudo","tag-vhenin"],"jetpack_publicize_connections":[],"jetpack_featured_media_url":"https:\/\/i0.wp.com\/blateman-bobine.com\/wp-content\/uploads\/2016\/04\/fnac_blateman_bobine_05032016_b.jpg?fit=750%2C1000&ssl=1","jetpack_likes_enabled":true,"jetpack_sharing_enabled":true,"jetpack_shortlink":"https:\/\/wp.me\/p4LVhx-8D","jetpack-related-posts":[{"id":500,"url":"https:\/\/blateman-bobine.com\/en\/souvenirs-dedicace-blateman-bobine-a-la-librairie-brusel-de-flagey-bruxelles\/","url_meta":{"origin":535,"position":0},"title":"Souvenirs of the signing of \"Blateman &amp; Bobine\" at the Br\u00fcsel bookshop in Flagey (Brussels)","author":"Vhenin","date":"26 February 2016","format":false,"excerpt":"Merci \u00e0 Quentin et \u00e0 toute l'\u00e9quipe pour leur accueil chaleureux! C'\u00e9tait le 18\/02 dernier (voir article). J'\u00e9tais en compagnie du dessinateur-sc\u00e9nariste Ben Dessy. Merci \u00e0 tous d'\u00eatre venus! photos: \u00a9Leila Khemissi (pas de reproduction sans l'autorisation de l'auteur -\u00a0http:\/\/www.leilakhemissi.be\/) Vhenin Portfolio: www.vhenin.be\u00a0et www.vincent-henin.be Facebook: Vincent Henin Comix Illustration (Vhenin)\u2026","rel":"","context":"In &quot;D\u00e9dicaces&quot;","block_context":{"text":"D\u00e9dicaces","link":"https:\/\/blateman-bobine.com\/en\/category\/dedications\/"},"img":{"alt_text":"","src":"https:\/\/i0.wp.com\/blateman-bobine.com\/wp-content\/uploads\/2016\/02\/blateman_bobine_bruxelles-13.jpg?fit=600%2C400&ssl=1&resize=350%2C200","width":350,"height":200,"srcset":"https:\/\/i0.wp.com\/blateman-bobine.com\/wp-content\/uploads\/2016\/02\/blateman_bobine_bruxelles-13.jpg?fit=600%2C400&ssl=1&resize=350%2C200 1x, https:\/\/i0.wp.com\/blateman-bobine.com\/wp-content\/uploads\/2016\/02\/blateman_bobine_bruxelles-13.jpg?fit=600%2C400&ssl=1&resize=525%2C300 1.5x"},"classes":[]},{"id":397,"url":"https:\/\/blateman-bobine.com\/en\/memories-of-the-blateman-bobine-dedication-at-sobd-2015-salon-de-la-bd-in-paris\/","url_meta":{"origin":535,"position":1},"title":"Memories of the \"Blateman &amp; Bobine\" signing session at SoBD 2015 - the Paris comics fair","author":"Vhenin","date":"7 December 2015","format":false,"excerpt":"Merci \u00e0 tous d'\u00eatre venus nous voir et bavarder avec nous au stand Tartamudo le week-end des 4, 5 et 6 d\u00e9cembre. Tarek et moi avions le plaisir d'\u00eatre en compagnie d'autres Tartamudois (Tartumud\u00e9ens?): Vincent Pompetti Jos\u00e9 Jover Rodolphe Merci \u00e0 Martine pour sa gentillesse et son support tout au\u2026","rel":"","context":"In &quot;D\u00e9dicaces&quot;","block_context":{"text":"D\u00e9dicaces","link":"https:\/\/blateman-bobine.com\/en\/category\/dedications\/"},"img":{"alt_text":"","src":"https:\/\/i0.wp.com\/blateman-bobine.com\/wp-content\/uploads\/2015\/12\/dsc_0091.jpg?fit=1200%2C800&ssl=1&resize=350%2C200","width":350,"height":200,"srcset":"https:\/\/i0.wp.com\/blateman-bobine.com\/wp-content\/uploads\/2015\/12\/dsc_0091.jpg?fit=1200%2C800&ssl=1&resize=350%2C200 1x, https:\/\/i0.wp.com\/blateman-bobine.com\/wp-content\/uploads\/2015\/12\/dsc_0091.jpg?fit=1200%2C800&ssl=1&resize=525%2C300 1.5x, https:\/\/i0.wp.com\/blateman-bobine.com\/wp-content\/uploads\/2015\/12\/dsc_0091.jpg?fit=1200%2C800&ssl=1&resize=700%2C400 2x, https:\/\/i0.wp.com\/blateman-bobine.com\/wp-content\/uploads\/2015\/12\/dsc_0091.jpg?fit=1200%2C800&ssl=1&resize=1050%2C600 3x"},"classes":[]},{"id":577,"url":"https:\/\/blateman-bobine.com\/en\/memories-dedicated-to-bedebox-waterloo\/","url_meta":{"origin":535,"position":2},"title":"Souvenirs Dedication at B\u00e9d\u00e9box (Waterloo - Belgium)","author":"Vhenin","date":"24 May 2016","format":false,"excerpt":"Merci \u00e0 Fr\u00e9d\u00e9ric de B\u00e9d\u00e9box et R\u00e9gric, le talentueux dessinateur de Lefranc (Casterman), qui m'accompagnait. Un public plus 'Voyages d'Alix' que 'Blateman & Bobine', pour \u00eatre honn\u00eate, mais c'est pas grave, les amateurs du blondinet \u00e0 tunique rouge ont pu d\u00e9couvrir la Blatte super-z(h)\u00e9ros (et se procurer la BD d\u00e9dicac\u00e9e\u2026","rel":"","context":"In &quot;D\u00e9dicaces&quot;","block_context":{"text":"D\u00e9dicaces","link":"https:\/\/blateman-bobine.com\/en\/category\/dedications\/"},"img":{"alt_text":"","src":"https:\/\/i0.wp.com\/blateman-bobine.com\/wp-content\/uploads\/2016\/05\/img_20160423_web.jpg?fit=600%2C800&ssl=1&resize=350%2C200","width":350,"height":200,"srcset":"https:\/\/i0.wp.com\/blateman-bobine.com\/wp-content\/uploads\/2016\/05\/img_20160423_web.jpg?fit=600%2C800&ssl=1&resize=350%2C200 1x, https:\/\/i0.wp.com\/blateman-bobine.com\/wp-content\/uploads\/2016\/05\/img_20160423_web.jpg?fit=600%2C800&ssl=1&resize=525%2C300 1.5x"},"classes":[]},{"id":430,"url":"https:\/\/blateman-bobine.com\/en\/memories-of-the-blateman-reel-dedication-at-the-darlon-library\/","url_meta":{"origin":535,"position":3},"title":"Memories of the \"Blateman &amp; Bobine\" book signing at the Arlon library","author":"Vhenin","date":"22 December 2015","format":false,"excerpt":"Mine de rien, quelque 25-30\u00a0BD d\u00e9dicac\u00e9es (!) en 4 heures de temps et des chouettes rencontres! Les enfants \u00e9taient attir\u00e9s par la BD. L'un d'eux m'a demand\u00e9 en me quittant: \"C'est quand que vous faites la deuxi\u00e8me..?\" \u00e7a fait plaisir \u00e0 entendre, je vous jure!.. Merci \u00e0\u00a0tout le personnel\u00a0de la\u2026","rel":"","context":"In &quot;D\u00e9dicaces&quot;","block_context":{"text":"D\u00e9dicaces","link":"https:\/\/blateman-bobine.com\/en\/category\/dedications\/"},"img":{"alt_text":"","src":"https:\/\/i0.wp.com\/blateman-bobine.com\/wp-content\/uploads\/2015\/12\/une_dedicace_arlon_blateman_bobine.png?fit=1000%2C666&ssl=1&resize=350%2C200","width":350,"height":200,"srcset":"https:\/\/i0.wp.com\/blateman-bobine.com\/wp-content\/uploads\/2015\/12\/une_dedicace_arlon_blateman_bobine.png?fit=1000%2C666&ssl=1&resize=350%2C200 1x, https:\/\/i0.wp.com\/blateman-bobine.com\/wp-content\/uploads\/2015\/12\/une_dedicace_arlon_blateman_bobine.png?fit=1000%2C666&ssl=1&resize=525%2C300 1.5x, https:\/\/i0.wp.com\/blateman-bobine.com\/wp-content\/uploads\/2015\/12\/une_dedicace_arlon_blateman_bobine.png?fit=1000%2C666&ssl=1&resize=700%2C400 2x"},"classes":[]},{"id":749,"url":"https:\/\/blateman-bobine.com\/en\/memories-of-the-brussels-bd-festival\/","url_meta":{"origin":535,"position":4},"title":"Memories of the Brussels Comic Festival","author":"Vhenin","date":"23 September 2016","format":false,"excerpt":"C'\u00e9tait les 3 et 4 septembre derniers. Une excellente \u00e9dition de ce Festival international tenu dans le somptueux cadre du parc de Bruxelles, en face du Palais Royal. La Blatte et son assistant \u00e0 la tignasse jaune \u00e9taient l\u00e0 en force! \"Blateman & Bobine\" (sous le pseudo de 'Vhenin') a\u2026","rel":"","context":"In &quot;D\u00e9dicaces&quot;","block_context":{"text":"D\u00e9dicaces","link":"https:\/\/blateman-bobine.com\/en\/category\/dedications\/"},"img":{"alt_text":"","src":"https:\/\/i0.wp.com\/blateman-bobine.com\/wp-content\/uploads\/2016\/09\/blateman_bobine_super_heros_fete_bd_bruxelles_web.jpg?fit=600%2C848&ssl=1&resize=350%2C200","width":350,"height":200,"srcset":"https:\/\/i0.wp.com\/blateman-bobine.com\/wp-content\/uploads\/2016\/09\/blateman_bobine_super_heros_fete_bd_bruxelles_web.jpg?fit=600%2C848&ssl=1&resize=350%2C200 1x, https:\/\/i0.wp.com\/blateman-bobine.com\/wp-content\/uploads\/2016\/09\/blateman_bobine_super_heros_fete_bd_bruxelles_web.jpg?fit=600%2C848&ssl=1&resize=525%2C300 1.5x"},"classes":[]},{"id":697,"url":"https:\/\/blateman-bobine.com\/en\/memories-of-the-festival-abracadabulles-dolonne-sur-mer\/","url_meta":{"origin":535,"position":5},"title":"Memories of the ABRACADABULLES Festival in Olonne-sur-Mer","author":"Vhenin","date":"16 September 2016","format":false,"excerpt":"Tarek et Vhenin \u00e9taient pr\u00e9sents \u00e0 la 17e \u00e9dition de Festival BD d'Olonne-sur-mer \"ABRACADABULLES\". Blateman et Bobine sculpt\u00e9s en ballons par Lucky Benji - sculpteur de ballons. Des tr\u00e8s chouettes rencontres, une organisation au top et des b\u00e9n\u00e9voles d\u00e9vou\u00e9s au maximum ! What else ?! Copyright Photos \u00a9 Khushboo Bhagat\u2026","rel":"","context":"In &quot;D\u00e9dicaces&quot;","block_context":{"text":"D\u00e9dicaces","link":"https:\/\/blateman-bobine.com\/en\/category\/dedications\/"},"img":{"alt_text":"","src":"https:\/\/i0.wp.com\/blateman-bobine.com\/wp-content\/uploads\/2016\/09\/blateman_bobine_abracadabulles-2016-11.jpg?fit=800%2C1200&ssl=1&resize=350%2C200","width":350,"height":200,"srcset":"https:\/\/i0.wp.com\/blateman-bobine.com\/wp-content\/uploads\/2016\/09\/blateman_bobine_abracadabulles-2016-11.jpg?fit=800%2C1200&ssl=1&resize=350%2C200 1x, https:\/\/i0.wp.com\/blateman-bobine.com\/wp-content\/uploads\/2016\/09\/blateman_bobine_abracadabulles-2016-11.jpg?fit=800%2C1200&ssl=1&resize=525%2C300 1.5x, https:\/\/i0.wp.com\/blateman-bobine.com\/wp-content\/uploads\/2016\/09\/blateman_bobine_abracadabulles-2016-11.jpg?fit=800%2C1200&ssl=1&resize=700%2C400 2x"},"classes":[]}],"_links":{"self":[{"href":"https:\/\/blateman-bobine.com\/en\/wp-json\/wp\/v2\/posts\/535","targetHints":{"allow":["GET"]}}],"collection":[{"href":"https:\/\/blateman-bobine.com\/en\/wp-json\/wp\/v2\/posts"}],"about":[{"href":"https:\/\/blateman-bobine.com\/en\/wp-json\/wp\/v2\/types\/post"}],"author":[{"embeddable":true,"href":"https:\/\/blateman-bobine.com\/en\/wp-json\/wp\/v2\/users\/74241772"}],"replies":[{"embeddable":true,"href":"https:\/\/blateman-bobine.com\/en\/wp-json\/wp\/v2\/comments?post=535"}],"version-history":[{"count":6,"href":"https:\/\/blateman-bobine.com\/en\/wp-json\/wp\/v2\/posts\/535\/revisions"}],"predecessor-version":[{"id":558,"href":"https:\/\/blateman-bobine.com\/en\/wp-json\/wp\/v2\/posts\/535\/revisions\/558"}],"wp:featuredmedia":[{"embeddable":true,"href":"https:\/\/blateman-bobine.com\/en\/wp-json\/wp\/v2\/media\/552"}],"wp:attachment":[{"href":"https:\/\/blateman-bobine.com\/en\/wp-json\/wp\/v2\/media?parent=535"}],"wp:term":[{"taxonomy":"category","embeddable":true,"href":"https:\/\/blateman-bobine.com\/en\/wp-json\/wp\/v2\/categories?post=535"},{"taxonomy":"post_tag","embeddable":true,"href":"https:\/\/blateman-bobine.com\/en\/wp-json\/wp\/v2\/tags?post=535"}],"curies":[{"name":"wp","href":"https:\/\/api.w.org\/{rel}","templated":true}]}}