{"id":778,"date":"2016-09-26T08:59:02","date_gmt":"2016-09-26T07:59:02","guid":{"rendered":"https:\/\/blateman-bobine.com\/fr\/?p=778"},"modified":"2025-03-28T16:56:02","modified_gmt":"2025-03-28T15:56:02","slug":"vhenin-et-tarek-en-dedicace-au-salon-du-livre-de-juvardeil","status":"publish","type":"post","link":"https:\/\/blateman-bobine.com\/en\/vhenin-et-tarek-en-dedicace-au-salon-du-livre-de-juvardeil\/","title":{"rendered":"Vhenin and Tarek sign their books at the Juvardeil book fair"},"content":{"rendered":"<figure class=\"wp-block-image\"><img data-recalc-dims=\"1\" loading=\"lazy\" decoding=\"async\" width=\"1024\" height=\"684\" data-attachment-id=\"789\" data-permalink=\"https:\/\/blateman-bobine.com\/en\/vhenin-et-tarek-en-dedicace-au-salon-du-livre-de-juvardeil\/p1440653\/\" data-orig-file=\"https:\/\/i0.wp.com\/blateman-bobine.com\/wp-content\/uploads\/2016\/09\/p1440653.jpg?fit=1024%2C684&amp;ssl=1\" data-orig-size=\"1024,684\" data-comments-opened=\"1\" data-image-meta=\"{&quot;aperture&quot;:&quot;2.8&quot;,&quot;credit&quot;:&quot;&quot;,&quot;camera&quot;:&quot;DMC-FZ200&quot;,&quot;caption&quot;:&quot;&quot;,&quot;created_timestamp&quot;:&quot;1474820412&quot;,&quot;copyright&quot;:&quot;&quot;,&quot;focal_length&quot;:&quot;4.5&quot;,&quot;iso&quot;:&quot;125&quot;,&quot;shutter_speed&quot;:&quot;0.016666666666667&quot;,&quot;title&quot;:&quot;&quot;,&quot;orientation&quot;:&quot;1&quot;}\" data-image-title=\"Blateman et Bobine\" data-image-description=\"\" data-image-caption=\"\" data-large-file=\"https:\/\/i0.wp.com\/blateman-bobine.com\/wp-content\/uploads\/2016\/09\/p1440653.jpg?fit=1024%2C684&amp;ssl=1\" src=\"https:\/\/i0.wp.com\/blateman-bobine.com\/fr\/wp-content\/uploads\/2016\/09\/p1440653.jpg?resize=1024%2C684&#038;ssl=1\" alt=\"p1440653\" class=\"wp-image-789\"\/><\/figure>\n\n\n\n<p class=\"wp-block-paragraph\"><\/p>\n\n\n\n<figure class=\"wp-block-gallery has-nested-images columns-3 is-cropped wp-block-gallery-1 is-layout-flex wp-block-gallery-is-layout-flex\">\n<figure class=\"wp-block-image size-large\"><img data-recalc-dims=\"1\" loading=\"lazy\" decoding=\"async\" width=\"1024\" height=\"684\" data-attachment-id=\"780\" data-permalink=\"https:\/\/blateman-bobine.com\/en\/vhenin-et-tarek-en-dedicace-au-salon-du-livre-de-juvardeil\/p1440626\/\" data-orig-file=\"https:\/\/i0.wp.com\/blateman-bobine.com\/wp-content\/uploads\/2016\/09\/p1440626.jpg?fit=1024%2C684&amp;ssl=1\" data-orig-size=\"1024,684\" data-comments-opened=\"1\" data-image-meta=\"{&quot;aperture&quot;:&quot;2.8&quot;,&quot;credit&quot;:&quot;&quot;,&quot;camera&quot;:&quot;DMC-FZ200&quot;,&quot;caption&quot;:&quot;&quot;,&quot;created_timestamp&quot;:&quot;1474805211&quot;,&quot;copyright&quot;:&quot;&quot;,&quot;focal_length&quot;:&quot;4.5&quot;,&quot;iso&quot;:&quot;1250&quot;,&quot;shutter_speed&quot;:&quot;0.004&quot;,&quot;title&quot;:&quot;&quot;,&quot;orientation&quot;:&quot;1&quot;}\" data-image-title=\"Blateman et Bobine\" data-image-description=\"\" data-image-caption=\"\" data-large-file=\"https:\/\/i0.wp.com\/blateman-bobine.com\/wp-content\/uploads\/2016\/09\/p1440626.jpg?fit=1024%2C684&amp;ssl=1\" data-id=\"780\" src=\"https:\/\/i0.wp.com\/blateman-bobine.com\/fr\/wp-content\/uploads\/2016\/09\/p1440626.jpg?resize=1024%2C684&#038;ssl=1\" alt=\"\" class=\"wp-image-780\"\/><\/figure>\n\n\n\n<figure class=\"wp-block-image size-large\"><img data-recalc-dims=\"1\" loading=\"lazy\" decoding=\"async\" width=\"1024\" height=\"684\" data-attachment-id=\"781\" data-permalink=\"https:\/\/blateman-bobine.com\/en\/vhenin-et-tarek-en-dedicace-au-salon-du-livre-de-juvardeil\/p1440632\/\" data-orig-file=\"https:\/\/i0.wp.com\/blateman-bobine.com\/wp-content\/uploads\/2016\/09\/p1440632.jpg?fit=1024%2C684&amp;ssl=1\" data-orig-size=\"1024,684\" data-comments-opened=\"1\" data-image-meta=\"{&quot;aperture&quot;:&quot;2.8&quot;,&quot;credit&quot;:&quot;&quot;,&quot;camera&quot;:&quot;DMC-FZ200&quot;,&quot;caption&quot;:&quot;&quot;,&quot;created_timestamp&quot;:&quot;1474813135&quot;,&quot;copyright&quot;:&quot;&quot;,&quot;focal_length&quot;:&quot;4.5&quot;,&quot;iso&quot;:&quot;320&quot;,&quot;shutter_speed&quot;:&quot;0.016666666666667&quot;,&quot;title&quot;:&quot;&quot;,&quot;orientation&quot;:&quot;1&quot;}\" data-image-title=\"Blateman et Bobine\" data-image-description=\"\" data-image-caption=\"\" data-large-file=\"https:\/\/i0.wp.com\/blateman-bobine.com\/wp-content\/uploads\/2016\/09\/p1440632.jpg?fit=1024%2C684&amp;ssl=1\" data-id=\"781\" src=\"https:\/\/i0.wp.com\/blateman-bobine.com\/fr\/wp-content\/uploads\/2016\/09\/p1440632.jpg?resize=1024%2C684&#038;ssl=1\" alt=\"\" class=\"wp-image-781\"\/><\/figure>\n\n\n\n<figure class=\"wp-block-image size-large\"><img data-recalc-dims=\"1\" loading=\"lazy\" decoding=\"async\" width=\"1024\" height=\"684\" data-attachment-id=\"782\" data-permalink=\"https:\/\/blateman-bobine.com\/en\/vhenin-et-tarek-en-dedicace-au-salon-du-livre-de-juvardeil\/p1440633\/\" data-orig-file=\"https:\/\/i0.wp.com\/blateman-bobine.com\/wp-content\/uploads\/2016\/09\/p1440633.jpg?fit=1024%2C684&amp;ssl=1\" data-orig-size=\"1024,684\" data-comments-opened=\"1\" data-image-meta=\"{&quot;aperture&quot;:&quot;2.8&quot;,&quot;credit&quot;:&quot;&quot;,&quot;camera&quot;:&quot;DMC-FZ200&quot;,&quot;caption&quot;:&quot;&quot;,&quot;created_timestamp&quot;:&quot;1474813137&quot;,&quot;copyright&quot;:&quot;&quot;,&quot;focal_length&quot;:&quot;4.5&quot;,&quot;iso&quot;:&quot;320&quot;,&quot;shutter_speed&quot;:&quot;0.016666666666667&quot;,&quot;title&quot;:&quot;&quot;,&quot;orientation&quot;:&quot;1&quot;}\" data-image-title=\"Blateman et Bobine\" data-image-description=\"\" data-image-caption=\"\" data-large-file=\"https:\/\/i0.wp.com\/blateman-bobine.com\/wp-content\/uploads\/2016\/09\/p1440633.jpg?fit=1024%2C684&amp;ssl=1\" data-id=\"782\" src=\"https:\/\/i0.wp.com\/blateman-bobine.com\/fr\/wp-content\/uploads\/2016\/09\/p1440633.jpg?resize=1024%2C684&#038;ssl=1\" alt=\"\" class=\"wp-image-782\"\/><\/figure>\n\n\n\n<figure class=\"wp-block-image size-large\"><img data-recalc-dims=\"1\" loading=\"lazy\" decoding=\"async\" width=\"1024\" height=\"684\" data-attachment-id=\"783\" data-permalink=\"https:\/\/blateman-bobine.com\/en\/vhenin-et-tarek-en-dedicace-au-salon-du-livre-de-juvardeil\/p1440634\/\" data-orig-file=\"https:\/\/i0.wp.com\/blateman-bobine.com\/wp-content\/uploads\/2016\/09\/p1440634.jpg?fit=1024%2C684&amp;ssl=1\" data-orig-size=\"1024,684\" data-comments-opened=\"1\" data-image-meta=\"{&quot;aperture&quot;:&quot;2.8&quot;,&quot;credit&quot;:&quot;&quot;,&quot;camera&quot;:&quot;DMC-FZ200&quot;,&quot;caption&quot;:&quot;&quot;,&quot;created_timestamp&quot;:&quot;1474813138&quot;,&quot;copyright&quot;:&quot;&quot;,&quot;focal_length&quot;:&quot;4.5&quot;,&quot;iso&quot;:&quot;320&quot;,&quot;shutter_speed&quot;:&quot;0.016666666666667&quot;,&quot;title&quot;:&quot;&quot;,&quot;orientation&quot;:&quot;1&quot;}\" data-image-title=\"Blateman et Bobine\" data-image-description=\"\" data-image-caption=\"\" data-large-file=\"https:\/\/i0.wp.com\/blateman-bobine.com\/wp-content\/uploads\/2016\/09\/p1440634.jpg?fit=1024%2C684&amp;ssl=1\" data-id=\"783\" src=\"https:\/\/i0.wp.com\/blateman-bobine.com\/fr\/wp-content\/uploads\/2016\/09\/p1440634.jpg?resize=1024%2C684&#038;ssl=1\" alt=\"\" class=\"wp-image-783\"\/><\/figure>\n\n\n\n<figure class=\"wp-block-image size-large\"><img data-recalc-dims=\"1\" loading=\"lazy\" decoding=\"async\" width=\"1024\" height=\"684\" data-attachment-id=\"784\" data-permalink=\"https:\/\/blateman-bobine.com\/en\/vhenin-et-tarek-en-dedicace-au-salon-du-livre-de-juvardeil\/p1440636\/\" data-orig-file=\"https:\/\/i0.wp.com\/blateman-bobine.com\/wp-content\/uploads\/2016\/09\/p1440636.jpg?fit=1024%2C684&amp;ssl=1\" data-orig-size=\"1024,684\" data-comments-opened=\"1\" data-image-meta=\"{&quot;aperture&quot;:&quot;2.8&quot;,&quot;credit&quot;:&quot;&quot;,&quot;camera&quot;:&quot;DMC-FZ200&quot;,&quot;caption&quot;:&quot;&quot;,&quot;created_timestamp&quot;:&quot;1474813143&quot;,&quot;copyright&quot;:&quot;&quot;,&quot;focal_length&quot;:&quot;4.5&quot;,&quot;iso&quot;:&quot;400&quot;,&quot;shutter_speed&quot;:&quot;0.016666666666667&quot;,&quot;title&quot;:&quot;&quot;,&quot;orientation&quot;:&quot;1&quot;}\" data-image-title=\"Blateman et Bobine\" data-image-description=\"\" data-image-caption=\"\" data-large-file=\"https:\/\/i0.wp.com\/blateman-bobine.com\/wp-content\/uploads\/2016\/09\/p1440636.jpg?fit=1024%2C684&amp;ssl=1\" data-id=\"784\" src=\"https:\/\/i0.wp.com\/blateman-bobine.com\/fr\/wp-content\/uploads\/2016\/09\/p1440636.jpg?resize=1024%2C684&#038;ssl=1\" alt=\"\" class=\"wp-image-784\"\/><\/figure>\n\n\n\n<figure class=\"wp-block-image size-large\"><img data-recalc-dims=\"1\" loading=\"lazy\" decoding=\"async\" width=\"1024\" height=\"684\" data-attachment-id=\"785\" data-permalink=\"https:\/\/blateman-bobine.com\/en\/vhenin-et-tarek-en-dedicace-au-salon-du-livre-de-juvardeil\/p1440639\/\" data-orig-file=\"https:\/\/i0.wp.com\/blateman-bobine.com\/wp-content\/uploads\/2016\/09\/p1440639.jpg?fit=1024%2C684&amp;ssl=1\" data-orig-size=\"1024,684\" data-comments-opened=\"1\" data-image-meta=\"{&quot;aperture&quot;:&quot;2.8&quot;,&quot;credit&quot;:&quot;&quot;,&quot;camera&quot;:&quot;DMC-FZ200&quot;,&quot;caption&quot;:&quot;&quot;,&quot;created_timestamp&quot;:&quot;1474813148&quot;,&quot;copyright&quot;:&quot;&quot;,&quot;focal_length&quot;:&quot;4.5&quot;,&quot;iso&quot;:&quot;250&quot;,&quot;shutter_speed&quot;:&quot;0.016666666666667&quot;,&quot;title&quot;:&quot;&quot;,&quot;orientation&quot;:&quot;1&quot;}\" data-image-title=\"Blateman et Bobine\" data-image-description=\"\" data-image-caption=\"\" data-large-file=\"https:\/\/i0.wp.com\/blateman-bobine.com\/wp-content\/uploads\/2016\/09\/p1440639.jpg?fit=1024%2C684&amp;ssl=1\" data-id=\"785\" src=\"https:\/\/i0.wp.com\/blateman-bobine.com\/fr\/wp-content\/uploads\/2016\/09\/p1440639.jpg?resize=1024%2C684&#038;ssl=1\" alt=\"\" class=\"wp-image-785\"\/><\/figure>\n\n\n\n<figure class=\"wp-block-image size-large\"><img data-recalc-dims=\"1\" loading=\"lazy\" decoding=\"async\" width=\"513\" height=\"768\" data-attachment-id=\"786\" data-permalink=\"https:\/\/blateman-bobine.com\/en\/vhenin-et-tarek-en-dedicace-au-salon-du-livre-de-juvardeil\/p1440648\/\" data-orig-file=\"https:\/\/i0.wp.com\/blateman-bobine.com\/wp-content\/uploads\/2016\/09\/p1440648.jpg?fit=513%2C768&amp;ssl=1\" data-orig-size=\"513,768\" data-comments-opened=\"1\" data-image-meta=\"{&quot;aperture&quot;:&quot;2.8&quot;,&quot;credit&quot;:&quot;&quot;,&quot;camera&quot;:&quot;DMC-FZ200&quot;,&quot;caption&quot;:&quot;&quot;,&quot;created_timestamp&quot;:&quot;1474815687&quot;,&quot;copyright&quot;:&quot;&quot;,&quot;focal_length&quot;:&quot;4.5&quot;,&quot;iso&quot;:&quot;250&quot;,&quot;shutter_speed&quot;:&quot;0.016666666666667&quot;,&quot;title&quot;:&quot;&quot;,&quot;orientation&quot;:&quot;1&quot;}\" data-image-title=\"Blateman et Bobine\" data-image-description=\"\" data-image-caption=\"\" data-large-file=\"https:\/\/i0.wp.com\/blateman-bobine.com\/wp-content\/uploads\/2016\/09\/p1440648.jpg?fit=513%2C768&amp;ssl=1\" data-id=\"786\" src=\"https:\/\/i0.wp.com\/blateman-bobine.com\/fr\/wp-content\/uploads\/2016\/09\/p1440648.jpg?resize=513%2C768&#038;ssl=1\" alt=\"\" class=\"wp-image-786\"\/><\/figure>\n\n\n\n<figure class=\"wp-block-image size-large\"><img data-recalc-dims=\"1\" loading=\"lazy\" decoding=\"async\" width=\"1024\" height=\"684\" data-attachment-id=\"787\" data-permalink=\"https:\/\/blateman-bobine.com\/en\/vhenin-et-tarek-en-dedicace-au-salon-du-livre-de-juvardeil\/p1440651\/\" data-orig-file=\"https:\/\/i0.wp.com\/blateman-bobine.com\/wp-content\/uploads\/2016\/09\/p1440651.jpg?fit=1024%2C684&amp;ssl=1\" data-orig-size=\"1024,684\" data-comments-opened=\"1\" data-image-meta=\"{&quot;aperture&quot;:&quot;2.8&quot;,&quot;credit&quot;:&quot;&quot;,&quot;camera&quot;:&quot;DMC-FZ200&quot;,&quot;caption&quot;:&quot;&quot;,&quot;created_timestamp&quot;:&quot;1474815693&quot;,&quot;copyright&quot;:&quot;&quot;,&quot;focal_length&quot;:&quot;4.5&quot;,&quot;iso&quot;:&quot;160&quot;,&quot;shutter_speed&quot;:&quot;0.016666666666667&quot;,&quot;title&quot;:&quot;&quot;,&quot;orientation&quot;:&quot;1&quot;}\" data-image-title=\"Blateman et Bobine\" data-image-description=\"\" data-image-caption=\"\" data-large-file=\"https:\/\/i0.wp.com\/blateman-bobine.com\/wp-content\/uploads\/2016\/09\/p1440651.jpg?fit=1024%2C684&amp;ssl=1\" data-id=\"787\" src=\"https:\/\/i0.wp.com\/blateman-bobine.com\/fr\/wp-content\/uploads\/2016\/09\/p1440651.jpg?resize=1024%2C684&#038;ssl=1\" alt=\"\" class=\"wp-image-787\"\/><\/figure>\n\n\n\n<figure class=\"wp-block-image size-large\"><img data-recalc-dims=\"1\" loading=\"lazy\" decoding=\"async\" width=\"1024\" height=\"684\" data-attachment-id=\"788\" data-permalink=\"https:\/\/blateman-bobine.com\/en\/vhenin-et-tarek-en-dedicace-au-salon-du-livre-de-juvardeil\/p1440652\/\" data-orig-file=\"https:\/\/i0.wp.com\/blateman-bobine.com\/wp-content\/uploads\/2016\/09\/p1440652.jpg?fit=1024%2C684&amp;ssl=1\" data-orig-size=\"1024,684\" data-comments-opened=\"1\" data-image-meta=\"{&quot;aperture&quot;:&quot;2.8&quot;,&quot;credit&quot;:&quot;&quot;,&quot;camera&quot;:&quot;DMC-FZ200&quot;,&quot;caption&quot;:&quot;&quot;,&quot;created_timestamp&quot;:&quot;1474820399&quot;,&quot;copyright&quot;:&quot;&quot;,&quot;focal_length&quot;:&quot;4.5&quot;,&quot;iso&quot;:&quot;160&quot;,&quot;shutter_speed&quot;:&quot;0.016666666666667&quot;,&quot;title&quot;:&quot;&quot;,&quot;orientation&quot;:&quot;1&quot;}\" data-image-title=\"Blateman et Bobine\" data-image-description=\"\" data-image-caption=\"\" data-large-file=\"https:\/\/i0.wp.com\/blateman-bobine.com\/wp-content\/uploads\/2016\/09\/p1440652.jpg?fit=1024%2C684&amp;ssl=1\" data-id=\"788\" src=\"https:\/\/i0.wp.com\/blateman-bobine.com\/fr\/wp-content\/uploads\/2016\/09\/p1440652.jpg?resize=1024%2C684&#038;ssl=1\" alt=\"\" class=\"wp-image-788\"\/><\/figure>\n\n\n\n<figure class=\"wp-block-image size-large\"><img data-recalc-dims=\"1\" loading=\"lazy\" decoding=\"async\" width=\"513\" height=\"768\" data-attachment-id=\"790\" data-permalink=\"https:\/\/blateman-bobine.com\/en\/vhenin-et-tarek-en-dedicace-au-salon-du-livre-de-juvardeil\/p1440662\/\" data-orig-file=\"https:\/\/i0.wp.com\/blateman-bobine.com\/wp-content\/uploads\/2016\/09\/p1440662.jpg?fit=513%2C768&amp;ssl=1\" data-orig-size=\"513,768\" data-comments-opened=\"1\" data-image-meta=\"{&quot;aperture&quot;:&quot;2.8&quot;,&quot;credit&quot;:&quot;&quot;,&quot;camera&quot;:&quot;DMC-FZ200&quot;,&quot;caption&quot;:&quot;&quot;,&quot;created_timestamp&quot;:&quot;1474824015&quot;,&quot;copyright&quot;:&quot;&quot;,&quot;focal_length&quot;:&quot;4.5&quot;,&quot;iso&quot;:&quot;125&quot;,&quot;shutter_speed&quot;:&quot;0.016666666666667&quot;,&quot;title&quot;:&quot;&quot;,&quot;orientation&quot;:&quot;1&quot;}\" data-image-title=\"Blateman et Bobine\" data-image-description=\"\" data-image-caption=\"\" data-large-file=\"https:\/\/i0.wp.com\/blateman-bobine.com\/wp-content\/uploads\/2016\/09\/p1440662.jpg?fit=513%2C768&amp;ssl=1\" data-id=\"790\" src=\"https:\/\/i0.wp.com\/blateman-bobine.com\/fr\/wp-content\/uploads\/2016\/09\/p1440662.jpg?resize=513%2C768&#038;ssl=1\" alt=\"\" class=\"wp-image-790\"\/><\/figure>\n\n\n\n<figure class=\"wp-block-image size-large\"><img data-recalc-dims=\"1\" loading=\"lazy\" decoding=\"async\" width=\"513\" height=\"768\" data-attachment-id=\"791\" data-permalink=\"https:\/\/blateman-bobine.com\/en\/vhenin-et-tarek-en-dedicace-au-salon-du-livre-de-juvardeil\/p1440666\/\" data-orig-file=\"https:\/\/i0.wp.com\/blateman-bobine.com\/wp-content\/uploads\/2016\/09\/p1440666.jpg?fit=513%2C768&amp;ssl=1\" data-orig-size=\"513,768\" data-comments-opened=\"1\" data-image-meta=\"{&quot;aperture&quot;:&quot;2.8&quot;,&quot;credit&quot;:&quot;&quot;,&quot;camera&quot;:&quot;DMC-FZ200&quot;,&quot;caption&quot;:&quot;&quot;,&quot;created_timestamp&quot;:&quot;1474824022&quot;,&quot;copyright&quot;:&quot;&quot;,&quot;focal_length&quot;:&quot;10.1&quot;,&quot;iso&quot;:&quot;320&quot;,&quot;shutter_speed&quot;:&quot;0.016666666666667&quot;,&quot;title&quot;:&quot;&quot;,&quot;orientation&quot;:&quot;1&quot;}\" data-image-title=\"Blateman et Bobine\" data-image-description=\"\" data-image-caption=\"\" data-large-file=\"https:\/\/i0.wp.com\/blateman-bobine.com\/wp-content\/uploads\/2016\/09\/p1440666.jpg?fit=513%2C768&amp;ssl=1\" data-id=\"791\" src=\"https:\/\/i0.wp.com\/blateman-bobine.com\/fr\/wp-content\/uploads\/2016\/09\/p1440666.jpg?resize=513%2C768&#038;ssl=1\" alt=\"\" class=\"wp-image-791\"\/><\/figure>\n<\/figure>\n\n\n\n<figure class=\"wp-block-image\"><img data-recalc-dims=\"1\" loading=\"lazy\" decoding=\"async\" width=\"1024\" height=\"684\" data-attachment-id=\"779\" data-permalink=\"https:\/\/blateman-bobine.com\/en\/vhenin-et-tarek-en-dedicace-au-salon-du-livre-de-juvardeil\/p1440619\/\" data-orig-file=\"https:\/\/i0.wp.com\/blateman-bobine.com\/wp-content\/uploads\/2016\/09\/p1440619.jpg?fit=1024%2C684&amp;ssl=1\" data-orig-size=\"1024,684\" data-comments-opened=\"1\" data-image-meta=\"{&quot;aperture&quot;:&quot;2.8&quot;,&quot;credit&quot;:&quot;&quot;,&quot;camera&quot;:&quot;DMC-FZ200&quot;,&quot;caption&quot;:&quot;&quot;,&quot;created_timestamp&quot;:&quot;1474800345&quot;,&quot;copyright&quot;:&quot;&quot;,&quot;focal_length&quot;:&quot;4.5&quot;,&quot;iso&quot;:&quot;400&quot;,&quot;shutter_speed&quot;:&quot;0.025&quot;,&quot;title&quot;:&quot;&quot;,&quot;orientation&quot;:&quot;1&quot;}\" data-image-title=\"Blateman et Bobine\" data-image-description=\"\" data-image-caption=\"\" data-large-file=\"https:\/\/i0.wp.com\/blateman-bobine.com\/wp-content\/uploads\/2016\/09\/p1440619.jpg?fit=1024%2C684&amp;ssl=1\" src=\"https:\/\/i0.wp.com\/blateman-bobine.com\/fr\/wp-content\/uploads\/2016\/09\/p1440619.jpg?resize=1024%2C684&#038;ssl=1\" alt=\"p1440619\" class=\"wp-image-779\"\/><\/figure>\n\n\n\n<p class=\"wp-block-paragraph\"><\/p>","protected":false},"excerpt":{"rendered":"","protected":false},"author":25794081,"featured_media":785,"comment_status":"open","ping_status":"open","sticky":false,"template":"","format":"gallery","meta":{"_coblocks_attr":"","_coblocks_dimensions":"","_coblocks_responsive_height":"","_coblocks_accordion_ie_support":"","_crdt_document":"","advanced_seo_description":"","jetpack_seo_html_title":"","jetpack_seo_noindex":false,"_jetpack_newsletter_access":"","_jetpack_dont_email_post_to_subs":false,"_jetpack_newsletter_tier_id":0,"_jetpack_memberships_contains_paywalled_content":false,"_jetpack_memberships_contains_paid_content":false,"footnotes":"","jetpack_publicize_message":"","jetpack_publicize_feature_enabled":true,"jetpack_social_post_already_shared":false,"jetpack_social_options":{"image_generator_settings":{"template":"highway","default_image_id":0,"font":"","enabled":false},"version":2},"_wpas_customize_per_network":false,"jetpack_post_was_ever_published":false},"categories":[1223035],"tags":[834102,44670,21752,263100701,1338044,3883569,546252760,35,76505992,346062291,39123,3968362,1536666,299480777],"class_list":["post-778","post","type-post","status-publish","format-gallery","has-post-thumbnail","hentry","category-dedicaces","tag-anjou","tag-bande-dessinee","tag-bd","tag-blateman","tag-bobine","tag-comics-book","tag-comics_book","tag-humour","tag-juvardeil","tag-loindetout","tag-super-heros","tag-tarek","tag-tartamudo","tag-vhenin","post_format-post-format-gallery"],"jetpack_publicize_connections":[],"jetpack_featured_media_url":"https:\/\/i0.wp.com\/blateman-bobine.com\/wp-content\/uploads\/2016\/09\/p1440639.jpg?fit=1024%2C684&ssl=1","jetpack_likes_enabled":true,"jetpack_sharing_enabled":true,"jetpack_shortlink":"https:\/\/wp.me\/p4LVhx-cy","jetpack-related-posts":[{"id":507,"url":"https:\/\/blateman-bobine.com\/en\/vhenin-to-sign-at-fnac-la-toison-dor-in-brussels-on-5-march\/","url_meta":{"origin":778,"position":0},"title":"Vhenin to sign at FNAC la Toison d'Or in Brussels on 5 March","author":"Tarek Ben Yakhlef","date":"29 February 2016","format":false,"excerpt":"Vhenin will be holding a special signing session for \"Blateman &amp; Bobine\" at the FNAC de la Toison d'Or in Brussels on 5 March from 2pm.","rel":"","context":"In &quot;D\u00e9dicaces&quot;","block_context":{"text":"D\u00e9dicaces","link":"https:\/\/blateman-bobine.com\/en\/category\/dedications\/"},"img":{"alt_text":"","src":"https:\/\/i0.wp.com\/blateman-bobine.com\/wp-content\/uploads\/2016\/02\/dedicace_toison-dor_vhenin_blateman_bobine.jpg?fit=900%2C691&ssl=1&resize=350%2C200","width":350,"height":200,"srcset":"https:\/\/i0.wp.com\/blateman-bobine.com\/wp-content\/uploads\/2016\/02\/dedicace_toison-dor_vhenin_blateman_bobine.jpg?fit=900%2C691&ssl=1&resize=350%2C200 1x, https:\/\/i0.wp.com\/blateman-bobine.com\/wp-content\/uploads\/2016\/02\/dedicace_toison-dor_vhenin_blateman_bobine.jpg?fit=900%2C691&ssl=1&resize=525%2C300 1.5x, https:\/\/i0.wp.com\/blateman-bobine.com\/wp-content\/uploads\/2016\/02\/dedicace_toison-dor_vhenin_blateman_bobine.jpg?fit=900%2C691&ssl=1&resize=700%2C400 2x"},"classes":[]},{"id":742,"url":"https:\/\/blateman-bobine.com\/en\/blateman-bobine-in-dedication-at-the-juvardeil-festilivres-fr-49\/","url_meta":{"origin":778,"position":1},"title":"Blateman &amp; Bobine sign at the Festilivres in Juvardeil (FR - 49)","author":"Vhenin","date":"23 September 2016","format":false,"excerpt":"Tarek et moi-m\u00eame, Vhenin, serons en d\u00e9dicaces pour d\u00e9fendre haut et fort les couleurs de nos deux super-h\u00e9ros de la loose, \"Blateman & Bobine\" \u00e0 JUVARDEIL au Festilivres le dimanche 25 septembre 2016 Venez nombreux ! Vhenin Portfolio: www.vhenin.be Facebook: Vincent Henin Comix Illustration (Vhenin) Le Blog de Vhenin: www.vhenin.canalblog.com\u2026","rel":"","context":"In &quot;D\u00e9dicaces&quot;","block_context":{"text":"D\u00e9dicaces","link":"https:\/\/blateman-bobine.com\/en\/category\/dedications\/"},"img":{"alt_text":"","src":"https:\/\/i0.wp.com\/blateman-bobine.com\/wp-content\/uploads\/2016\/09\/affiche_blateman_bobine_juvardeil.jpg?fit=500%2C800&ssl=1&resize=350%2C200","width":350,"height":200},"classes":[]},{"id":364,"url":"https:\/\/blateman-bobine.com\/en\/blateman-bobine-in-dedication-at-the-sobd-festival-in-paris\/","url_meta":{"origin":778,"position":2},"title":"Blateman &amp; Bobine sign at the SoBD Festival (Paris)","author":"Vhenin","date":"29 November 2015","format":false,"excerpt":"Vhenin and Tarek will be at publisher Tartamudo's stand at the SoBD festival, the Paris comics fair: - When? 4, 5 and 6 December 2015 from 3pm to 7pm on Friday and 11am to 7pm on the other days - Where? Halle des Blancs Manteaux, 48 rue Vieille du Temple, Paris...","rel":"","context":"In &quot;D\u00e9dicaces&quot;","block_context":{"text":"D\u00e9dicaces","link":"https:\/\/blateman-bobine.com\/en\/category\/dedications\/"},"img":{"alt_text":"","src":"https:\/\/i0.wp.com\/blateman-bobine.com\/wp-content\/uploads\/2015\/11\/flyer-sobd-recto_tarek_vhenin.jpg?fit=848%2C1200&ssl=1&resize=350%2C200","width":350,"height":200,"srcset":"https:\/\/i0.wp.com\/blateman-bobine.com\/wp-content\/uploads\/2015\/11\/flyer-sobd-recto_tarek_vhenin.jpg?fit=848%2C1200&ssl=1&resize=350%2C200 1x, https:\/\/i0.wp.com\/blateman-bobine.com\/wp-content\/uploads\/2015\/11\/flyer-sobd-recto_tarek_vhenin.jpg?fit=848%2C1200&ssl=1&resize=525%2C300 1.5x, https:\/\/i0.wp.com\/blateman-bobine.com\/wp-content\/uploads\/2015\/11\/flyer-sobd-recto_tarek_vhenin.jpg?fit=848%2C1200&ssl=1&resize=700%2C400 2x"},"classes":[]},{"id":1065,"url":"https:\/\/blateman-bobine.com\/en\/blateman-et-bobine-en-dedicace-salon-du-livre-de-bondues\/","url_meta":{"origin":778,"position":3},"title":"Blateman and Bobine sign their books - Salon du Livre de Bondues","author":"Vhenin","date":"16 March 2017","format":false,"excerpt":"Nos deux super-zh\u00e9ros seront au rendez-vous: ces samedi et dimanche 18 et 19 mars 2017 au Salon du Livre de de Bondues\u00a0 (\u00e0 proximit\u00e9 de Lille) en compagnie de leurs auteurs, Tarek et Vhenin. Venez nous rencontrer! 19e Salon du Livre de Bondues Nouvel espace Poher (6 chemin Saint-Georges \u00e0\u2026","rel":"","context":"In &quot;D\u00e9dicaces&quot;","block_context":{"text":"D\u00e9dicaces","link":"https:\/\/blateman-bobine.com\/en\/category\/dedications\/"},"img":{"alt_text":"","src":"https:\/\/i0.wp.com\/blateman-bobine.com\/wp-content\/uploads\/2017\/03\/blateman_bobine_bondues.jpg?fit=652%2C1200&ssl=1&resize=350%2C200","width":350,"height":200,"srcset":"https:\/\/i0.wp.com\/blateman-bobine.com\/wp-content\/uploads\/2017\/03\/blateman_bobine_bondues.jpg?fit=652%2C1200&ssl=1&resize=350%2C200 1x, https:\/\/i0.wp.com\/blateman-bobine.com\/wp-content\/uploads\/2017\/03\/blateman_bobine_bondues.jpg?fit=652%2C1200&ssl=1&resize=525%2C300 1.5x"},"classes":[]},{"id":1106,"url":"https:\/\/blateman-bobine.com\/en\/salon-du-livre-de-bondues-en-mars-2017\/","url_meta":{"origin":778,"position":4},"title":"Bondues Book Fair in March 2017","author":"Tarek Ben Yakhlef","date":"26 March 2017","format":false,"excerpt":"Vhenin and Tarek signing at the Bondues book fair in March 2017.","rel":"","context":"In &quot;D\u00e9dicaces&quot;","block_context":{"text":"D\u00e9dicaces","link":"https:\/\/blateman-bobine.com\/en\/category\/dedications\/"},"img":{"alt_text":"","src":"https:\/\/i0.wp.com\/blateman-bobine.com\/wp-content\/uploads\/2017\/03\/p1590306.jpg?fit=1024%2C684&ssl=1&resize=350%2C200","width":350,"height":200,"srcset":"https:\/\/i0.wp.com\/blateman-bobine.com\/wp-content\/uploads\/2017\/03\/p1590306.jpg?fit=1024%2C684&ssl=1&resize=350%2C200 1x, https:\/\/i0.wp.com\/blateman-bobine.com\/wp-content\/uploads\/2017\/03\/p1590306.jpg?fit=1024%2C684&ssl=1&resize=525%2C300 1.5x, https:\/\/i0.wp.com\/blateman-bobine.com\/wp-content\/uploads\/2017\/03\/p1590306.jpg?fit=1024%2C684&ssl=1&resize=700%2C400 2x"},"classes":[]},{"id":299,"url":"https:\/\/blateman-bobine.com\/en\/blateman-bobine-in-dedication-at-arlon-16-december-2015-belgium\/","url_meta":{"origin":778,"position":5},"title":"Blateman &amp; Bobine sign in ARLON (Belgium) - 16 December 2015","author":"Vhenin","date":"21 November 2015","format":false,"excerpt":"Vincent Henin - Vhenin sera \u00e0 la Biblioth\u00e8que Communale d'Arlon\u00a0(Belgique): \u2022 Quand? le 16 d\u00e9cembre 2015 de 13h30 \u00e0 17h00 \u2022 O\u00f9? Biblioth\u00e8que et Ludoth\u00e8que d'Arlon,\u00a0Parc des Expositions 5, 6700 Arlon (Belgique) L'auteur\u00a0sera l\u00e0 pour la Premi\u00e8re de sa nouvelle BD car celle-ci sort officiellement quelques jours avant! D\u00e9dicace et\u2026","rel":"","context":"In &quot;D\u00e9dicaces&quot;","block_context":{"text":"D\u00e9dicaces","link":"https:\/\/blateman-bobine.com\/en\/category\/dedications\/"},"img":{"alt_text":"","src":"https:\/\/i0.wp.com\/blateman-bobine.com\/wp-content\/uploads\/2015\/11\/fin_infos_2.png?fit=1024%2C576&ssl=1&resize=350%2C200","width":350,"height":200,"srcset":"https:\/\/i0.wp.com\/blateman-bobine.com\/wp-content\/uploads\/2015\/11\/fin_infos_2.png?fit=1024%2C576&ssl=1&resize=350%2C200 1x, https:\/\/i0.wp.com\/blateman-bobine.com\/wp-content\/uploads\/2015\/11\/fin_infos_2.png?fit=1024%2C576&ssl=1&resize=525%2C300 1.5x, https:\/\/i0.wp.com\/blateman-bobine.com\/wp-content\/uploads\/2015\/11\/fin_infos_2.png?fit=1024%2C576&ssl=1&resize=700%2C400 2x"},"classes":[]}],"_links":{"self":[{"href":"https:\/\/blateman-bobine.com\/en\/wp-json\/wp\/v2\/posts\/778","targetHints":{"allow":["GET"]}}],"collection":[{"href":"https:\/\/blateman-bobine.com\/en\/wp-json\/wp\/v2\/posts"}],"about":[{"href":"https:\/\/blateman-bobine.com\/en\/wp-json\/wp\/v2\/types\/post"}],"author":[{"embeddable":true,"href":"https:\/\/blateman-bobine.com\/en\/wp-json\/wp\/v2\/users\/25794081"}],"replies":[{"embeddable":true,"href":"https:\/\/blateman-bobine.com\/en\/wp-json\/wp\/v2\/comments?post=778"}],"version-history":[{"count":3,"href":"https:\/\/blateman-bobine.com\/en\/wp-json\/wp\/v2\/posts\/778\/revisions"}],"predecessor-version":[{"id":1863,"href":"https:\/\/blateman-bobine.com\/en\/wp-json\/wp\/v2\/posts\/778\/revisions\/1863"}],"wp:featuredmedia":[{"embeddable":true,"href":"https:\/\/blateman-bobine.com\/en\/wp-json\/wp\/v2\/media\/785"}],"wp:attachment":[{"href":"https:\/\/blateman-bobine.com\/en\/wp-json\/wp\/v2\/media?parent=778"}],"wp:term":[{"taxonomy":"category","embeddable":true,"href":"https:\/\/blateman-bobine.com\/en\/wp-json\/wp\/v2\/categories?post=778"},{"taxonomy":"post_tag","embeddable":true,"href":"https:\/\/blateman-bobine.com\/en\/wp-json\/wp\/v2\/tags?post=778"}],"curies":[{"name":"wp","href":"https:\/\/api.w.org\/{rel}","templated":true}]}}