{"id":1065,"date":"2017-03-16T08:59:19","date_gmt":"2017-03-16T07:59:19","guid":{"rendered":"https:\/\/blateman-bobine.com\/fr\/?p=1065"},"modified":"2025-03-28T10:07:58","modified_gmt":"2025-03-28T09:07:58","slug":"blateman-et-bobine-en-dedicace-salon-du-livre-de-bondues","status":"publish","type":"post","link":"https:\/\/blateman-bobine.com\/es\/blateman-et-bobine-en-dedicace-salon-du-livre-de-bondues\/","title":{"rendered":"Blateman et Bobine en d\u00e9dicace &#8211; Salon du Livre de Bondues"},"content":{"rendered":"<p style=\"text-align:center;\">Nuestra<strong> deux super-z<del>h<\/del>\u00e9ros<\/strong> ser\u00e1 <strong>au rendez-vous:<\/strong><\/p>\n<p style=\"text-align:center;\"><strong>ces <em>samedi et dimanche 18 et 19 mars 2017<\/em><\/strong> en <strong>Salon du Livre de de Bondues<\/strong>\u00a0 (\u00e0 proximit\u00e9 de Lille) en compagnie de leurs auteurs, <strong>Tarek<\/strong> y <strong>Vhenin<\/strong>.<\/p>\n<p style=\"text-align:center;\">Venez nous rencontrer!<\/p>\n<p style=\"text-align:center;\"><strong>19<sup>e<\/sup> Salon du Livre de Bondues<\/strong><br \/>\n<strong>Nouvel espace Poher (6 chemin Saint-Georges \u00e0 Bondues)<\/strong><br \/>\n<strong>de 9 h \u00e0 19 h 30 le samedi et de 9 h 30 \u00e0 19 h le dimanche<\/strong><br \/>\n<strong>Entr\u00e9e gratuite<\/strong><\/p>\n<p><img data-recalc-dims=\"1\" loading=\"lazy\" decoding=\"async\" data-attachment-id=\"1081\" data-permalink=\"https:\/\/blateman-bobine.com\/es\/blateman-et-bobine-en-dedicace-salon-du-livre-de-bondues\/blateman_bobine_bondues\/\" data-orig-file=\"https:\/\/i0.wp.com\/blateman-bobine.com\/wp-content\/uploads\/2017\/03\/blateman_bobine_bondues.jpg?fit=652%2C1200&amp;ssl=1\" data-orig-size=\"652,1200\" data-comments-opened=\"1\" data-image-meta=\"{&quot;aperture&quot;:&quot;0&quot;,&quot;credit&quot;:&quot;&quot;,&quot;camera&quot;:&quot;&quot;,&quot;caption&quot;:&quot;&quot;,&quot;created_timestamp&quot;:&quot;0&quot;,&quot;copyright&quot;:&quot;&quot;,&quot;focal_length&quot;:&quot;0&quot;,&quot;iso&quot;:&quot;0&quot;,&quot;shutter_speed&quot;:&quot;0&quot;,&quot;title&quot;:&quot;&quot;,&quot;orientation&quot;:&quot;0&quot;}\" data-image-title=\"Salon du Livre de Bondues\" data-image-description=\"\" data-image-caption=\"\" data-large-file=\"https:\/\/i0.wp.com\/blateman-bobine.com\/wp-content\/uploads\/2017\/03\/blateman_bobine_bondues.jpg?fit=556%2C1024&amp;ssl=1\" class=\"alignnone size-full wp-image-1081\" src=\"https:\/\/i0.wp.com\/blateman-bobine.com\/fr\/wp-content\/uploads\/2017\/03\/blateman_bobine_bondues.jpg?resize=652%2C1200&#038;ssl=1\" alt=\"blateman_bobine_bondues\" width=\"652\" height=\"1200\" \/><\/p>\n<p style=\"text-align:center;\"><strong>Vhenin<\/strong> <strong>Cartera:<\/strong> <a href=\"http:\/\/www.vhenin.be\/\" target=\"_blank\">www.vhenin.be<\/a><a href=\"http:\/\/www.vincent-henin.be\/\" target=\"_blank\"><br \/>\n<\/a><strong>Facebook:<\/strong> <a href=\"https:\/\/fr-fr.facebook.com\/vincenthenin.comixillustration\" target=\"_blank\">Vincent Henin Comix Ilustraci\u00f3n (Vhenin)<br \/>\n<\/a><strong>El blog de Vhenin:<\/strong> <a title=\"Blateman et Bobine - P\u00e1gina web oficial\" href=\"http:\/\/vhenin.canalblog.com\/\" target=\"_blank\">Blog de Vhenin<\/a><br \/>\n<strong>YouTube: <\/strong><a title=\"Canal YouTube de Vhenin\" href=\"https:\/\/www.youtube.com\/channel\/UCFgRf_TU8ES5LJNMaKOr8Eg\" target=\"_blank\">La gama Vhenin<\/a><\/p>","protected":false},"excerpt":{"rendered":"<p>Nos deux super-zh\u00e9ros seront au rendez-vous: ces samedi et dimanche 18 et 19 mars 2017 au Salon du Livre de de Bondues\u00a0 (\u00e0 proximit\u00e9 de Lille) en compagnie de leurs auteurs, Tarek et Vhenin. Venez nous rencontrer! 19e Salon du Livre de Bondues Nouvel espace Poher (6 chemin Saint-Georges \u00e0 Bondues) de 9 h \u00e0 [&hellip;]<\/p>\n","protected":false},"author":74241772,"featured_media":1081,"comment_status":"open","ping_status":"open","sticky":false,"template":"","format":"standard","meta":{"_coblocks_attr":"","_coblocks_dimensions":"","_coblocks_responsive_height":"","_coblocks_accordion_ie_support":"","_crdt_document":"","advanced_seo_description":"","jetpack_seo_html_title":"","jetpack_seo_noindex":false,"_jetpack_newsletter_access":"","_jetpack_dont_email_post_to_subs":false,"_jetpack_newsletter_tier_id":0,"_jetpack_memberships_contains_paywalled_content":false,"_jetpack_memberships_contains_paid_content":false,"footnotes":"","jetpack_publicize_message":"","jetpack_publicize_feature_enabled":true,"jetpack_social_post_already_shared":false,"jetpack_social_options":{"image_generator_settings":{"template":"highway","default_image_id":0,"font":"","enabled":false},"version":2},"_wpas_customize_per_network":false,"jetpack_post_was_ever_published":false},"categories":[1223035],"tags":[44670,21752,263100701,1338044,756,40225,521729239,35,346062291,3968362,1536666,299480777],"class_list":["post-1065","post","type-post","status-publish","format-standard","has-post-thumbnail","hentry","category-dedicaces","tag-bande-dessinee","tag-bd","tag-blateman","tag-bobine","tag-comics","tag-dessin","tag-goudacity","tag-humour","tag-loindetout","tag-tarek","tag-tartamudo","tag-vhenin"],"jetpack_publicize_connections":[],"jetpack_featured_media_url":"https:\/\/i0.wp.com\/blateman-bobine.com\/wp-content\/uploads\/2017\/03\/blateman_bobine_bondues.jpg?fit=652%2C1200&ssl=1","jetpack_likes_enabled":true,"jetpack_sharing_enabled":true,"jetpack_shortlink":"https:\/\/wp.me\/p4LVhx-hb","jetpack-related-posts":[{"id":778,"url":"https:\/\/blateman-bobine.com\/es\/vhenin-et-tarek-en-dedicace-au-salon-du-livre-de-juvardeil\/","url_meta":{"origin":1065,"position":0},"title":"Vhenin et Tarek en d\u00e9dicace au salon du livre de Juvardeil","author":"","date":"26 septiembre 2016","format":"gallery","excerpt":"","rel":"","context":"En \u00abD\u00e9dicaces\u00bb","block_context":{"text":"D\u00e9dicaces","link":"https:\/\/blateman-bobine.com\/es\/categoria\/dedicatorias\/"},"img":{"alt_text":"","src":"https:\/\/i0.wp.com\/blateman-bobine.com\/wp-content\/uploads\/2016\/09\/p1440639.jpg?fit=1024%2C684&ssl=1&resize=350%2C200","width":350,"height":200,"srcset":"https:\/\/i0.wp.com\/blateman-bobine.com\/wp-content\/uploads\/2016\/09\/p1440639.jpg?fit=1024%2C684&ssl=1&resize=350%2C200 1x, https:\/\/i0.wp.com\/blateman-bobine.com\/wp-content\/uploads\/2016\/09\/p1440639.jpg?fit=1024%2C684&ssl=1&resize=525%2C300 1.5x, https:\/\/i0.wp.com\/blateman-bobine.com\/wp-content\/uploads\/2016\/09\/p1440639.jpg?fit=1024%2C684&ssl=1&resize=700%2C400 2x"},"classes":[]},{"id":870,"url":"https:\/\/blateman-bobine.com\/es\/blateman-bobine-firmara-en-el-salon-sobd-de-paris-el-3-de-diciembre-de-2016\/","url_meta":{"origin":1065,"position":1},"title":"Blateman &amp; Bobine firman en Par\u00eds - Sal\u00f3n SoBD - 3 de diciembre de 2016","author":"Vhenin","date":"28 noviembre 2016","format":false,"excerpt":"Hello! Le dessinateur Vhenin sera pr\u00e9sent toute la journ\u00e9e du samedi 3 d\u00e9cembre 2016 pour signer et d\u00e9dicacer sa BD \"Blateman & Bobine\" au stand Tartamudo. Salon SoBD - La BD au coeur de Paris Halle des Blancs-Manteaux, Paris IVe 48 rue Vieille-du-Temple, entr\u00e9e libre Vhenin Portfolio: www.vhenin.be Facebook: Vincent\u2026","rel":"","context":"En \u00abD\u00e9dicaces\u00bb","block_context":{"text":"D\u00e9dicaces","link":"https:\/\/blateman-bobine.com\/es\/categoria\/dedicatorias\/"},"img":{"alt_text":"","src":"https:\/\/i0.wp.com\/blateman-bobine.com\/wp-content\/uploads\/2016\/11\/affiche-sobdjpg.jpg?fit=728%2C1030&ssl=1&resize=350%2C200","width":350,"height":200,"srcset":"https:\/\/i0.wp.com\/blateman-bobine.com\/wp-content\/uploads\/2016\/11\/affiche-sobdjpg.jpg?fit=728%2C1030&ssl=1&resize=350%2C200 1x, https:\/\/i0.wp.com\/blateman-bobine.com\/wp-content\/uploads\/2016\/11\/affiche-sobdjpg.jpg?fit=728%2C1030&ssl=1&resize=525%2C300 1.5x, https:\/\/i0.wp.com\/blateman-bobine.com\/wp-content\/uploads\/2016\/11\/affiche-sobdjpg.jpg?fit=728%2C1030&ssl=1&resize=700%2C400 2x"},"classes":[]},{"id":1106,"url":"https:\/\/blateman-bobine.com\/es\/feria-del-libro-bondues-en-marzo-de-2017\/","url_meta":{"origin":1065,"position":2},"title":"Feria del Libro Bondues en marzo de 2017","author":"Tarek Ben Yakhlef","date":"26 marzo 2017","format":false,"excerpt":"Vhenin y Tarek firmando en la feria del libro de Bondues en marzo de 2017.","rel":"","context":"En \u00abD\u00e9dicaces\u00bb","block_context":{"text":"D\u00e9dicaces","link":"https:\/\/blateman-bobine.com\/es\/categoria\/dedicatorias\/"},"img":{"alt_text":"","src":"https:\/\/i0.wp.com\/blateman-bobine.com\/wp-content\/uploads\/2017\/03\/p1590306.jpg?fit=1024%2C684&ssl=1&resize=350%2C200","width":350,"height":200,"srcset":"https:\/\/i0.wp.com\/blateman-bobine.com\/wp-content\/uploads\/2017\/03\/p1590306.jpg?fit=1024%2C684&ssl=1&resize=350%2C200 1x, https:\/\/i0.wp.com\/blateman-bobine.com\/wp-content\/uploads\/2017\/03\/p1590306.jpg?fit=1024%2C684&ssl=1&resize=525%2C300 1.5x, https:\/\/i0.wp.com\/blateman-bobine.com\/wp-content\/uploads\/2017\/03\/p1590306.jpg?fit=1024%2C684&ssl=1&resize=700%2C400 2x"},"classes":[]},{"id":397,"url":"https:\/\/blateman-bobine.com\/es\/souvenirs-de-la-dedicace-blateman-bobine-a-sobd-2015-salon-de-la-bd-a-paris\/","url_meta":{"origin":1065,"position":3},"title":"Recuerdos de la sesi\u00f3n de firmas de \"Blateman &amp; Bobine\" en SoBD 2015 - el sal\u00f3n del c\u00f3mic de Par\u00eds","author":"Vhenin","date":"7 diciembre 2015","format":false,"excerpt":"Merci \u00e0 tous d'\u00eatre venus nous voir et bavarder avec nous au stand Tartamudo le week-end des 4, 5 et 6 d\u00e9cembre. Tarek et moi avions le plaisir d'\u00eatre en compagnie d'autres Tartamudois (Tartumud\u00e9ens?): Vincent Pompetti Jos\u00e9 Jover Rodolphe Merci \u00e0 Martine pour sa gentillesse et son support tout au\u2026","rel":"","context":"En \u00abD\u00e9dicaces\u00bb","block_context":{"text":"D\u00e9dicaces","link":"https:\/\/blateman-bobine.com\/es\/categoria\/dedicatorias\/"},"img":{"alt_text":"","src":"https:\/\/i0.wp.com\/blateman-bobine.com\/wp-content\/uploads\/2015\/12\/dsc_0091.jpg?fit=1200%2C800&ssl=1&resize=350%2C200","width":350,"height":200,"srcset":"https:\/\/i0.wp.com\/blateman-bobine.com\/wp-content\/uploads\/2015\/12\/dsc_0091.jpg?fit=1200%2C800&ssl=1&resize=350%2C200 1x, https:\/\/i0.wp.com\/blateman-bobine.com\/wp-content\/uploads\/2015\/12\/dsc_0091.jpg?fit=1200%2C800&ssl=1&resize=525%2C300 1.5x, https:\/\/i0.wp.com\/blateman-bobine.com\/wp-content\/uploads\/2015\/12\/dsc_0091.jpg?fit=1200%2C800&ssl=1&resize=700%2C400 2x, https:\/\/i0.wp.com\/blateman-bobine.com\/wp-content\/uploads\/2015\/12\/dsc_0091.jpg?fit=1200%2C800&ssl=1&resize=1050%2C600 3x"},"classes":[]},{"id":1869,"url":"https:\/\/blateman-bobine.com\/es\/blateman-reel-in-dedication-in-bruges-30-de-marzo-de-2025\/","url_meta":{"origin":1065,"position":4},"title":"Blateman &amp; Bobine firman en Brujas - 30 de marzo de 2025","author":"Vhenin","date":"28 marzo 2025","format":false,"excerpt":"Ven a verme al Festival del C\u00f3mic de Brujas (Stripbeurs \/ Stripfestival Brugge) el domingo 30 de marzo de 2025.M\u00e1s informaci\u00f3n en: https:\/\/www.facebook.com\/bruggestripfestival\/about","rel":"","context":"En \u00abD\u00e9dicaces\u00bb","block_context":{"text":"D\u00e9dicaces","link":"https:\/\/blateman-bobine.com\/es\/categoria\/dedicatorias\/"},"img":{"alt_text":"","src":"https:\/\/i0.wp.com\/blateman-bobine.com\/wp-content\/uploads\/2024\/12\/dedi-bb-03.jpg?fit=666%2C1000&ssl=1&resize=350%2C200","width":350,"height":200,"srcset":"https:\/\/i0.wp.com\/blateman-bobine.com\/wp-content\/uploads\/2024\/12\/dedi-bb-03.jpg?fit=666%2C1000&ssl=1&resize=350%2C200 1x, https:\/\/i0.wp.com\/blateman-bobine.com\/wp-content\/uploads\/2024\/12\/dedi-bb-03.jpg?fit=666%2C1000&ssl=1&resize=525%2C300 1.5x"},"classes":[]},{"id":1927,"url":"https:\/\/blateman-bobine.com\/es\/blateman-bobine-en-dedicatoria-en-tournai-12-y-13-de-abril-de-2025\/","url_meta":{"origin":1065,"position":5},"title":"Blateman &amp; Bobine firman en Tournai - 12 y 13 de abril de 2025","author":"Vhenin","date":"10 abril 2025","format":false,"excerpt":"Venga a verme al Festival de Tournai les Bulles el s\u00e1bado y domingo 12 y 13 de abril de 2025.M\u00e1s informaci\u00f3n en: https:\/\/opalebd.com\/festivals\/details\/2239","rel":"","context":"En \u00abD\u00e9dicaces\u00bb","block_context":{"text":"D\u00e9dicaces","link":"https:\/\/blateman-bobine.com\/es\/categoria\/dedicatorias\/"},"img":{"alt_text":"Blateman & Bobine - festival-BD-Tournai","src":"https:\/\/i0.wp.com\/blateman-bobine.com\/wp-content\/uploads\/2025\/04\/001_2025_gf.jpg?fit=500%2C701&ssl=1&resize=350%2C200","width":350,"height":200},"classes":[]}],"_links":{"self":[{"href":"https:\/\/blateman-bobine.com\/es\/wp-json\/wp\/v2\/posts\/1065","targetHints":{"allow":["GET"]}}],"collection":[{"href":"https:\/\/blateman-bobine.com\/es\/wp-json\/wp\/v2\/posts"}],"about":[{"href":"https:\/\/blateman-bobine.com\/es\/wp-json\/wp\/v2\/types\/post"}],"author":[{"embeddable":true,"href":"https:\/\/blateman-bobine.com\/es\/wp-json\/wp\/v2\/users\/74241772"}],"replies":[{"embeddable":true,"href":"https:\/\/blateman-bobine.com\/es\/wp-json\/wp\/v2\/comments?post=1065"}],"version-history":[{"count":19,"href":"https:\/\/blateman-bobine.com\/es\/wp-json\/wp\/v2\/posts\/1065\/revisions"}],"predecessor-version":[{"id":1085,"href":"https:\/\/blateman-bobine.com\/es\/wp-json\/wp\/v2\/posts\/1065\/revisions\/1085"}],"wp:featuredmedia":[{"embeddable":true,"href":"https:\/\/blateman-bobine.com\/es\/wp-json\/wp\/v2\/media\/1081"}],"wp:attachment":[{"href":"https:\/\/blateman-bobine.com\/es\/wp-json\/wp\/v2\/media?parent=1065"}],"wp:term":[{"taxonomy":"category","embeddable":true,"href":"https:\/\/blateman-bobine.com\/es\/wp-json\/wp\/v2\/categories?post=1065"},{"taxonomy":"post_tag","embeddable":true,"href":"https:\/\/blateman-bobine.com\/es\/wp-json\/wp\/v2\/tags?post=1065"}],"curies":[{"name":"wp","href":"https:\/\/api.w.org\/{rel}","templated":true}]}}