{"id":1198,"date":"2017-12-03T16:26:01","date_gmt":"2017-12-03T15:26:01","guid":{"rendered":"https:\/\/blateman-bobine.com\/fr\/?p=1198"},"modified":"2025-03-28T16:47:59","modified_gmt":"2025-03-28T15:47:59","slug":"dedicatoria-en-la-libreria-alfabulle","status":"publish","type":"post","link":"https:\/\/blateman-bobine.com\/es\/dedicatoria-en-la-libreria-alfabulle\/","title":{"rendered":"Firma de libros en la librer\u00eda Alfabulle"},"content":{"rendered":"<p class=\"wp-block-paragraph\">Te recordamos la firma de libros de Vincent Pompetti y Tarek el 1 de diciembre en la librer\u00eda Alfa Bulle (7, Rue La M\u00e9zi\u00e8re 35520 Melesse). Todos nuestros \u00e1lbumes siguen disponibles all\u00ed a finales de a\u00f1o.<\/p>\n\n\n\n<figure class=\"wp-block-image\"><img data-recalc-dims=\"1\" loading=\"lazy\" decoding=\"async\" width=\"513\" height=\"768\" data-attachment-id=\"1199\" data-permalink=\"https:\/\/blateman-bobine.com\/es\/dedicatoria-en-la-libreria-alfabulle\/p1860746\/\" data-orig-file=\"https:\/\/i0.wp.com\/blateman-bobine.com\/wp-content\/uploads\/2017\/12\/p1860746.jpg?fit=513%2C768&amp;ssl=1\" data-orig-size=\"513,768\" data-comments-opened=\"1\" data-image-meta=\"{&quot;aperture&quot;:&quot;2.8&quot;,&quot;credit&quot;:&quot;&quot;,&quot;camera&quot;:&quot;DMC-FZ200&quot;,&quot;caption&quot;:&quot;&quot;,&quot;created_timestamp&quot;:&quot;1512142967&quot;,&quot;copyright&quot;:&quot;&quot;,&quot;focal_length&quot;:&quot;4.5&quot;,&quot;iso&quot;:&quot;400&quot;,&quot;shutter_speed&quot;:&quot;0.02&quot;,&quot;title&quot;:&quot;&quot;,&quot;orientation&quot;:&quot;1&quot;}\" data-image-title=\"D\u00e9dicace \u00e0 la librairie Alfabulle\" data-image-description=\"\" data-image-caption=\"\" data-large-file=\"https:\/\/i0.wp.com\/blateman-bobine.com\/wp-content\/uploads\/2017\/12\/p1860746.jpg?fit=513%2C768&amp;ssl=1\" src=\"https:\/\/i0.wp.com\/blateman-bobine.com\/fr\/wp-content\/uploads\/2017\/12\/p1860746.jpg?resize=513%2C768&#038;ssl=1\" alt=\"P1860746\" class=\"wp-image-1199\"\/><\/figure>\n\n\n\n<p class=\"wp-block-paragraph\"><\/p>\n\n\n\n<figure class=\"wp-block-image\"><img data-recalc-dims=\"1\" loading=\"lazy\" decoding=\"async\" width=\"1024\" height=\"684\" data-attachment-id=\"1200\" data-permalink=\"https:\/\/blateman-bobine.com\/es\/dedicatoria-en-la-libreria-alfabulle\/p1860755\/\" data-orig-file=\"https:\/\/i0.wp.com\/blateman-bobine.com\/wp-content\/uploads\/2017\/12\/p1860755.jpg?fit=1024%2C684&amp;ssl=1\" data-orig-size=\"1024,684\" data-comments-opened=\"1\" data-image-meta=\"{&quot;aperture&quot;:&quot;2.8&quot;,&quot;credit&quot;:&quot;&quot;,&quot;camera&quot;:&quot;DMC-FZ200&quot;,&quot;caption&quot;:&quot;&quot;,&quot;created_timestamp&quot;:&quot;1512148412&quot;,&quot;copyright&quot;:&quot;&quot;,&quot;focal_length&quot;:&quot;4.5&quot;,&quot;iso&quot;:&quot;1600&quot;,&quot;shutter_speed&quot;:&quot;0.004&quot;,&quot;title&quot;:&quot;&quot;,&quot;orientation&quot;:&quot;1&quot;}\" data-image-title=\"18e \u00e9dition du FestiBD \u00e0 Moulins\" data-image-description=\"\" data-image-caption=\"\" data-large-file=\"https:\/\/i0.wp.com\/blateman-bobine.com\/wp-content\/uploads\/2017\/12\/p1860755.jpg?fit=1024%2C684&amp;ssl=1\" src=\"https:\/\/i0.wp.com\/blateman-bobine.com\/fr\/wp-content\/uploads\/2017\/12\/p1860755.jpg?resize=1024%2C684&#038;ssl=1\" alt=\"P1860755\" class=\"wp-image-1200\"\/><\/figure>\n\n\n\n<p class=\"wp-block-paragraph\"><\/p>","protected":false},"excerpt":{"rendered":"<p>Te recordamos la firma de libros de Vincent Pompetti y Tarek el 1 de diciembre en la librer\u00eda Alfa Bulle (7, Rue La M\u00e9zi\u00e8re 35520 Melesse). Todos nuestros \u00e1lbumes siguen disponibles all\u00ed a finales de a\u00f1o.<\/p>","protected":false},"author":25794081,"featured_media":1200,"comment_status":"open","ping_status":"open","sticky":false,"template":"","format":"standard","meta":{"_coblocks_attr":"","_coblocks_dimensions":"","_coblocks_responsive_height":"","_coblocks_accordion_ie_support":"","_crdt_document":"","advanced_seo_description":"","jetpack_seo_html_title":"","jetpack_seo_noindex":false,"_jetpack_newsletter_access":"","_jetpack_dont_email_post_to_subs":false,"_jetpack_newsletter_tier_id":0,"_jetpack_memberships_contains_paywalled_content":false,"_jetpack_memberships_contains_paid_content":false,"footnotes":"","jetpack_publicize_message":"","jetpack_publicize_feature_enabled":true,"jetpack_social_post_already_shared":false,"jetpack_social_options":{"image_generator_settings":{"template":"highway","default_image_id":0,"font":"","enabled":false},"version":2},"_wpas_customize_per_network":false,"jetpack_post_was_ever_published":false},"categories":[1223035],"tags":[14226,44670,21752,263100701,1338044,4828763,756,1417453,40225,35,39123,3968362,1536666,299480777],"class_list":["post-1198","post","type-post","status-publish","format-standard","has-post-thumbnail","hentry","category-dedicaces","tag-aventure","tag-bande-dessinee","tag-bd","tag-blateman","tag-bobine","tag-centre-culturel","tag-comics","tag-dedicace","tag-dessin","tag-humour","tag-super-heros","tag-tarek","tag-tartamudo","tag-vhenin"],"jetpack_publicize_connections":[],"jetpack_featured_media_url":"https:\/\/i0.wp.com\/blateman-bobine.com\/wp-content\/uploads\/2017\/12\/p1860755.jpg?fit=1024%2C684&ssl=1","jetpack_likes_enabled":true,"jetpack_sharing_enabled":true,"jetpack_shortlink":"https:\/\/wp.me\/p4LVhx-jk","jetpack-related-posts":[{"id":1410,"url":"https:\/\/blateman-bobine.com\/es\/en-la-libreria-jardin-des-bulles\/","url_meta":{"origin":1198,"position":0},"title":"En la librer\u00eda \"Au Jardin des bulles","author":"Tarek Ben Yakhlef","date":"18 septiembre 2023","format":false,"excerpt":"https:\/\/tarek-bd.fr\/2023\/09\/15\/a-la-librairie-au-jardin-des-bulles\/?page_id=34653","rel":"","context":"En \u00abD\u00e9dicaces\u00bb","block_context":{"text":"D\u00e9dicaces","link":"https:\/\/blateman-bobine.com\/es\/categoria\/dedicatorias\/"},"img":{"alt_text":"","src":"https:\/\/i0.wp.com\/blateman-bobine.com\/wp-content\/uploads\/2023\/09\/368595763_10232537692844521_8214955783228401431_n.jpg?fit=1200%2C900&ssl=1&resize=350%2C200","width":350,"height":200,"srcset":"https:\/\/i0.wp.com\/blateman-bobine.com\/wp-content\/uploads\/2023\/09\/368595763_10232537692844521_8214955783228401431_n.jpg?fit=1200%2C900&ssl=1&resize=350%2C200 1x, https:\/\/i0.wp.com\/blateman-bobine.com\/wp-content\/uploads\/2023\/09\/368595763_10232537692844521_8214955783228401431_n.jpg?fit=1200%2C900&ssl=1&resize=525%2C300 1.5x, https:\/\/i0.wp.com\/blateman-bobine.com\/wp-content\/uploads\/2023\/09\/368595763_10232537692844521_8214955783228401431_n.jpg?fit=1200%2C900&ssl=1&resize=700%2C400 2x, https:\/\/i0.wp.com\/blateman-bobine.com\/wp-content\/uploads\/2023\/09\/368595763_10232537692844521_8214955783228401431_n.jpg?fit=1200%2C900&ssl=1&resize=1050%2C600 3x"},"classes":[]},{"id":487,"url":"https:\/\/blateman-bobine.com\/es\/487\/","url_meta":{"origin":1198,"position":1},"title":"D\u00e9dicace \u00e0 la librairie Br\u00fcsel &#8211; Place Flagey (Bruxelles) &#8211; jeudi 18 f\u00e9vrier 2016","author":"Vhenin","date":"7 febrero 2016","format":false,"excerpt":"Dans le cadre des actions autour de la Foire du Livre de Bruxelles 2016, je d\u00e9dicace dans une des plus chouettes librairies de la capitale, \"Br\u00fcsel\" sur la Place Flagey (Bruxelles, Ixelles). Ma derni\u00e8re BD \"Blateman & Bobine\" y sera mise \u00e0 l'honneur! Venez la d\u00e9couvrir et la d\u00e9corer d'une\u2026","rel":"","context":"En \u00abD\u00e9dicaces\u00bb","block_context":{"text":"D\u00e9dicaces","link":"https:\/\/blateman-bobine.com\/es\/categoria\/dedicatorias\/"},"img":{"alt_text":"","src":"https:\/\/i0.wp.com\/blateman-bobine.com\/wp-content\/uploads\/2016\/09\/fete_de_la_bd_bruxelles_2016-18.jpg?fit=900%2C600&ssl=1&resize=350%2C200","width":350,"height":200,"srcset":"https:\/\/i0.wp.com\/blateman-bobine.com\/wp-content\/uploads\/2016\/09\/fete_de_la_bd_bruxelles_2016-18.jpg?fit=900%2C600&ssl=1&resize=350%2C200 1x, https:\/\/i0.wp.com\/blateman-bobine.com\/wp-content\/uploads\/2016\/09\/fete_de_la_bd_bruxelles_2016-18.jpg?fit=900%2C600&ssl=1&resize=525%2C300 1.5x, https:\/\/i0.wp.com\/blateman-bobine.com\/wp-content\/uploads\/2016\/09\/fete_de_la_bd_bruxelles_2016-18.jpg?fit=900%2C600&ssl=1&resize=700%2C400 2x"},"classes":[]},{"id":500,"url":"https:\/\/blateman-bobine.com\/es\/souvenirs-dedicace-blateman-bobine-a-la-librairie-brusel-de-flagey-bruxelles\/","url_meta":{"origin":1198,"position":2},"title":"Recuerdos de la firma de \"Blateman &amp; Bobine\" en la librer\u00eda Br\u00fcsel de Flagey (Bruselas)","author":"Vhenin","date":"26 febrero 2016","format":false,"excerpt":"Merci \u00e0 Quentin et \u00e0 toute l'\u00e9quipe pour leur accueil chaleureux! C'\u00e9tait le 18\/02 dernier (voir article). J'\u00e9tais en compagnie du dessinateur-sc\u00e9nariste Ben Dessy. Merci \u00e0 tous d'\u00eatre venus! photos: \u00a9Leila Khemissi (pas de reproduction sans l'autorisation de l'auteur -\u00a0http:\/\/www.leilakhemissi.be\/) Vhenin Portfolio: www.vhenin.be\u00a0et www.vincent-henin.be Facebook: Vincent Henin Comix Illustration (Vhenin)\u2026","rel":"","context":"En \u00abD\u00e9dicaces\u00bb","block_context":{"text":"D\u00e9dicaces","link":"https:\/\/blateman-bobine.com\/es\/categoria\/dedicatorias\/"},"img":{"alt_text":"","src":"https:\/\/i0.wp.com\/blateman-bobine.com\/wp-content\/uploads\/2016\/02\/blateman_bobine_bruxelles-13.jpg?fit=600%2C400&ssl=1&resize=350%2C200","width":350,"height":200,"srcset":"https:\/\/i0.wp.com\/blateman-bobine.com\/wp-content\/uploads\/2016\/02\/blateman_bobine_bruxelles-13.jpg?fit=600%2C400&ssl=1&resize=350%2C200 1x, https:\/\/i0.wp.com\/blateman-bobine.com\/wp-content\/uploads\/2016\/02\/blateman_bobine_bruxelles-13.jpg?fit=600%2C400&ssl=1&resize=525%2C300 1.5x"},"classes":[]},{"id":430,"url":"https:\/\/blateman-bobine.com\/es\/souvenirs-de-la-dedicace-blateman-bobine-a-la-bibliotheque-darlon\/","url_meta":{"origin":1198,"position":3},"title":"Souvenirs de la D\u00e9dicace \u00ab\u00a0Blateman &amp; Bobine\u00a0\u00bb \u00e0 la biblioth\u00e8que d&rsquo;Arlon","author":"Vhenin","date":"22 diciembre 2015","format":false,"excerpt":"Mine de rien, quelque 25-30\u00a0BD d\u00e9dicac\u00e9es (!) en 4 heures de temps et des chouettes rencontres! Les enfants \u00e9taient attir\u00e9s par la BD. L'un d'eux m'a demand\u00e9 en me quittant: \"C'est quand que vous faites la deuxi\u00e8me..?\" \u00e7a fait plaisir \u00e0 entendre, je vous jure!.. Merci \u00e0\u00a0tout le personnel\u00a0de la\u2026","rel":"","context":"En \u00abD\u00e9dicaces\u00bb","block_context":{"text":"D\u00e9dicaces","link":"https:\/\/blateman-bobine.com\/es\/categoria\/dedicatorias\/"},"img":{"alt_text":"","src":"https:\/\/i0.wp.com\/blateman-bobine.com\/wp-content\/uploads\/2015\/12\/une_dedicace_arlon_blateman_bobine.png?fit=1000%2C666&ssl=1&resize=350%2C200","width":350,"height":200,"srcset":"https:\/\/i0.wp.com\/blateman-bobine.com\/wp-content\/uploads\/2015\/12\/une_dedicace_arlon_blateman_bobine.png?fit=1000%2C666&ssl=1&resize=350%2C200 1x, https:\/\/i0.wp.com\/blateman-bobine.com\/wp-content\/uploads\/2015\/12\/une_dedicace_arlon_blateman_bobine.png?fit=1000%2C666&ssl=1&resize=525%2C300 1.5x, https:\/\/i0.wp.com\/blateman-bobine.com\/wp-content\/uploads\/2015\/12\/une_dedicace_arlon_blateman_bobine.png?fit=1000%2C666&ssl=1&resize=700%2C400 2x"},"classes":[]},{"id":778,"url":"https:\/\/blateman-bobine.com\/es\/vhenin-et-tarek-en-dedicace-au-salon-du-livre-de-juvardeil\/","url_meta":{"origin":1198,"position":4},"title":"Vhenin et Tarek en d\u00e9dicace au salon du livre de Juvardeil","author":"","date":"26 septiembre 2016","format":"gallery","excerpt":"","rel":"","context":"En \u00abD\u00e9dicaces\u00bb","block_context":{"text":"D\u00e9dicaces","link":"https:\/\/blateman-bobine.com\/es\/categoria\/dedicatorias\/"},"img":{"alt_text":"","src":"https:\/\/i0.wp.com\/blateman-bobine.com\/wp-content\/uploads\/2016\/09\/p1440639.jpg?fit=1024%2C684&ssl=1&resize=350%2C200","width":350,"height":200,"srcset":"https:\/\/i0.wp.com\/blateman-bobine.com\/wp-content\/uploads\/2016\/09\/p1440639.jpg?fit=1024%2C684&ssl=1&resize=350%2C200 1x, https:\/\/i0.wp.com\/blateman-bobine.com\/wp-content\/uploads\/2016\/09\/p1440639.jpg?fit=1024%2C684&ssl=1&resize=525%2C300 1.5x, https:\/\/i0.wp.com\/blateman-bobine.com\/wp-content\/uploads\/2016\/09\/p1440639.jpg?fit=1024%2C684&ssl=1&resize=700%2C400 2x"},"classes":[]},{"id":1365,"url":"https:\/\/blateman-bobine.com\/es\/les-images-de-la-dedicace-a-vannes\/","url_meta":{"origin":1198,"position":5},"title":"Fotos de la dedicatoria en Vannes","author":"Tarek Ben Yakhlef","date":"23 junio 2022","format":false,"excerpt":"Tarek \u00e9tait pr\u00e9sent \u00e0 la 4e convention de tatouage et de bande dessin\u00e9e organis\u00e9e \u00e0 Vannes au Chorus dans l\u2019espace BD.","rel":"","context":"En \u00abD\u00e9dicaces\u00bb","block_context":{"text":"D\u00e9dicaces","link":"https:\/\/blateman-bobine.com\/es\/categoria\/dedicatorias\/"},"img":{"alt_text":"","src":"https:\/\/i0.wp.com\/blateman-bobine.com\/wp-content\/uploads\/2022\/06\/fvjh6-lwuae6jfo.jpg?fit=1200%2C900&ssl=1&resize=350%2C200","width":350,"height":200,"srcset":"https:\/\/i0.wp.com\/blateman-bobine.com\/wp-content\/uploads\/2022\/06\/fvjh6-lwuae6jfo.jpg?fit=1200%2C900&ssl=1&resize=350%2C200 1x, https:\/\/i0.wp.com\/blateman-bobine.com\/wp-content\/uploads\/2022\/06\/fvjh6-lwuae6jfo.jpg?fit=1200%2C900&ssl=1&resize=525%2C300 1.5x, https:\/\/i0.wp.com\/blateman-bobine.com\/wp-content\/uploads\/2022\/06\/fvjh6-lwuae6jfo.jpg?fit=1200%2C900&ssl=1&resize=700%2C400 2x, https:\/\/i0.wp.com\/blateman-bobine.com\/wp-content\/uploads\/2022\/06\/fvjh6-lwuae6jfo.jpg?fit=1200%2C900&ssl=1&resize=1050%2C600 3x"},"classes":[]}],"_links":{"self":[{"href":"https:\/\/blateman-bobine.com\/es\/wp-json\/wp\/v2\/posts\/1198","targetHints":{"allow":["GET"]}}],"collection":[{"href":"https:\/\/blateman-bobine.com\/es\/wp-json\/wp\/v2\/posts"}],"about":[{"href":"https:\/\/blateman-bobine.com\/es\/wp-json\/wp\/v2\/types\/post"}],"author":[{"embeddable":true,"href":"https:\/\/blateman-bobine.com\/es\/wp-json\/wp\/v2\/users\/25794081"}],"replies":[{"embeddable":true,"href":"https:\/\/blateman-bobine.com\/es\/wp-json\/wp\/v2\/comments?post=1198"}],"version-history":[{"count":2,"href":"https:\/\/blateman-bobine.com\/es\/wp-json\/wp\/v2\/posts\/1198\/revisions"}],"predecessor-version":[{"id":1854,"href":"https:\/\/blateman-bobine.com\/es\/wp-json\/wp\/v2\/posts\/1198\/revisions\/1854"}],"wp:featuredmedia":[{"embeddable":true,"href":"https:\/\/blateman-bobine.com\/es\/wp-json\/wp\/v2\/media\/1200"}],"wp:attachment":[{"href":"https:\/\/blateman-bobine.com\/es\/wp-json\/wp\/v2\/media?parent=1198"}],"wp:term":[{"taxonomy":"category","embeddable":true,"href":"https:\/\/blateman-bobine.com\/es\/wp-json\/wp\/v2\/categories?post=1198"},{"taxonomy":"post_tag","embeddable":true,"href":"https:\/\/blateman-bobine.com\/es\/wp-json\/wp\/v2\/tags?post=1198"}],"curies":[{"name":"wp","href":"https:\/\/api.w.org\/{rel}","templated":true}]}}