{"id":2039,"date":"2025-04-17T15:59:35","date_gmt":"2025-04-17T14:59:35","guid":{"rendered":"https:\/\/blateman-bobine.com\/fr\/?p=2039"},"modified":"2025-04-25T16:18:30","modified_gmt":"2025-04-25T15:18:30","slug":"a-los-ninos-les-encanta-blateman-bobine","status":"publish","type":"post","link":"https:\/\/blateman-bobine.com\/es\/a-los-ninos-les-encanta-blateman-bobine\/","title":{"rendered":"\u00a1A los ni\u00f1os les encanta Blateman &amp; Bobine!"},"content":{"rendered":"<p class=\"wp-block-paragraph\">Recuerdos de <a href=\"https:\/\/www.facebook.com\/Tournailesbulles.be\" target=\"_blank\" rel=\"noreferrer noopener\"><strong>Festival del C\u00f3mic de Tournai les Bulles<\/strong><\/a> Edici\u00f3n de 2025.<\/p>\n\n\n\n<p class=\"wp-block-paragraph\"><strong><em>\u00a1All\u00ed pudimos conocer a nuestro joven p\u00fablico!<\/em><\/strong><br>Tambi\u00e9n tuvimos la suerte de estar con<a href=\"https:\/\/www.marqueterie-emmanuel-flocher.fr\/portfolio-collections\/tableaux-bd\" target=\"_blank\" rel=\"noreferrer noopener\"> Emmanuel Flocher, marqueter\u00eda de c\u00f3mic<\/a>\u00fanico en Europa. Gracias a \u00e9l, estrellas como<strong> Frank Margerin<\/strong>, <strong>Philippe Xavier<\/strong>, <strong>J\u00e9r\u00e9my Petiqueux <\/strong>vino a visitarnos.<\/p>\n\n\n\n<p class=\"wp-block-paragraph\">Yo estaba en el <strong>Academia ABA<\/strong> con <strong>B. Cattoor<\/strong> y <strong>Momo Bairi<\/strong>...<\/p>\n\n\n\n<p class=\"wp-block-paragraph\">Gracias por venir a vernos a nuestro stand y gracias a los padres por acceder a hacer y publicar las fotos.<\/p>\n\n\n\n<p class=\"wp-block-paragraph\">Hasta pronto.<\/p>\n\n\n\n<div class=\"wp-block-jetpack-tiled-gallery aligncenter is-style-rectangular\"><div class=\"\"><div class=\"tiled-gallery__gallery\"><div class=\"tiled-gallery__row\"><div class=\"tiled-gallery__col\" style=\"flex-basis:63.95634%\"><figure class=\"tiled-gallery__item\"><img decoding=\"async\" data-attachment-id=\"2042\" data-permalink=\"https:\/\/blateman-bobine.com\/es\/a-los-ninos-les-encanta-blateman-bobine\/img_20250413_180528\/\" data-orig-file=\"https:\/\/i0.wp.com\/blateman-bobine.com\/wp-content\/uploads\/2025\/04\/IMG_20250413_180528.jpg?fit=4608%2C3456&amp;ssl=1\" data-orig-size=\"4608,3456\" data-comments-opened=\"1\" data-image-meta=\"{&quot;aperture&quot;:&quot;1.7&quot;,&quot;credit&quot;:&quot;&quot;,&quot;camera&quot;:&quot;ONEPLUS A6003&quot;,&quot;caption&quot;:&quot;&quot;,&quot;created_timestamp&quot;:&quot;1744567529&quot;,&quot;copyright&quot;:&quot;&quot;,&quot;focal_length&quot;:&quot;4.25&quot;,&quot;iso&quot;:&quot;500&quot;,&quot;shutter_speed&quot;:&quot;0.03030303030303&quot;,&quot;title&quot;:&quot;&quot;,&quot;orientation&quot;:&quot;1&quot;}\" data-image-title=\"Blateman &amp;#038; Bobine, les super-z\u00e9ros de la BD au Festival BD de Tournai Les Bulles\" data-image-description=\"&lt;p&gt;Blateman &amp;#038; Bobine, les super-z\u00e9ros de la BD au Festival BD de Tournai Les Bulles&lt;\/p&gt;\" data-image-caption=\"&lt;p&gt;Blateman &amp;#038; Bobine, les super-z\u00e9ros de la BD au Festival BD de Tournai Les Bulles&lt;\/p&gt;\" data-large-file=\"https:\/\/i0.wp.com\/blateman-bobine.com\/wp-content\/uploads\/2025\/04\/IMG_20250413_180528.jpg?fit=1024%2C768&amp;ssl=1\" role=\"button\" tabindex=\"0\" aria-label=\"Abrir la imagen 1 de 6 en pantalla completa\" srcset=\"https:\/\/i0.wp.com\/blateman-bobine.com\/wp-content\/uploads\/2025\/04\/IMG_20250413_180528-1024x768.jpg?strip=info&#038;w=600&#038;ssl=1 600w,https:\/\/i0.wp.com\/blateman-bobine.com\/wp-content\/uploads\/2025\/04\/IMG_20250413_180528-1024x768.jpg?strip=info&#038;w=900&#038;ssl=1 900w,https:\/\/i0.wp.com\/blateman-bobine.com\/wp-content\/uploads\/2025\/04\/IMG_20250413_180528-1024x768.jpg?strip=info&#038;w=1200&#038;ssl=1 1200w,https:\/\/i0.wp.com\/blateman-bobine.com\/wp-content\/uploads\/2025\/04\/IMG_20250413_180528-1024x768.jpg?strip=info&#038;w=1500&#038;ssl=1 1500w,https:\/\/i0.wp.com\/blateman-bobine.com\/wp-content\/uploads\/2025\/04\/IMG_20250413_180528-1024x768.jpg?strip=info&#038;w=1800&#038;ssl=1 1800w,https:\/\/i0.wp.com\/blateman-bobine.com\/wp-content\/uploads\/2025\/04\/IMG_20250413_180528-1024x768.jpg?strip=info&#038;w=2000&#038;ssl=1 2000w\" alt=\"\" data-height=\"3456\" data-id=\"2042\" data-link=\"https:\/\/blateman-bobine.com\/fr\/?attachment_id=2042\" data-url=\"https:\/\/blateman-bobine.com\/fr\/wp-content\/uploads\/2025\/04\/IMG_20250413_180528-1024x768.jpg\" data-width=\"4608\" src=\"https:\/\/i0.wp.com\/blateman-bobine.com\/wp-content\/uploads\/2025\/04\/IMG_20250413_180528-1024x768.jpg?ssl=1\" data-amp-layout=\"responsive\"\/><\/figure><\/div><div class=\"tiled-gallery__col\" style=\"flex-basis:36.04366%\"><figure class=\"tiled-gallery__item\"><img decoding=\"async\" data-attachment-id=\"2044\" data-permalink=\"https:\/\/blateman-bobine.com\/es\/a-los-ninos-les-encanta-blateman-bobine\/486188383_1949505018914854_8225716006673078368_n\/\" data-orig-file=\"https:\/\/i0.wp.com\/blateman-bobine.com\/wp-content\/uploads\/2025\/04\/486188383_1949505018914854_8225716006673078368_n.jpg?fit=1536%2C2048&amp;ssl=1\" data-orig-size=\"1536,2048\" data-comments-opened=\"1\" data-image-meta=\"{&quot;aperture&quot;:&quot;0&quot;,&quot;credit&quot;:&quot;&quot;,&quot;camera&quot;:&quot;&quot;,&quot;caption&quot;:&quot;&quot;,&quot;created_timestamp&quot;:&quot;0&quot;,&quot;copyright&quot;:&quot;&quot;,&quot;focal_length&quot;:&quot;0&quot;,&quot;iso&quot;:&quot;0&quot;,&quot;shutter_speed&quot;:&quot;0&quot;,&quot;title&quot;:&quot;&quot;,&quot;orientation&quot;:&quot;0&quot;}\" data-image-title=\"Blateman &amp;#038; Bobine au Festival BD de Tournai les Bulles, Belgique\" data-image-description=\"&lt;p&gt;Blateman &amp;#038; Bobine au Festival BD de Tournai les Bulles, Belgique&lt;\/p&gt;\" data-image-caption=\"&lt;p&gt;Blateman &amp;#038; Bobine au Festival BD de Tournai les Bulles, Belgique&lt;\/p&gt;\" data-large-file=\"https:\/\/i0.wp.com\/blateman-bobine.com\/wp-content\/uploads\/2025\/04\/486188383_1949505018914854_8225716006673078368_n.jpg?fit=768%2C1024&amp;ssl=1\" role=\"button\" tabindex=\"0\" aria-label=\"Abrir la imagen 2 de 6 en pantalla completa\" srcset=\"https:\/\/i0.wp.com\/blateman-bobine.com\/wp-content\/uploads\/2025\/04\/486188383_1949505018914854_8225716006673078368_n-768x1024.jpg?strip=info&#038;w=600&#038;ssl=1 600w,https:\/\/i0.wp.com\/blateman-bobine.com\/wp-content\/uploads\/2025\/04\/486188383_1949505018914854_8225716006673078368_n-768x1024.jpg?strip=info&#038;w=900&#038;ssl=1 900w,https:\/\/i0.wp.com\/blateman-bobine.com\/wp-content\/uploads\/2025\/04\/486188383_1949505018914854_8225716006673078368_n-768x1024.jpg?strip=info&#038;w=1200&#038;ssl=1 1200w,https:\/\/i0.wp.com\/blateman-bobine.com\/wp-content\/uploads\/2025\/04\/486188383_1949505018914854_8225716006673078368_n-768x1024.jpg?strip=info&#038;w=1500&#038;ssl=1 1500w,https:\/\/i0.wp.com\/blateman-bobine.com\/wp-content\/uploads\/2025\/04\/486188383_1949505018914854_8225716006673078368_n-768x1024.jpg?strip=info&#038;w=1536&#038;ssl=1 1536w\" alt=\"Blateman &amp; Bobine en el Festival del C\u00f3mic de Tournai les Bulles, B\u00e9lgica\" data-height=\"2048\" data-id=\"2044\" data-link=\"https:\/\/blateman-bobine.com\/fr\/?attachment_id=2044\" data-url=\"https:\/\/blateman-bobine.com\/fr\/wp-content\/uploads\/2025\/04\/486188383_1949505018914854_8225716006673078368_n-768x1024.jpg\" data-width=\"1536\" src=\"https:\/\/i0.wp.com\/blateman-bobine.com\/wp-content\/uploads\/2025\/04\/486188383_1949505018914854_8225716006673078368_n-768x1024.jpg?ssl=1\" data-amp-layout=\"responsive\"\/><\/figure><\/div><\/div><div class=\"tiled-gallery__row\"><div class=\"tiled-gallery__col\" style=\"flex-basis:23.10109%\"><figure class=\"tiled-gallery__item\"><img decoding=\"async\" data-attachment-id=\"2050\" data-permalink=\"https:\/\/blateman-bobine.com\/es\/a-los-ninos-les-encanta-blateman-bobine\/486524728_1949503378915018_4261898972143580019_n\/\" data-orig-file=\"https:\/\/i0.wp.com\/blateman-bobine.com\/wp-content\/uploads\/2025\/04\/486524728_1949503378915018_4261898972143580019_n.jpg?fit=2048%2C1536&amp;ssl=1\" data-orig-size=\"2048,1536\" data-comments-opened=\"1\" data-image-meta=\"{&quot;aperture&quot;:&quot;0&quot;,&quot;credit&quot;:&quot;&quot;,&quot;camera&quot;:&quot;&quot;,&quot;caption&quot;:&quot;&quot;,&quot;created_timestamp&quot;:&quot;0&quot;,&quot;copyright&quot;:&quot;&quot;,&quot;focal_length&quot;:&quot;0&quot;,&quot;iso&quot;:&quot;0&quot;,&quot;shutter_speed&quot;:&quot;0&quot;,&quot;title&quot;:&quot;&quot;,&quot;orientation&quot;:&quot;0&quot;}\" data-image-title=\"Blateman &amp;#038; Bobine, les super-z\u00e9ros de la BD au Festival BD de Tournai Les Bulles\" data-image-description=\"&lt;p&gt;Blateman &amp;#038; Bobine, les super-z\u00e9ros de la BD au Festival BD de Tournai Les Bulles&lt;\/p&gt;\" data-image-caption=\"&lt;p&gt;Blateman &amp;#038; Bobine, les super-z\u00e9ros de la BD au Festival BD de Tournai Les Bulles&lt;\/p&gt;\" data-large-file=\"https:\/\/i0.wp.com\/blateman-bobine.com\/wp-content\/uploads\/2025\/04\/486524728_1949503378915018_4261898972143580019_n.jpg?fit=1024%2C768&amp;ssl=1\" role=\"button\" tabindex=\"0\" aria-label=\"Abrir la imagen 3 de 6 en pantalla completa\" srcset=\"https:\/\/i0.wp.com\/blateman-bobine.com\/wp-content\/uploads\/2025\/04\/486524728_1949503378915018_4261898972143580019_n-1024x768.jpg?strip=info&#038;w=600&#038;ssl=1 600w,https:\/\/i0.wp.com\/blateman-bobine.com\/wp-content\/uploads\/2025\/04\/486524728_1949503378915018_4261898972143580019_n-1024x768.jpg?strip=info&#038;w=900&#038;ssl=1 900w,https:\/\/i0.wp.com\/blateman-bobine.com\/wp-content\/uploads\/2025\/04\/486524728_1949503378915018_4261898972143580019_n-1024x768.jpg?strip=info&#038;w=1200&#038;ssl=1 1200w,https:\/\/i0.wp.com\/blateman-bobine.com\/wp-content\/uploads\/2025\/04\/486524728_1949503378915018_4261898972143580019_n-1024x768.jpg?strip=info&#038;w=1500&#038;ssl=1 1500w,https:\/\/i0.wp.com\/blateman-bobine.com\/wp-content\/uploads\/2025\/04\/486524728_1949503378915018_4261898972143580019_n-1024x768.jpg?strip=info&#038;w=1800&#038;ssl=1 1800w,https:\/\/i0.wp.com\/blateman-bobine.com\/wp-content\/uploads\/2025\/04\/486524728_1949503378915018_4261898972143580019_n-1024x768.jpg?strip=info&#038;w=2000&#038;ssl=1 2000w\" alt=\"\" data-height=\"1536\" data-id=\"2050\" data-link=\"https:\/\/blateman-bobine.com\/fr\/?attachment_id=2050\" data-url=\"https:\/\/blateman-bobine.com\/fr\/wp-content\/uploads\/2025\/04\/486524728_1949503378915018_4261898972143580019_n-1024x768.jpg\" data-width=\"2048\" src=\"https:\/\/i0.wp.com\/blateman-bobine.com\/wp-content\/uploads\/2025\/04\/486524728_1949503378915018_4261898972143580019_n-1024x768.jpg?ssl=1\" data-amp-layout=\"responsive\"\/><\/figure><\/div><div class=\"tiled-gallery__col\" style=\"flex-basis:25.42110%\"><figure class=\"tiled-gallery__item\"><img decoding=\"async\" data-attachment-id=\"2047\" data-permalink=\"https:\/\/blateman-bobine.com\/es\/a-los-ninos-les-encanta-blateman-bobine\/490059519_122129532218677670_435689806472698241_n\/\" data-orig-file=\"https:\/\/i0.wp.com\/blateman-bobine.com\/wp-content\/uploads\/2025\/04\/490059519_122129532218677670_435689806472698241_n.jpg?fit=793%2C540&amp;ssl=1\" data-orig-size=\"793,540\" data-comments-opened=\"1\" data-image-meta=\"{&quot;aperture&quot;:&quot;0&quot;,&quot;credit&quot;:&quot;&quot;,&quot;camera&quot;:&quot;&quot;,&quot;caption&quot;:&quot;&quot;,&quot;created_timestamp&quot;:&quot;0&quot;,&quot;copyright&quot;:&quot;&quot;,&quot;focal_length&quot;:&quot;0&quot;,&quot;iso&quot;:&quot;0&quot;,&quot;shutter_speed&quot;:&quot;0&quot;,&quot;title&quot;:&quot;&quot;,&quot;orientation&quot;:&quot;0&quot;}\" data-image-title=\"Blateman &amp;#038; Bobine, les super-z\u00e9ros de la BD au Festival BD de Tournai Les Bulles\" data-image-description=\"&lt;p&gt;Blateman &amp;#038; Bobine, les super-z\u00e9ros de la BD au Festival BD de Tournai Les Bulles&lt;\/p&gt;\" data-image-caption=\"&lt;p&gt;Blateman &amp;#038; Bobine, les super-z\u00e9ros de la BD au Festival BD de Tournai Les Bulles&lt;\/p&gt;\" data-large-file=\"https:\/\/i0.wp.com\/blateman-bobine.com\/wp-content\/uploads\/2025\/04\/490059519_122129532218677670_435689806472698241_n.jpg?fit=793%2C540&amp;ssl=1\" role=\"button\" tabindex=\"0\" aria-label=\"Abrir la imagen 4 de 6 en pantalla completa\" srcset=\"https:\/\/i0.wp.com\/blateman-bobine.com\/wp-content\/uploads\/2025\/04\/490059519_122129532218677670_435689806472698241_n.jpg?strip=info&#038;w=600&#038;ssl=1 600w,https:\/\/i0.wp.com\/blateman-bobine.com\/wp-content\/uploads\/2025\/04\/490059519_122129532218677670_435689806472698241_n.jpg?strip=info&#038;w=793&#038;ssl=1 793w\" alt=\"\" data-height=\"540\" data-id=\"2047\" data-link=\"https:\/\/blateman-bobine.com\/fr\/?attachment_id=2047\" data-url=\"https:\/\/blateman-bobine.com\/fr\/wp-content\/uploads\/2025\/04\/490059519_122129532218677670_435689806472698241_n.jpg\" data-width=\"793\" src=\"https:\/\/i0.wp.com\/blateman-bobine.com\/wp-content\/uploads\/2025\/04\/490059519_122129532218677670_435689806472698241_n.jpg?ssl=1\" data-amp-layout=\"responsive\"\/><\/figure><\/div><div class=\"tiled-gallery__col\" style=\"flex-basis:38.38774%\"><figure class=\"tiled-gallery__item\"><img decoding=\"async\" data-attachment-id=\"2046\" data-permalink=\"https:\/\/blateman-bobine.com\/es\/a-los-ninos-les-encanta-blateman-bobine\/490823359_1950054688859887_5084450408345629281_n\/\" data-orig-file=\"https:\/\/i0.wp.com\/blateman-bobine.com\/wp-content\/uploads\/2025\/04\/490823359_1950054688859887_5084450408345629281_n.jpg?fit=1201%2C540&amp;ssl=1\" data-orig-size=\"1201,540\" data-comments-opened=\"1\" data-image-meta=\"{&quot;aperture&quot;:&quot;0&quot;,&quot;credit&quot;:&quot;&quot;,&quot;camera&quot;:&quot;&quot;,&quot;caption&quot;:&quot;&quot;,&quot;created_timestamp&quot;:&quot;0&quot;,&quot;copyright&quot;:&quot;&quot;,&quot;focal_length&quot;:&quot;0&quot;,&quot;iso&quot;:&quot;0&quot;,&quot;shutter_speed&quot;:&quot;0&quot;,&quot;title&quot;:&quot;&quot;,&quot;orientation&quot;:&quot;0&quot;}\" data-image-title=\"Blateman &amp;#038; Bobine, les super-z\u00e9ros de la BD au Festival BD de Tournai Les Bulles\" data-image-description=\"&lt;p&gt;Blateman &amp;#038; Bobine, les super-z\u00e9ros de la BD au Festival BD de Tournai Les Bulles&lt;\/p&gt;\" data-image-caption=\"&lt;p&gt;Blateman &amp;#038; Bobine, les super-z\u00e9ros de la BD au Festival BD de Tournai Les Bulles&lt;\/p&gt;\" data-large-file=\"https:\/\/i0.wp.com\/blateman-bobine.com\/wp-content\/uploads\/2025\/04\/490823359_1950054688859887_5084450408345629281_n.jpg?fit=1024%2C460&amp;ssl=1\" role=\"button\" tabindex=\"0\" aria-label=\"Abrir la imagen 5 de 6 en pantalla completa\" srcset=\"https:\/\/i0.wp.com\/blateman-bobine.com\/wp-content\/uploads\/2025\/04\/490823359_1950054688859887_5084450408345629281_n-1024x460.jpg?strip=info&#038;w=600&#038;ssl=1 600w,https:\/\/i0.wp.com\/blateman-bobine.com\/wp-content\/uploads\/2025\/04\/490823359_1950054688859887_5084450408345629281_n-1024x460.jpg?strip=info&#038;w=900&#038;ssl=1 900w,https:\/\/i0.wp.com\/blateman-bobine.com\/wp-content\/uploads\/2025\/04\/490823359_1950054688859887_5084450408345629281_n-1024x460.jpg?strip=info&#038;w=1200&#038;ssl=1 1200w,https:\/\/i0.wp.com\/blateman-bobine.com\/wp-content\/uploads\/2025\/04\/490823359_1950054688859887_5084450408345629281_n-1024x460.jpg?strip=info&#038;w=1201&#038;ssl=1 1201w\" alt=\"\" data-height=\"540\" data-id=\"2046\" data-link=\"https:\/\/blateman-bobine.com\/fr\/?attachment_id=2046\" data-url=\"https:\/\/blateman-bobine.com\/fr\/wp-content\/uploads\/2025\/04\/490823359_1950054688859887_5084450408345629281_n-1024x460.jpg\" data-width=\"1201\" src=\"https:\/\/i0.wp.com\/blateman-bobine.com\/wp-content\/uploads\/2025\/04\/490823359_1950054688859887_5084450408345629281_n-1024x460.jpg?ssl=1\" data-amp-layout=\"responsive\"\/><\/figure><\/div><div class=\"tiled-gallery__col\" style=\"flex-basis:13.09008%\"><figure class=\"tiled-gallery__item\"><img decoding=\"async\" data-attachment-id=\"2048\" data-permalink=\"https:\/\/blateman-bobine.com\/es\/a-los-ninos-les-encanta-blateman-bobine\/491662201_1949503815581641_2894083168579588661_n\/\" data-orig-file=\"https:\/\/i0.wp.com\/blateman-bobine.com\/wp-content\/uploads\/2025\/04\/491662201_1949503815581641_2894083168579588661_n.jpg?fit=1536%2C2048&amp;ssl=1\" data-orig-size=\"1536,2048\" data-comments-opened=\"1\" data-image-meta=\"{&quot;aperture&quot;:&quot;0&quot;,&quot;credit&quot;:&quot;&quot;,&quot;camera&quot;:&quot;&quot;,&quot;caption&quot;:&quot;&quot;,&quot;created_timestamp&quot;:&quot;0&quot;,&quot;copyright&quot;:&quot;&quot;,&quot;focal_length&quot;:&quot;0&quot;,&quot;iso&quot;:&quot;0&quot;,&quot;shutter_speed&quot;:&quot;0&quot;,&quot;title&quot;:&quot;&quot;,&quot;orientation&quot;:&quot;0&quot;}\" data-image-title=\"Blateman &amp;#038; Bobine, les super-z\u00e9ros de la BD au Festival BD de Tournai Les Bulles\" data-image-description=\"&lt;p&gt;Blateman &amp;#038; Bobine, les super-z\u00e9ros de la BD au Festival BD de Tournai Les Bulles&lt;\/p&gt;\" data-image-caption=\"&lt;p&gt;Blateman &amp;#038; Bobine, les super-z\u00e9ros de la BD au Festival BD de Tournai Les Bulles&lt;\/p&gt;\" data-large-file=\"https:\/\/i0.wp.com\/blateman-bobine.com\/wp-content\/uploads\/2025\/04\/491662201_1949503815581641_2894083168579588661_n.jpg?fit=768%2C1024&amp;ssl=1\" role=\"button\" tabindex=\"0\" aria-label=\"Abrir la imagen 6 de 6 en pantalla completa\" srcset=\"https:\/\/i0.wp.com\/blateman-bobine.com\/wp-content\/uploads\/2025\/04\/491662201_1949503815581641_2894083168579588661_n-768x1024.jpg?strip=info&#038;w=600&#038;ssl=1 600w,https:\/\/i0.wp.com\/blateman-bobine.com\/wp-content\/uploads\/2025\/04\/491662201_1949503815581641_2894083168579588661_n-768x1024.jpg?strip=info&#038;w=900&#038;ssl=1 900w,https:\/\/i0.wp.com\/blateman-bobine.com\/wp-content\/uploads\/2025\/04\/491662201_1949503815581641_2894083168579588661_n-768x1024.jpg?strip=info&#038;w=1200&#038;ssl=1 1200w,https:\/\/i0.wp.com\/blateman-bobine.com\/wp-content\/uploads\/2025\/04\/491662201_1949503815581641_2894083168579588661_n-768x1024.jpg?strip=info&#038;w=1500&#038;ssl=1 1500w,https:\/\/i0.wp.com\/blateman-bobine.com\/wp-content\/uploads\/2025\/04\/491662201_1949503815581641_2894083168579588661_n-768x1024.jpg?strip=info&#038;w=1536&#038;ssl=1 1536w\" alt=\"\" data-height=\"2048\" data-id=\"2048\" data-link=\"https:\/\/blateman-bobine.com\/fr\/?attachment_id=2048\" data-url=\"https:\/\/blateman-bobine.com\/fr\/wp-content\/uploads\/2025\/04\/491662201_1949503815581641_2894083168579588661_n-768x1024.jpg\" data-width=\"1536\" src=\"https:\/\/i0.wp.com\/blateman-bobine.com\/wp-content\/uploads\/2025\/04\/491662201_1949503815581641_2894083168579588661_n-768x1024.jpg?ssl=1\" data-amp-layout=\"responsive\"\/><\/figure><\/div><\/div><\/div><\/div><\/div>","protected":false},"excerpt":{"rendered":"<p>Souvenirs du Festival BD de Tournai les Bulles \u00e9dition 2025. Nous avons pu y rencontrer notre jeune public!Nous avions la chance aussi d&rsquo;\u00eatre avec Emmanuel Flocher, marquetterie BD, unique en Europe! Gr\u00e2ce \u00e0 lui, des stars comme Frank Margerin, Philippe Xavier, J\u00e9r\u00e9my Petiqueux sont venus nous rendre visite. J&rsquo;\u00e9tais sur le stand ABA Academy avec [&hellip;]<\/p>\n","protected":false},"author":74241772,"featured_media":2050,"comment_status":"open","ping_status":"open","sticky":false,"template":"","format":"standard","meta":{"_coblocks_attr":"","_coblocks_dimensions":"","_coblocks_responsive_height":"","_coblocks_accordion_ie_support":"","_crdt_document":"","advanced_seo_description":"","jetpack_seo_html_title":"","jetpack_seo_noindex":false,"_jetpack_newsletter_access":"","_jetpack_dont_email_post_to_subs":false,"_jetpack_newsletter_tier_id":0,"_jetpack_memberships_contains_paywalled_content":false,"_jetpack_memberships_contains_paid_content":false,"footnotes":"","jetpack_publicize_message":"","jetpack_publicize_feature_enabled":true,"jetpack_social_post_already_shared":true,"jetpack_social_options":{"image_generator_settings":{"template":"highway","default_image_id":0,"font":"","enabled":false},"version":2},"_wpas_customize_per_network":false,"jetpack_post_was_ever_published":false},"categories":[1223035],"tags":[],"class_list":["post-2039","post","type-post","status-publish","format-standard","has-post-thumbnail","hentry","category-dedicaces"],"jetpack_publicize_connections":[],"jetpack_featured_media_url":"https:\/\/i0.wp.com\/blateman-bobine.com\/wp-content\/uploads\/2025\/04\/486524728_1949503378915018_4261898972143580019_n.jpg?fit=2048%2C1536&ssl=1","jetpack_likes_enabled":true,"jetpack_sharing_enabled":true,"jetpack_shortlink":"https:\/\/wp.me\/p4LVhx-wT","jetpack-related-posts":[{"id":397,"url":"https:\/\/blateman-bobine.com\/es\/souvenirs-de-la-dedicace-blateman-bobine-a-sobd-2015-salon-de-la-bd-a-paris\/","url_meta":{"origin":2039,"position":0},"title":"Recuerdos de la sesi\u00f3n de firmas de \"Blateman &amp; Bobine\" en SoBD 2015 - el sal\u00f3n del c\u00f3mic de Par\u00eds","author":"Vhenin","date":"7 diciembre 2015","format":false,"excerpt":"Merci \u00e0 tous d'\u00eatre venus nous voir et bavarder avec nous au stand Tartamudo le week-end des 4, 5 et 6 d\u00e9cembre. Tarek et moi avions le plaisir d'\u00eatre en compagnie d'autres Tartamudois (Tartumud\u00e9ens?): Vincent Pompetti Jos\u00e9 Jover Rodolphe Merci \u00e0 Martine pour sa gentillesse et son support tout au\u2026","rel":"","context":"En \u00abD\u00e9dicaces\u00bb","block_context":{"text":"D\u00e9dicaces","link":"https:\/\/blateman-bobine.com\/es\/categoria\/dedicatorias\/"},"img":{"alt_text":"","src":"https:\/\/i0.wp.com\/blateman-bobine.com\/wp-content\/uploads\/2015\/12\/dsc_0091.jpg?fit=1200%2C800&ssl=1&resize=350%2C200","width":350,"height":200,"srcset":"https:\/\/i0.wp.com\/blateman-bobine.com\/wp-content\/uploads\/2015\/12\/dsc_0091.jpg?fit=1200%2C800&ssl=1&resize=350%2C200 1x, https:\/\/i0.wp.com\/blateman-bobine.com\/wp-content\/uploads\/2015\/12\/dsc_0091.jpg?fit=1200%2C800&ssl=1&resize=525%2C300 1.5x, https:\/\/i0.wp.com\/blateman-bobine.com\/wp-content\/uploads\/2015\/12\/dsc_0091.jpg?fit=1200%2C800&ssl=1&resize=700%2C400 2x, https:\/\/i0.wp.com\/blateman-bobine.com\/wp-content\/uploads\/2015\/12\/dsc_0091.jpg?fit=1200%2C800&ssl=1&resize=1050%2C600 3x"},"classes":[]},{"id":3448,"url":"https:\/\/blateman-bobine.com\/es\/festival-bd-geraardsbergen-une-rencontre-au-sommet\/","url_meta":{"origin":2039,"position":1},"title":"Festival BD Geraardsbergen: une rencontre au sommet","author":"Vhenin","date":"26 marzo 2026","format":false,"excerpt":"Batman, le vrai, est pass\u00e9 \u00e0 notre stand lors du Festival BD de Geraardsbergen (Grammont) en Belgique le 15 mars dernier...Et il a lu et approuv\u00e9 \"Blateman & Bobine\" ! Batman, le cousin de Blateman, est pass\u00e9 chez nous Batman et l'\u00e9diteur ABA Academy Merci \u00e0 Ingrid, Staf, Jurgen et\u2026","rel":"","context":"En \u00abD\u00e9dicaces\u00bb","block_context":{"text":"D\u00e9dicaces","link":"https:\/\/blateman-bobine.com\/es\/categoria\/dedicatorias\/"},"img":{"alt_text":"","src":"https:\/\/i0.wp.com\/blateman-bobine.com\/wp-content\/uploads\/2026\/03\/IMG_20260315_141642-WEB.jpg?fit=1200%2C900&ssl=1&resize=350%2C200","width":350,"height":200,"srcset":"https:\/\/i0.wp.com\/blateman-bobine.com\/wp-content\/uploads\/2026\/03\/IMG_20260315_141642-WEB.jpg?fit=1200%2C900&ssl=1&resize=350%2C200 1x, https:\/\/i0.wp.com\/blateman-bobine.com\/wp-content\/uploads\/2026\/03\/IMG_20260315_141642-WEB.jpg?fit=1200%2C900&ssl=1&resize=525%2C300 1.5x, https:\/\/i0.wp.com\/blateman-bobine.com\/wp-content\/uploads\/2026\/03\/IMG_20260315_141642-WEB.jpg?fit=1200%2C900&ssl=1&resize=700%2C400 2x, https:\/\/i0.wp.com\/blateman-bobine.com\/wp-content\/uploads\/2026\/03\/IMG_20260315_141642-WEB.jpg?fit=1200%2C900&ssl=1&resize=1050%2C600 3x"},"classes":[]},{"id":749,"url":"https:\/\/blateman-bobine.com\/es\/souvenirs-de-la-fete-de-la-bd-de-bruxelles\/","url_meta":{"origin":2039,"position":2},"title":"Souvenirs de la F\u00eate de la BD de Bruxelles","author":"Vhenin","date":"23 septiembre 2016","format":false,"excerpt":"C'\u00e9tait les 3 et 4 septembre derniers. Une excellente \u00e9dition de ce Festival international tenu dans le somptueux cadre du parc de Bruxelles, en face du Palais Royal. La Blatte et son assistant \u00e0 la tignasse jaune \u00e9taient l\u00e0 en force! \"Blateman & Bobine\" (sous le pseudo de 'Vhenin') a\u2026","rel":"","context":"En \u00abD\u00e9dicaces\u00bb","block_context":{"text":"D\u00e9dicaces","link":"https:\/\/blateman-bobine.com\/es\/categoria\/dedicatorias\/"},"img":{"alt_text":"","src":"https:\/\/i0.wp.com\/blateman-bobine.com\/wp-content\/uploads\/2016\/09\/blateman_bobine_super_heros_fete_bd_bruxelles_web.jpg?fit=600%2C848&ssl=1&resize=350%2C200","width":350,"height":200,"srcset":"https:\/\/i0.wp.com\/blateman-bobine.com\/wp-content\/uploads\/2016\/09\/blateman_bobine_super_heros_fete_bd_bruxelles_web.jpg?fit=600%2C848&ssl=1&resize=350%2C200 1x, https:\/\/i0.wp.com\/blateman-bobine.com\/wp-content\/uploads\/2016\/09\/blateman_bobine_super_heros_fete_bd_bruxelles_web.jpg?fit=600%2C848&ssl=1&resize=525%2C300 1.5x"},"classes":[]},{"id":870,"url":"https:\/\/blateman-bobine.com\/es\/blateman-bobine-firmara-en-el-salon-sobd-de-paris-el-3-de-diciembre-de-2016\/","url_meta":{"origin":2039,"position":3},"title":"Blateman &amp; Bobine firman en Par\u00eds - Sal\u00f3n SoBD - 3 de diciembre de 2016","author":"Vhenin","date":"28 noviembre 2016","format":false,"excerpt":"Hello! Le dessinateur Vhenin sera pr\u00e9sent toute la journ\u00e9e du samedi 3 d\u00e9cembre 2016 pour signer et d\u00e9dicacer sa BD \"Blateman & Bobine\" au stand Tartamudo. Salon SoBD - La BD au coeur de Paris Halle des Blancs-Manteaux, Paris IVe 48 rue Vieille-du-Temple, entr\u00e9e libre Vhenin Portfolio: www.vhenin.be Facebook: Vincent\u2026","rel":"","context":"En \u00abD\u00e9dicaces\u00bb","block_context":{"text":"D\u00e9dicaces","link":"https:\/\/blateman-bobine.com\/es\/categoria\/dedicatorias\/"},"img":{"alt_text":"","src":"https:\/\/i0.wp.com\/blateman-bobine.com\/wp-content\/uploads\/2016\/11\/affiche-sobdjpg.jpg?fit=728%2C1030&ssl=1&resize=350%2C200","width":350,"height":200,"srcset":"https:\/\/i0.wp.com\/blateman-bobine.com\/wp-content\/uploads\/2016\/11\/affiche-sobdjpg.jpg?fit=728%2C1030&ssl=1&resize=350%2C200 1x, https:\/\/i0.wp.com\/blateman-bobine.com\/wp-content\/uploads\/2016\/11\/affiche-sobdjpg.jpg?fit=728%2C1030&ssl=1&resize=525%2C300 1.5x, https:\/\/i0.wp.com\/blateman-bobine.com\/wp-content\/uploads\/2016\/11\/affiche-sobdjpg.jpg?fit=728%2C1030&ssl=1&resize=700%2C400 2x"},"classes":[]},{"id":364,"url":"https:\/\/blateman-bobine.com\/es\/blateman-bobine-en-la-dedicatoria-del-festival-sobd-de-paris\/","url_meta":{"origin":2039,"position":4},"title":"Blateman &amp; Bobine firman en el Festival SoBD (Par\u00eds)","author":"Vhenin","date":"29 noviembre 2015","format":false,"excerpt":"Vhenin\u00a0et Tarek seront au stand\u00a0de l'\u00e9diteur Tartamudo lors du festival SoBD, salon de la BD de Paris: \u2022 Quand? les 4, 5 et 6\u00a0d\u00e9cembre 2015 de 15h \u00e0 19h, le vendredi et de 11h \u00e0 19h\u00a0les autres jours \u2022 O\u00f9? Halle des Blancs Manteaux, 48 rue Vieille du Temple, Paris\u2026","rel":"","context":"En \u00abD\u00e9dicaces\u00bb","block_context":{"text":"D\u00e9dicaces","link":"https:\/\/blateman-bobine.com\/es\/categoria\/dedicatorias\/"},"img":{"alt_text":"","src":"https:\/\/i0.wp.com\/blateman-bobine.com\/wp-content\/uploads\/2015\/11\/flyer-sobd-recto_tarek_vhenin.jpg?fit=848%2C1200&ssl=1&resize=350%2C200","width":350,"height":200,"srcset":"https:\/\/i0.wp.com\/blateman-bobine.com\/wp-content\/uploads\/2015\/11\/flyer-sobd-recto_tarek_vhenin.jpg?fit=848%2C1200&ssl=1&resize=350%2C200 1x, https:\/\/i0.wp.com\/blateman-bobine.com\/wp-content\/uploads\/2015\/11\/flyer-sobd-recto_tarek_vhenin.jpg?fit=848%2C1200&ssl=1&resize=525%2C300 1.5x, https:\/\/i0.wp.com\/blateman-bobine.com\/wp-content\/uploads\/2015\/11\/flyer-sobd-recto_tarek_vhenin.jpg?fit=848%2C1200&ssl=1&resize=700%2C400 2x"},"classes":[]},{"id":500,"url":"https:\/\/blateman-bobine.com\/es\/souvenirs-dedicace-blateman-bobine-a-la-librairie-brusel-de-flagey-bruxelles\/","url_meta":{"origin":2039,"position":5},"title":"Recuerdos de la firma de \"Blateman &amp; Bobine\" en la librer\u00eda Br\u00fcsel de Flagey (Bruselas)","author":"Vhenin","date":"26 febrero 2016","format":false,"excerpt":"Merci \u00e0 Quentin et \u00e0 toute l'\u00e9quipe pour leur accueil chaleureux! C'\u00e9tait le 18\/02 dernier (voir article). J'\u00e9tais en compagnie du dessinateur-sc\u00e9nariste Ben Dessy. Merci \u00e0 tous d'\u00eatre venus! photos: \u00a9Leila Khemissi (pas de reproduction sans l'autorisation de l'auteur -\u00a0http:\/\/www.leilakhemissi.be\/) Vhenin Portfolio: www.vhenin.be\u00a0et www.vincent-henin.be Facebook: Vincent Henin Comix Illustration (Vhenin)\u2026","rel":"","context":"En \u00abD\u00e9dicaces\u00bb","block_context":{"text":"D\u00e9dicaces","link":"https:\/\/blateman-bobine.com\/es\/categoria\/dedicatorias\/"},"img":{"alt_text":"","src":"https:\/\/i0.wp.com\/blateman-bobine.com\/wp-content\/uploads\/2016\/02\/blateman_bobine_bruxelles-13.jpg?fit=600%2C400&ssl=1&resize=350%2C200","width":350,"height":200,"srcset":"https:\/\/i0.wp.com\/blateman-bobine.com\/wp-content\/uploads\/2016\/02\/blateman_bobine_bruxelles-13.jpg?fit=600%2C400&ssl=1&resize=350%2C200 1x, https:\/\/i0.wp.com\/blateman-bobine.com\/wp-content\/uploads\/2016\/02\/blateman_bobine_bruxelles-13.jpg?fit=600%2C400&ssl=1&resize=525%2C300 1.5x"},"classes":[]}],"_links":{"self":[{"href":"https:\/\/blateman-bobine.com\/es\/wp-json\/wp\/v2\/posts\/2039","targetHints":{"allow":["GET"]}}],"collection":[{"href":"https:\/\/blateman-bobine.com\/es\/wp-json\/wp\/v2\/posts"}],"about":[{"href":"https:\/\/blateman-bobine.com\/es\/wp-json\/wp\/v2\/types\/post"}],"author":[{"embeddable":true,"href":"https:\/\/blateman-bobine.com\/es\/wp-json\/wp\/v2\/users\/74241772"}],"replies":[{"embeddable":true,"href":"https:\/\/blateman-bobine.com\/es\/wp-json\/wp\/v2\/comments?post=2039"}],"version-history":[{"count":7,"href":"https:\/\/blateman-bobine.com\/es\/wp-json\/wp\/v2\/posts\/2039\/revisions"}],"predecessor-version":[{"id":2054,"href":"https:\/\/blateman-bobine.com\/es\/wp-json\/wp\/v2\/posts\/2039\/revisions\/2054"}],"wp:featuredmedia":[{"embeddable":true,"href":"https:\/\/blateman-bobine.com\/es\/wp-json\/wp\/v2\/media\/2050"}],"wp:attachment":[{"href":"https:\/\/blateman-bobine.com\/es\/wp-json\/wp\/v2\/media?parent=2039"}],"wp:term":[{"taxonomy":"category","embeddable":true,"href":"https:\/\/blateman-bobine.com\/es\/wp-json\/wp\/v2\/categories?post=2039"},{"taxonomy":"post_tag","embeddable":true,"href":"https:\/\/blateman-bobine.com\/es\/wp-json\/wp\/v2\/tags?post=2039"}],"curies":[{"name":"wp","href":"https:\/\/api.w.org\/{rel}","templated":true}]}}