{"id":3215,"date":"2026-01-22T23:00:51","date_gmt":"2026-01-22T22:00:51","guid":{"rendered":"https:\/\/blateman-bobine.com\/?p=3215"},"modified":"2026-01-22T23:42:39","modified_gmt":"2026-01-22T22:42:39","slug":"attention-super-zeros-en-liberte-festival-du-livre-de-forest-b-25-01-2026","status":"publish","type":"post","link":"https:\/\/blateman-bobine.com\/es\/attention-super-zeros-en-liberte-festival-du-livre-de-forest-b-25-01-2026\/","title":{"rendered":"Attention, super-z\u00e9ros en libert\u00e9 ! Festival du livre de Forest (B) &#8211; 25\/01\/2026"},"content":{"rendered":"<p class=\"wp-block-paragraph\"><strong>Venez rencontrer nos Super-Z\u00e9ros !<\/strong><br><strong>Blateman y Bobine<\/strong>, le duo de super-h\u00e9ros le moins efficace (mais le plus attachant) de Bruxelles, d\u00e9barquent <strong>au Festival du livre de Forest<\/strong> este <strong>dimanche 25 janvier<\/strong> \ud83d\udcda\u2728<\/p>\n\n\n\n<p class=\"wp-block-paragraph\">Rendez-vous au <strong>Centre Jules Verne<\/strong> pour rencontrer ces justiciers pas comme les autres, d\u00e9couvrir leurs aventures et croiser une centaine d\u2019auteur\u00b7s et autrices r\u00e9unis sous l\u2019\u00e9gide des <strong>\u00e9ditions Lamiroy<\/strong>.<\/p>\n\n\n\n<p class=\"wp-block-paragraph\">\ud83d\udd59 <strong>25\/01\/2026<\/strong> de <strong>10h \u2013 18h<\/strong><br>\ud83d\udccd Centre Jules Verne \u2013 67 chauss\u00e9e de Neerstalle, 1190 Forest<br>\ud83c\udf9f\ufe0f <strong>Entr\u00e9e gratuite<\/strong><\/p>\n\n\n\n<p class=\"wp-block-paragraph\">M\u00eame sans super-pouvoirs, vous n\u2019avez aucune excuse pour manquer \u00e7a \ud83d\udca5\ud83d\ude09<\/p>\n\n\n\n<figure class=\"wp-block-image size-large\"><img data-recalc-dims=\"1\" loading=\"lazy\" decoding=\"async\" width=\"1024\" height=\"683\" data-attachment-id=\"3219\" data-permalink=\"https:\/\/blateman-bobine.com\/es\/attention-super-zeros-en-liberte-festival-du-livre-de-forest-b-25-01-2026\/blateman-bobine-festival-livre-forest\/\" data-orig-file=\"https:\/\/i0.wp.com\/blateman-bobine.com\/wp-content\/uploads\/2026\/01\/Blateman-Bobine-Festival-Livre-Forest.png?fit=1536%2C1024&amp;ssl=1\" data-orig-size=\"1536,1024\" data-comments-opened=\"1\" data-image-meta=\"{&quot;aperture&quot;:&quot;0&quot;,&quot;credit&quot;:&quot;&quot;,&quot;camera&quot;:&quot;&quot;,&quot;caption&quot;:&quot;&quot;,&quot;created_timestamp&quot;:&quot;0&quot;,&quot;copyright&quot;:&quot;&quot;,&quot;focal_length&quot;:&quot;0&quot;,&quot;iso&quot;:&quot;0&quot;,&quot;shutter_speed&quot;:&quot;0&quot;,&quot;title&quot;:&quot;&quot;,&quot;orientation&quot;:&quot;0&quot;}\" data-image-title=\"Blateman &amp;#038; Bobine-au Festival du Livre de Forest\" data-image-description=\"&lt;p&gt;Blateman &amp;#038; Bobine-au Festival du Livre de Forest&lt;\/p&gt;\" data-image-caption=\"&lt;p&gt;Blateman &amp;#038; Bobine-au Festival du Livre de Forest&lt;\/p&gt;\" data-large-file=\"https:\/\/i0.wp.com\/blateman-bobine.com\/wp-content\/uploads\/2026\/01\/Blateman-Bobine-Festival-Livre-Forest.png?fit=1024%2C683&amp;ssl=1\" src=\"https:\/\/i0.wp.com\/blateman-bobine.com\/wp-content\/uploads\/2026\/01\/Blateman-Bobine-Festival-Livre-Forest.png?resize=1024%2C683&#038;ssl=1\" alt=\"Blateman &amp; Bobine-au Festival du Livre de Forest\" class=\"wp-image-3219\" srcset=\"https:\/\/i0.wp.com\/blateman-bobine.com\/wp-content\/uploads\/2026\/01\/Blateman-Bobine-Festival-Livre-Forest.png?resize=1024%2C683&amp;ssl=1 1024w, https:\/\/i0.wp.com\/blateman-bobine.com\/wp-content\/uploads\/2026\/01\/Blateman-Bobine-Festival-Livre-Forest.png?resize=300%2C200&amp;ssl=1 300w, https:\/\/i0.wp.com\/blateman-bobine.com\/wp-content\/uploads\/2026\/01\/Blateman-Bobine-Festival-Livre-Forest.png?resize=768%2C512&amp;ssl=1 768w, https:\/\/i0.wp.com\/blateman-bobine.com\/wp-content\/uploads\/2026\/01\/Blateman-Bobine-Festival-Livre-Forest.png?resize=18%2C12&amp;ssl=1 18w, https:\/\/i0.wp.com\/blateman-bobine.com\/wp-content\/uploads\/2026\/01\/Blateman-Bobine-Festival-Livre-Forest.png?w=1536&amp;ssl=1 1536w\" sizes=\"auto, (max-width: 1000px) 100vw, 1000px\" \/><figcaption class=\"wp-element-caption\">Blateman &#038; Bobine-au Festival du Livre de Forest<\/figcaption><\/figure>\n\n\n\n<figure class=\"wp-block-image size-full\"><img data-recalc-dims=\"1\" loading=\"lazy\" decoding=\"async\" width=\"800\" height=\"600\" data-attachment-id=\"1746\" data-permalink=\"https:\/\/blateman-bobine.com\/es\/blateman-bobine-official-release-2025-01\/\" data-orig-file=\"https:\/\/i0.wp.com\/blateman-bobine.com\/wp-content\/uploads\/2025\/03\/Blateman-Bobine-Official-Release-2025-01.jpg?fit=800%2C600&amp;ssl=1\" data-orig-size=\"800,600\" data-comments-opened=\"1\" data-image-meta=\"{&quot;aperture&quot;:&quot;0&quot;,&quot;credit&quot;:&quot;&quot;,&quot;camera&quot;:&quot;&quot;,&quot;caption&quot;:&quot;&quot;,&quot;created_timestamp&quot;:&quot;0&quot;,&quot;copyright&quot;:&quot;&quot;,&quot;focal_length&quot;:&quot;0&quot;,&quot;iso&quot;:&quot;0&quot;,&quot;shutter_speed&quot;:&quot;0&quot;,&quot;title&quot;:&quot;&quot;,&quot;orientation&quot;:&quot;0&quot;}\" data-image-title=\"Blateman-Bobine-Official-Release-2025-01\" data-image-description=\"&lt;p&gt;Blateman &amp;#038; Bobine &amp;#8211; Sortie Officielle, Mars 2025&lt;\/p&gt;\" data-image-caption=\"&lt;p&gt;Blateman &amp;#038; Bobine &amp;#8211; Sortie Officielle, Mars 2025&lt;\/p&gt;\" data-large-file=\"https:\/\/i0.wp.com\/blateman-bobine.com\/wp-content\/uploads\/2025\/03\/Blateman-Bobine-Official-Release-2025-01.jpg?fit=800%2C600&amp;ssl=1\" src=\"https:\/\/i0.wp.com\/blateman-bobine.com\/wp-content\/uploads\/2025\/03\/Blateman-Bobine-Official-Release-2025-01.jpg?resize=800%2C600&#038;ssl=1\" alt=\"Blateman &amp; Bobine - Lanzamiento oficial, marzo de 2025\" class=\"wp-image-1746\" srcset=\"https:\/\/i0.wp.com\/blateman-bobine.com\/wp-content\/uploads\/2025\/03\/Blateman-Bobine-Official-Release-2025-01.jpg?w=800&amp;ssl=1 800w, https:\/\/i0.wp.com\/blateman-bobine.com\/wp-content\/uploads\/2025\/03\/Blateman-Bobine-Official-Release-2025-01.jpg?resize=300%2C225&amp;ssl=1 300w, https:\/\/i0.wp.com\/blateman-bobine.com\/wp-content\/uploads\/2025\/03\/Blateman-Bobine-Official-Release-2025-01.jpg?resize=768%2C576&amp;ssl=1 768w\" sizes=\"auto, (max-width: 800px) 100vw, 800px\" \/><figcaption class=\"wp-element-caption\">Blateman &amp; Bobine &#8211; Sortie Officielle<\/figcaption><\/figure>\n\n\n\n<figure class=\"wp-block-image size-full\"><img data-recalc-dims=\"1\" loading=\"lazy\" decoding=\"async\" width=\"1536\" height=\"2048\" data-attachment-id=\"2049\" data-permalink=\"https:\/\/blateman-bobine.com\/es\/a-los-ninos-les-encanta-blateman-bobine\/486188383_1949505018914854_8225716006673078368_n-2\/\" data-orig-file=\"https:\/\/i0.wp.com\/blateman-bobine.com\/wp-content\/uploads\/2025\/04\/486188383_1949505018914854_8225716006673078368_n-1.jpg?fit=1536%2C2048&amp;ssl=1\" data-orig-size=\"1536,2048\" data-comments-opened=\"1\" data-image-meta=\"{&quot;aperture&quot;:&quot;0&quot;,&quot;credit&quot;:&quot;&quot;,&quot;camera&quot;:&quot;&quot;,&quot;caption&quot;:&quot;&quot;,&quot;created_timestamp&quot;:&quot;0&quot;,&quot;copyright&quot;:&quot;&quot;,&quot;focal_length&quot;:&quot;0&quot;,&quot;iso&quot;:&quot;0&quot;,&quot;shutter_speed&quot;:&quot;0&quot;,&quot;title&quot;:&quot;&quot;,&quot;orientation&quot;:&quot;0&quot;}\" data-image-title=\"Blateman &amp;#038; Bobine, les super-z\u00e9ros de la BD au Festival BD de Tournai Les Bulles\" data-image-description=\"&lt;p&gt;Blateman &amp;#038; Bobine, les super-z\u00e9ros de la BD au Festival BD de Tournai Les Bulles&lt;\/p&gt;\" data-image-caption=\"&lt;p&gt;Blateman &amp;#038; Bobine, les super-z\u00e9ros de la BD au Festival BD de Tournai Les Bulles&lt;\/p&gt;\" data-large-file=\"https:\/\/i0.wp.com\/blateman-bobine.com\/wp-content\/uploads\/2025\/04\/486188383_1949505018914854_8225716006673078368_n-1.jpg?fit=768%2C1024&amp;ssl=1\" src=\"https:\/\/i0.wp.com\/blateman-bobine.com\/wp-content\/uploads\/2025\/04\/486188383_1949505018914854_8225716006673078368_n-1.jpg?resize=1536%2C2048&#038;ssl=1\" alt=\"Un artiste dessinant sur un carnet tandis que deux enfants regardent avec int\u00e9r\u00eat, dans une salle d'exposition.\" class=\"wp-image-2049\" srcset=\"https:\/\/i0.wp.com\/blateman-bobine.com\/wp-content\/uploads\/2025\/04\/486188383_1949505018914854_8225716006673078368_n-1.jpg?w=1536&amp;ssl=1 1536w, https:\/\/i0.wp.com\/blateman-bobine.com\/wp-content\/uploads\/2025\/04\/486188383_1949505018914854_8225716006673078368_n-1.jpg?resize=225%2C300&amp;ssl=1 225w, https:\/\/i0.wp.com\/blateman-bobine.com\/wp-content\/uploads\/2025\/04\/486188383_1949505018914854_8225716006673078368_n-1.jpg?resize=768%2C1024&amp;ssl=1 768w, https:\/\/i0.wp.com\/blateman-bobine.com\/wp-content\/uploads\/2025\/04\/486188383_1949505018914854_8225716006673078368_n-1.jpg?resize=1152%2C1536&amp;ssl=1 1152w, https:\/\/i0.wp.com\/blateman-bobine.com\/wp-content\/uploads\/2025\/04\/486188383_1949505018914854_8225716006673078368_n-1.jpg?resize=900%2C1200&amp;ssl=1 900w, https:\/\/i0.wp.com\/blateman-bobine.com\/wp-content\/uploads\/2025\/04\/486188383_1949505018914854_8225716006673078368_n-1.jpg?resize=600%2C800&amp;ssl=1 600w, https:\/\/i0.wp.com\/blateman-bobine.com\/wp-content\/uploads\/2025\/04\/486188383_1949505018914854_8225716006673078368_n-1.jpg?resize=450%2C600&amp;ssl=1 450w, https:\/\/i0.wp.com\/blateman-bobine.com\/wp-content\/uploads\/2025\/04\/486188383_1949505018914854_8225716006673078368_n-1.jpg?resize=300%2C400&amp;ssl=1 300w, https:\/\/i0.wp.com\/blateman-bobine.com\/wp-content\/uploads\/2025\/04\/486188383_1949505018914854_8225716006673078368_n-1.jpg?resize=150%2C200&amp;ssl=1 150w, https:\/\/i0.wp.com\/blateman-bobine.com\/wp-content\/uploads\/2025\/04\/486188383_1949505018914854_8225716006673078368_n-1.jpg?resize=1200%2C1600&amp;ssl=1 1200w\" sizes=\"auto, (max-width: 1000px) 100vw, 1000px\" \/><figcaption class=\"wp-element-caption\">Blateman &#038; Bobine au festival du livre de Forest, en Belgique.<\/figcaption><\/figure>","protected":false},"excerpt":{"rendered":"<p>Venez rencontrer nos Super-Z\u00e9ros !Blateman &amp; Bobine, le duo de super-h\u00e9ros le moins efficace (mais le plus attachant) de Bruxelles, d\u00e9barquent au Festival du livre de Forest ce dimanche 25 janvier \ud83d\udcda\u2728 Rendez-vous au Centre Jules Verne pour rencontrer ces justiciers pas comme les autres, d\u00e9couvrir leurs aventures et croiser une centaine d\u2019auteur\u00b7s et autrices [&hellip;]<\/p>\n","protected":false},"author":74241772,"featured_media":3225,"comment_status":"open","ping_status":"open","sticky":false,"template":"","format":"standard","meta":{"_coblocks_attr":"","_coblocks_dimensions":"","_coblocks_responsive_height":"","_coblocks_accordion_ie_support":"","_crdt_document":"","advanced_seo_description":"Rencontrez Blateman & Bobine, nos super-z\u00e9ros \u00e0 Bruxelles, au Festival du livre de Forest le 25 janvier. Entr\u00e9e gratuite, ne manquez pas \u00e7a !","jetpack_seo_html_title":"Rencontrez Blateman & Bobine au Festival du Livre de Forest","jetpack_seo_noindex":false,"_jetpack_newsletter_access":"","_jetpack_dont_email_post_to_subs":false,"_jetpack_newsletter_tier_id":0,"_jetpack_memberships_contains_paywalled_content":false,"_jetpack_memberships_contains_paid_content":false,"footnotes":"","jetpack_publicize_message":"","jetpack_publicize_feature_enabled":true,"jetpack_social_post_already_shared":true,"jetpack_social_options":{"image_generator_settings":{"template":"highway","default_image_id":0,"font":"","enabled":true,"token":"eyJpbWciOiJodHRwczpcL1wvYmxhdGVtYW4tYm9iaW5lLmNvbVwvd3AtY29udGVudFwvdXBsb2Fkc1wvMjAyNlwvMDFcL0Zlc3RpdmFsLUxpdnJlLUZvcmVzdC5qcGciLCJ0eHQiOiJBdHRlbnRpb24sIHN1cGVyLXpcdTAwZTlyb3MgZW4gbGliZXJ0XHUwMGU5ICEgRmVzdGl2YWwgZHUgbGl2cmUgZGUgRm9yZXN0IChCKSAmIzgyMTE7IDI1XC8wMVwvMjAyNiIsInRlbXBsYXRlIjoiaGlnaHdheSIsImZvbnQiOiIiLCJibG9nX2lkIjo3MDUyNjk1NX0.j4HF0ec7TEsO5OhgS9p3gvai1tceTP_owhKdvoRyh1IMQ"},"version":2,"attached_media":[{"id":1692,"url":"https:\/\/blateman-bobine.com\/wp-content\/uploads\/2025\/02\/expo-blateman_bobine-02_web.jpg","type":"image\/jpeg"}]},"_wpas_customize_per_network":false,"jetpack_post_was_ever_published":false},"categories":[1223035],"tags":[],"class_list":["post-3215","post","type-post","status-publish","format-standard","has-post-thumbnail","hentry","category-dedicaces"],"jetpack_publicize_connections":[],"jetpack_featured_media_url":"https:\/\/i0.wp.com\/blateman-bobine.com\/wp-content\/uploads\/2026\/01\/Festival-Livre-Forest.jpg?fit=768%2C576&ssl=1","jetpack_likes_enabled":true,"jetpack_sharing_enabled":true,"jetpack_shortlink":"https:\/\/wp.me\/p4LVhx-PR","jetpack-related-posts":[{"id":3231,"url":"https:\/\/blateman-bobine.com\/es\/nos-super-zeros-au-festival-du-livre-de-forest-b-une-interview-originale\/","url_meta":{"origin":3215,"position":0},"title":"Nuestros Super-Ceros en el Festival del Libro de Forest (B): Una entrevista original","author":"Vhenin","date":"26 enero 2026","format":false,"excerpt":"Retour sur le salon du livre Forest ! Entre deux d\u00e9dicaces, j\u2019ai pos\u00e9 mes planches pour r\u00e9pondre aux questions d\u2019Anjie Dewilde.","rel":"","context":"En \u00abAround Blateman\u00bb","block_context":{"text":"Around Blateman","link":"https:\/\/blateman-bobine.com\/es\/categoria\/alrededor-de-blateman\/"},"img":{"alt_text":"Blateman et Bobine -Festival du livre Forest 2026","src":"https:\/\/i0.wp.com\/blateman-bobine.com\/wp-content\/uploads\/2026\/01\/create-a-highly-detailed-high-resolution-featured-image-for-a-blog.png?fit=1024%2C768&ssl=1&resize=350%2C200","width":350,"height":200,"srcset":"https:\/\/i0.wp.com\/blateman-bobine.com\/wp-content\/uploads\/2026\/01\/create-a-highly-detailed-high-resolution-featured-image-for-a-blog.png?fit=1024%2C768&ssl=1&resize=350%2C200 1x, https:\/\/i0.wp.com\/blateman-bobine.com\/wp-content\/uploads\/2026\/01\/create-a-highly-detailed-high-resolution-featured-image-for-a-blog.png?fit=1024%2C768&ssl=1&resize=525%2C300 1.5x, https:\/\/i0.wp.com\/blateman-bobine.com\/wp-content\/uploads\/2026\/01\/create-a-highly-detailed-high-resolution-featured-image-for-a-blog.png?fit=1024%2C768&ssl=1&resize=700%2C400 2x"},"classes":[]},{"id":3325,"url":"https:\/\/blateman-bobine.com\/es\/blateman-bobine-emerveillent-a-verlaine\/","url_meta":{"origin":3215,"position":1},"title":"Blateman &#038; Bobine \u00e9merveillent \u00e0 Verlaine","author":"Vhenin","date":"5 marzo 2026","format":false,"excerpt":"Blateman & Bobine \u00e9taient pr\u00e9sents \u00e0 la F\u00eate de la B.D. et du Livre Jeunesse de Verlaine le 8 f\u00e9vrier. L\u2019\u00e9v\u00e9nement a offert un accueil exceptionnel, avec une organisation impeccable et une ambiance chaleureuse. Une journ\u00e9e au top pour nos super-h\u00e9ros\u2026 ou plut\u00f4t super-z\u00e9ros !","rel":"","context":"En \u00abD\u00e9dicaces\u00bb","block_context":{"text":"D\u00e9dicaces","link":"https:\/\/blateman-bobine.com\/es\/categoria\/dedicatorias\/"},"img":{"alt_text":"Blateman & Bobine - Fete de la BD et du livre jeunesse - Verlaine 2026","src":"https:\/\/i0.wp.com\/blateman-bobine.com\/wp-content\/uploads\/2026\/03\/IMG_20260208_112256_Bokeh-WEB.jpg?fit=800%2C600&ssl=1&resize=350%2C200","width":350,"height":200,"srcset":"https:\/\/i0.wp.com\/blateman-bobine.com\/wp-content\/uploads\/2026\/03\/IMG_20260208_112256_Bokeh-WEB.jpg?fit=800%2C600&ssl=1&resize=350%2C200 1x, https:\/\/i0.wp.com\/blateman-bobine.com\/wp-content\/uploads\/2026\/03\/IMG_20260208_112256_Bokeh-WEB.jpg?fit=800%2C600&ssl=1&resize=525%2C300 1.5x, https:\/\/i0.wp.com\/blateman-bobine.com\/wp-content\/uploads\/2026\/03\/IMG_20260208_112256_Bokeh-WEB.jpg?fit=800%2C600&ssl=1&resize=700%2C400 2x"},"classes":[]},{"id":3385,"url":"https:\/\/blateman-bobine.com\/es\/blateman-en-dedicace-avec-brad-pitt-a-tournai-les-bulles-b-11-et-12-avril-2026\/","url_meta":{"origin":3215,"position":2},"title":"Blateman en d\u00e9dicace avec Brad Pitt \u00e0 Tournai-les-Bulles (B) &#8211; 11 et 12 avril 2026","author":"Vhenin","date":"9 abril 2026","format":false,"excerpt":"Brad Pitt en d\u00e9dicaces avec Blateman & Bobine \u00e0 Tournai-les-Bulles (Festival International de BD), Belgique, 11 et 12 avril 2026","rel":"","context":"En \u00abAround Blateman\u00bb","block_context":{"text":"Around Blateman","link":"https:\/\/blateman-bobine.com\/es\/categoria\/alrededor-de-blateman\/"},"img":{"alt_text":"Brad Pitt, fan de Blateman & Bobine, s\u00e9rie de BD franco-belge","src":"https:\/\/i0.wp.com\/blateman-bobine.com\/wp-content\/uploads\/2026\/04\/Brad-Pitt-at-comic-convention-horizontal-WEB.jpg?fit=1200%2C800&ssl=1&resize=350%2C200","width":350,"height":200,"srcset":"https:\/\/i0.wp.com\/blateman-bobine.com\/wp-content\/uploads\/2026\/04\/Brad-Pitt-at-comic-convention-horizontal-WEB.jpg?fit=1200%2C800&ssl=1&resize=350%2C200 1x, https:\/\/i0.wp.com\/blateman-bobine.com\/wp-content\/uploads\/2026\/04\/Brad-Pitt-at-comic-convention-horizontal-WEB.jpg?fit=1200%2C800&ssl=1&resize=525%2C300 1.5x, https:\/\/i0.wp.com\/blateman-bobine.com\/wp-content\/uploads\/2026\/04\/Brad-Pitt-at-comic-convention-horizontal-WEB.jpg?fit=1200%2C800&ssl=1&resize=700%2C400 2x, https:\/\/i0.wp.com\/blateman-bobine.com\/wp-content\/uploads\/2026\/04\/Brad-Pitt-at-comic-convention-horizontal-WEB.jpg?fit=1200%2C800&ssl=1&resize=1050%2C600 3x"},"classes":[]},{"id":2019,"url":"https:\/\/blateman-bobine.com\/es\/nuestros-superheroes-estaran-en-spa-el-27-de-abril-de-2025\/","url_meta":{"origin":3215,"position":3},"title":"Nuestros superh\u00e9roes estar\u00e1n en Spa - 27 de abril de 2025","author":"Vhenin","date":"22 abril 2025","format":false,"excerpt":"Venez me rencontrer au tr\u00e8s beau Spa BD Festival ce dimanche 27 avril. Au plaisir de vous y voir! Je signerai aussi bien mes albums de \"Blateman & Bobine\" (ouvrages jeunesse) que mes Voyages d'Alix publi\u00e9 chez Casterman. Qu'on se le dise!","rel":"","context":"En \u00abD\u00e9dicaces\u00bb","block_context":{"text":"D\u00e9dicaces","link":"https:\/\/blateman-bobine.com\/es\/categoria\/dedicatorias\/"},"img":{"alt_text":"Blateman & Bobine, les super-z\u00e9ros de la BD au Festival BD de Spa","src":"https:\/\/i0.wp.com\/blateman-bobine.com\/wp-content\/uploads\/2025\/04\/annonce_spa-2025.jpg?fit=730%2C699&ssl=1&resize=350%2C200","width":350,"height":200,"srcset":"https:\/\/i0.wp.com\/blateman-bobine.com\/wp-content\/uploads\/2025\/04\/annonce_spa-2025.jpg?fit=730%2C699&ssl=1&resize=350%2C200 1x, https:\/\/i0.wp.com\/blateman-bobine.com\/wp-content\/uploads\/2025\/04\/annonce_spa-2025.jpg?fit=730%2C699&ssl=1&resize=525%2C300 1.5x, https:\/\/i0.wp.com\/blateman-bobine.com\/wp-content\/uploads\/2025\/04\/annonce_spa-2025.jpg?fit=730%2C699&ssl=1&resize=700%2C400 2x"},"classes":[]},{"id":2791,"url":"https:\/\/blateman-bobine.com\/es\/blateman-bobine-en-el-festival-bd-de-bulles-en-bulles-hotton-b-24-aout-2025\/","url_meta":{"origin":3215,"position":4},"title":"Blateman &amp; Bobine en el Festival BD de Bulles en Bulles \/\/ Hotton (B) - 24 de agosto de 2025","author":"Vhenin","date":"21 agosto 2025","format":false,"excerpt":"Hi Guys! Venez nous voir au Festival de Bulles en Bulles \u00e0 Hotton ce dimanche 24 ao\u00fbt.Un super festival dans un des plus jolis coins de la Belgique!Venez en famille pour la BD, la convivialit\u00e9 et le d\u00e9cor. Comme d'habitude, j'y d\u00e9dicacerai mes albums de 'Blateman & Bobine' et mes\u2026","rel":"","context":"En \u00abD\u00e9dicaces\u00bb","block_context":{"text":"D\u00e9dicaces","link":"https:\/\/blateman-bobine.com\/es\/categoria\/dedicatorias\/"},"img":{"alt_text":"Blateman & Bobine, les super-z\u00e9ros de la BD au Festival BD de Hotton","src":"https:\/\/i0.wp.com\/blateman-bobine.com\/wp-content\/uploads\/2025\/08\/affiche-FB-festival-Hotton.jpg?fit=800%2C600&ssl=1&resize=350%2C200","width":350,"height":200,"srcset":"https:\/\/i0.wp.com\/blateman-bobine.com\/wp-content\/uploads\/2025\/08\/affiche-FB-festival-Hotton.jpg?fit=800%2C600&ssl=1&resize=350%2C200 1x, https:\/\/i0.wp.com\/blateman-bobine.com\/wp-content\/uploads\/2025\/08\/affiche-FB-festival-Hotton.jpg?fit=800%2C600&ssl=1&resize=525%2C300 1.5x, https:\/\/i0.wp.com\/blateman-bobine.com\/wp-content\/uploads\/2025\/08\/affiche-FB-festival-Hotton.jpg?fit=800%2C600&ssl=1&resize=700%2C400 2x"},"classes":[]},{"id":3278,"url":"https:\/\/blateman-bobine.com\/es\/nos-heros-a-la-fete-de-la-bd-et-du-livre-jeunesse-a-verlaine-b-8-fevrier\/","url_meta":{"origin":3215,"position":5},"title":"Nos H\u00e9ros \u00e0 la F\u00eate de la BD et du livre jeunesse \u00e0 Verlaine (B) &#8211; 8 F\u00e9vrier","author":"Vhenin","date":"29 enero 2026","format":false,"excerpt":"Venez rencontrer Blateman & Bobine, les super-h\u00e9ros de la loose au Festival BD et du livre jeunesse de Verlaine (B).","rel":"","context":"En \u00abD\u00e9dicaces\u00bb","block_context":{"text":"D\u00e9dicaces","link":"https:\/\/blateman-bobine.com\/es\/categoria\/dedicatorias\/"},"img":{"alt_text":"Blateman et Bobine - d\u00e9dicaces dans la BD","src":"https:\/\/i0.wp.com\/blateman-bobine.com\/wp-content\/uploads\/2026\/01\/IMG_20250703_114851_Bokeh-1.jpg?fit=900%2C1200&ssl=1&resize=350%2C200","width":350,"height":200,"srcset":"https:\/\/i0.wp.com\/blateman-bobine.com\/wp-content\/uploads\/2026\/01\/IMG_20250703_114851_Bokeh-1.jpg?fit=900%2C1200&ssl=1&resize=350%2C200 1x, https:\/\/i0.wp.com\/blateman-bobine.com\/wp-content\/uploads\/2026\/01\/IMG_20250703_114851_Bokeh-1.jpg?fit=900%2C1200&ssl=1&resize=525%2C300 1.5x, https:\/\/i0.wp.com\/blateman-bobine.com\/wp-content\/uploads\/2026\/01\/IMG_20250703_114851_Bokeh-1.jpg?fit=900%2C1200&ssl=1&resize=700%2C400 2x"},"classes":[]}],"_links":{"self":[{"href":"https:\/\/blateman-bobine.com\/es\/wp-json\/wp\/v2\/posts\/3215","targetHints":{"allow":["GET"]}}],"collection":[{"href":"https:\/\/blateman-bobine.com\/es\/wp-json\/wp\/v2\/posts"}],"about":[{"href":"https:\/\/blateman-bobine.com\/es\/wp-json\/wp\/v2\/types\/post"}],"author":[{"embeddable":true,"href":"https:\/\/blateman-bobine.com\/es\/wp-json\/wp\/v2\/users\/74241772"}],"replies":[{"embeddable":true,"href":"https:\/\/blateman-bobine.com\/es\/wp-json\/wp\/v2\/comments?post=3215"}],"version-history":[{"count":8,"href":"https:\/\/blateman-bobine.com\/es\/wp-json\/wp\/v2\/posts\/3215\/revisions"}],"predecessor-version":[{"id":3227,"href":"https:\/\/blateman-bobine.com\/es\/wp-json\/wp\/v2\/posts\/3215\/revisions\/3227"}],"wp:featuredmedia":[{"embeddable":true,"href":"https:\/\/blateman-bobine.com\/es\/wp-json\/wp\/v2\/media\/3225"}],"wp:attachment":[{"href":"https:\/\/blateman-bobine.com\/es\/wp-json\/wp\/v2\/media?parent=3215"}],"wp:term":[{"taxonomy":"category","embeddable":true,"href":"https:\/\/blateman-bobine.com\/es\/wp-json\/wp\/v2\/categories?post=3215"},{"taxonomy":"post_tag","embeddable":true,"href":"https:\/\/blateman-bobine.com\/es\/wp-json\/wp\/v2\/tags?post=3215"}],"curies":[{"name":"wp","href":"https:\/\/api.w.org\/{rel}","templated":true}]}}