{"id":613,"date":"2016-07-21T19:48:15","date_gmt":"2016-07-21T18:48:15","guid":{"rendered":"https:\/\/blateman-bobine.com\/fr\/?p=613"},"modified":"2025-03-28T16:57:24","modified_gmt":"2025-03-28T15:57:24","slug":"ils-soutiennent-blateman-et-bobine","status":"publish","type":"post","link":"https:\/\/blateman-bobine.com\/es\/ils-soutiennent-blateman-et-bobine\/","title":{"rendered":"Ils soutiennent Blateman et Bobine"},"content":{"rendered":"<p class=\"wp-block-paragraph\">Nos deux h\u00e9ros ont r\u00e9ussi \u00e0 s\u00e9duire de nombreuses personnes au Comiccon de Montr\u00e9al&#8230; Qu&rsquo;on se le dise !<\/p>\n\n\n\n<figure class=\"wp-block-image aligncenter\"><img data-recalc-dims=\"1\" loading=\"lazy\" decoding=\"async\" width=\"513\" height=\"768\" data-attachment-id=\"609\" data-permalink=\"https:\/\/blateman-bobine.com\/es\/p1360244\/\" data-orig-file=\"https:\/\/i0.wp.com\/blateman-bobine.com\/wp-content\/uploads\/2016\/07\/p1360244.jpg?fit=513%2C768&amp;ssl=1\" data-orig-size=\"513,768\" data-comments-opened=\"1\" data-image-meta=\"{&quot;aperture&quot;:&quot;2.8&quot;,&quot;credit&quot;:&quot;&quot;,&quot;camera&quot;:&quot;DMC-FZ200&quot;,&quot;caption&quot;:&quot;&quot;,&quot;created_timestamp&quot;:&quot;1468086458&quot;,&quot;copyright&quot;:&quot;&quot;,&quot;focal_length&quot;:&quot;4.5&quot;,&quot;iso&quot;:&quot;800&quot;,&quot;shutter_speed&quot;:&quot;0.02&quot;,&quot;title&quot;:&quot;&quot;,&quot;orientation&quot;:&quot;1&quot;}\" data-image-title=\"Blateman et Bobine &amp;#8211; La BD\" data-image-description=\"\" data-image-caption=\"\" data-large-file=\"https:\/\/i0.wp.com\/blateman-bobine.com\/wp-content\/uploads\/2016\/07\/p1360244.jpg?fit=513%2C768&amp;ssl=1\" src=\"https:\/\/i0.wp.com\/blateman-bobine.com\/fr\/wp-content\/uploads\/2016\/07\/p1360244.jpg?resize=513%2C768&#038;ssl=1\" alt=\"P1360244\" class=\"wp-image-609\"\/><\/figure>\n\n\n\n<p class=\"wp-block-paragraph\"><\/p>\n\n\n\n<figure class=\"wp-block-image aligncenter\"><img data-recalc-dims=\"1\" loading=\"lazy\" decoding=\"async\" width=\"513\" height=\"768\" data-attachment-id=\"610\" data-permalink=\"https:\/\/blateman-bobine.com\/es\/p1370295\/\" data-orig-file=\"https:\/\/i0.wp.com\/blateman-bobine.com\/wp-content\/uploads\/2016\/07\/p1370295.jpg?fit=513%2C768&amp;ssl=1\" data-orig-size=\"513,768\" data-comments-opened=\"1\" data-image-meta=\"{&quot;aperture&quot;:&quot;2.8&quot;,&quot;credit&quot;:&quot;&quot;,&quot;camera&quot;:&quot;DMC-FZ200&quot;,&quot;caption&quot;:&quot;&quot;,&quot;created_timestamp&quot;:&quot;1468176370&quot;,&quot;copyright&quot;:&quot;&quot;,&quot;focal_length&quot;:&quot;4.5&quot;,&quot;iso&quot;:&quot;400&quot;,&quot;shutter_speed&quot;:&quot;0.033333333333333&quot;,&quot;title&quot;:&quot;&quot;,&quot;orientation&quot;:&quot;1&quot;}\" data-image-title=\"Blateman et Bobine &amp;#8211; La BD\" data-image-description=\"\" data-image-caption=\"\" data-large-file=\"https:\/\/i0.wp.com\/blateman-bobine.com\/wp-content\/uploads\/2016\/07\/p1370295.jpg?fit=513%2C768&amp;ssl=1\" src=\"https:\/\/i0.wp.com\/blateman-bobine.com\/fr\/wp-content\/uploads\/2016\/07\/p1370295.jpg?resize=513%2C768&#038;ssl=1\" alt=\"P1370295\" class=\"wp-image-610\"\/><\/figure>\n\n\n\n<p class=\"wp-block-paragraph\"><\/p>\n\n\n\n<p class=\"wp-block-paragraph\">Super Girl est une fan de notre BD. Ouah !<\/p>\n\n\n\n<figure class=\"wp-block-image aligncenter\"><img data-recalc-dims=\"1\" loading=\"lazy\" decoding=\"async\" width=\"513\" height=\"768\" data-attachment-id=\"611\" data-permalink=\"https:\/\/blateman-bobine.com\/es\/p1370323\/\" data-orig-file=\"https:\/\/i0.wp.com\/blateman-bobine.com\/wp-content\/uploads\/2016\/07\/p1370323.jpg?fit=513%2C768&amp;ssl=1\" data-orig-size=\"513,768\" data-comments-opened=\"1\" data-image-meta=\"{&quot;aperture&quot;:&quot;2.8&quot;,&quot;credit&quot;:&quot;&quot;,&quot;camera&quot;:&quot;DMC-FZ200&quot;,&quot;caption&quot;:&quot;&quot;,&quot;created_timestamp&quot;:&quot;1468178382&quot;,&quot;copyright&quot;:&quot;&quot;,&quot;focal_length&quot;:&quot;4.5&quot;,&quot;iso&quot;:&quot;800&quot;,&quot;shutter_speed&quot;:&quot;0.016666666666667&quot;,&quot;title&quot;:&quot;&quot;,&quot;orientation&quot;:&quot;1&quot;}\" data-image-title=\"Blateman et Bobine &amp;#8211; La BD\" data-image-description=\"\" data-image-caption=\"\" data-large-file=\"https:\/\/i0.wp.com\/blateman-bobine.com\/wp-content\/uploads\/2016\/07\/p1370323.jpg?fit=513%2C768&amp;ssl=1\" src=\"https:\/\/i0.wp.com\/blateman-bobine.com\/fr\/wp-content\/uploads\/2016\/07\/p1370323.jpg?resize=513%2C768&#038;ssl=1\" alt=\"P1370323\" class=\"wp-image-611\"\/><\/figure>\n\n\n\n<p class=\"wp-block-paragraph\"><\/p>\n\n\n\n<figure class=\"wp-block-image aligncenter\"><img data-recalc-dims=\"1\" loading=\"lazy\" decoding=\"async\" width=\"513\" height=\"768\" data-attachment-id=\"612\" data-permalink=\"https:\/\/blateman-bobine.com\/es\/p1370570\/\" data-orig-file=\"https:\/\/i0.wp.com\/blateman-bobine.com\/wp-content\/uploads\/2016\/07\/p1370570.jpg?fit=513%2C768&amp;ssl=1\" data-orig-size=\"513,768\" data-comments-opened=\"1\" data-image-meta=\"{&quot;aperture&quot;:&quot;2.8&quot;,&quot;credit&quot;:&quot;&quot;,&quot;camera&quot;:&quot;DMC-FZ200&quot;,&quot;caption&quot;:&quot;&quot;,&quot;created_timestamp&quot;:&quot;1468183703&quot;,&quot;copyright&quot;:&quot;&quot;,&quot;focal_length&quot;:&quot;4.5&quot;,&quot;iso&quot;:&quot;800&quot;,&quot;shutter_speed&quot;:&quot;0.025&quot;,&quot;title&quot;:&quot;&quot;,&quot;orientation&quot;:&quot;1&quot;}\" data-image-title=\"Blateman et Bobine &amp;#8211; La BD\" data-image-description=\"\" data-image-caption=\"\" data-large-file=\"https:\/\/i0.wp.com\/blateman-bobine.com\/wp-content\/uploads\/2016\/07\/p1370570.jpg?fit=513%2C768&amp;ssl=1\" src=\"https:\/\/i0.wp.com\/blateman-bobine.com\/fr\/wp-content\/uploads\/2016\/07\/p1370570.jpg?resize=513%2C768&#038;ssl=1\" alt=\"P1370570\" class=\"wp-image-612\"\/><\/figure>\n\n\n\n<p class=\"wp-block-paragraph\"><\/p>\n\n\n\n<p class=\"wp-block-paragraph\">Qui peut r\u00e9sister ?<\/p>","protected":false},"excerpt":{"rendered":"<p>Nos deux h\u00e9ros ont r\u00e9ussi \u00e0 s\u00e9duire de nombreuses personnes au Comiccon de Montr\u00e9al&#8230; Qu&rsquo;on se le dise ! Super Girl est une fan de notre BD. Ouah ! Qui peut r\u00e9sister ?<\/p>","protected":false},"author":16213113,"featured_media":611,"comment_status":"open","ping_status":"open","sticky":false,"template":"","format":"standard","meta":{"_coblocks_attr":"","_coblocks_dimensions":"","_coblocks_responsive_height":"","_coblocks_accordion_ie_support":"","_crdt_document":"","advanced_seo_description":"","jetpack_seo_html_title":"","jetpack_seo_noindex":false,"_jetpack_newsletter_access":"","_jetpack_dont_email_post_to_subs":false,"_jetpack_newsletter_tier_id":0,"_jetpack_memberships_contains_paywalled_content":false,"_jetpack_memberships_contains_paid_content":false,"footnotes":"","jetpack_publicize_message":"","jetpack_publicize_feature_enabled":true,"jetpack_social_post_already_shared":false,"jetpack_social_options":{"image_generator_settings":{"template":"highway","default_image_id":0,"font":"","enabled":false},"version":2},"_wpas_customize_per_network":false,"jetpack_post_was_ever_published":false},"categories":[1223035],"tags":[44670,21752,263100701,1338044,3883569,546252760,521729239,35,346062282,39123,3968362,1536666,299480777],"class_list":["post-613","post","type-post","status-publish","format-standard","has-post-thumbnail","hentry","category-dedicaces","tag-bande-dessinee","tag-bd","tag-blateman","tag-bobine","tag-comics-book","tag-comics_book","tag-goudacity","tag-humour","tag-planche_bd","tag-super-heros","tag-tarek","tag-tartamudo","tag-vhenin"],"jetpack_publicize_connections":[],"jetpack_featured_media_url":"https:\/\/i0.wp.com\/blateman-bobine.com\/wp-content\/uploads\/2016\/07\/p1370323.jpg?fit=513%2C768&ssl=1","jetpack_likes_enabled":true,"jetpack_sharing_enabled":true,"jetpack_shortlink":"https:\/\/wp.me\/p4LVhx-9T","jetpack-related-posts":[{"id":3325,"url":"https:\/\/blateman-bobine.com\/es\/blateman-bobine-emerveillent-a-verlaine\/","url_meta":{"origin":613,"position":0},"title":"Blateman &#038; Bobine \u00e9merveillent \u00e0 Verlaine","author":"Vhenin","date":"5 marzo 2026","format":false,"excerpt":"Blateman & Bobine \u00e9taient pr\u00e9sents \u00e0 la F\u00eate de la B.D. et du Livre Jeunesse de Verlaine le 8 f\u00e9vrier. L\u2019\u00e9v\u00e9nement a offert un accueil exceptionnel, avec une organisation impeccable et une ambiance chaleureuse. Une journ\u00e9e au top pour nos super-h\u00e9ros\u2026 ou plut\u00f4t super-z\u00e9ros !","rel":"","context":"En \u00abD\u00e9dicaces\u00bb","block_context":{"text":"D\u00e9dicaces","link":"https:\/\/blateman-bobine.com\/es\/categoria\/dedicatorias\/"},"img":{"alt_text":"Blateman & Bobine - Fete de la BD et du livre jeunesse - Verlaine 2026","src":"https:\/\/i0.wp.com\/blateman-bobine.com\/wp-content\/uploads\/2026\/03\/IMG_20260208_112256_Bokeh-WEB.jpg?fit=800%2C600&ssl=1&resize=350%2C200","width":350,"height":200,"srcset":"https:\/\/i0.wp.com\/blateman-bobine.com\/wp-content\/uploads\/2026\/03\/IMG_20260208_112256_Bokeh-WEB.jpg?fit=800%2C600&ssl=1&resize=350%2C200 1x, https:\/\/i0.wp.com\/blateman-bobine.com\/wp-content\/uploads\/2026\/03\/IMG_20260208_112256_Bokeh-WEB.jpg?fit=800%2C600&ssl=1&resize=525%2C300 1.5x, https:\/\/i0.wp.com\/blateman-bobine.com\/wp-content\/uploads\/2026\/03\/IMG_20260208_112256_Bokeh-WEB.jpg?fit=800%2C600&ssl=1&resize=700%2C400 2x"},"classes":[]},{"id":2019,"url":"https:\/\/blateman-bobine.com\/es\/nuestros-superheroes-estaran-en-spa-el-27-de-abril-de-2025\/","url_meta":{"origin":613,"position":1},"title":"Nuestros superh\u00e9roes estar\u00e1n en Spa - 27 de abril de 2025","author":"Vhenin","date":"22 abril 2025","format":false,"excerpt":"Venez me rencontrer au tr\u00e8s beau Spa BD Festival ce dimanche 27 avril. Au plaisir de vous y voir! Je signerai aussi bien mes albums de \"Blateman & Bobine\" (ouvrages jeunesse) que mes Voyages d'Alix publi\u00e9 chez Casterman. Qu'on se le dise!","rel":"","context":"En \u00abD\u00e9dicaces\u00bb","block_context":{"text":"D\u00e9dicaces","link":"https:\/\/blateman-bobine.com\/es\/categoria\/dedicatorias\/"},"img":{"alt_text":"Blateman & Bobine, les super-z\u00e9ros de la BD au Festival BD de Spa","src":"https:\/\/i0.wp.com\/blateman-bobine.com\/wp-content\/uploads\/2025\/04\/annonce_spa-2025.jpg?fit=730%2C699&ssl=1&resize=350%2C200","width":350,"height":200,"srcset":"https:\/\/i0.wp.com\/blateman-bobine.com\/wp-content\/uploads\/2025\/04\/annonce_spa-2025.jpg?fit=730%2C699&ssl=1&resize=350%2C200 1x, https:\/\/i0.wp.com\/blateman-bobine.com\/wp-content\/uploads\/2025\/04\/annonce_spa-2025.jpg?fit=730%2C699&ssl=1&resize=525%2C300 1.5x, https:\/\/i0.wp.com\/blateman-bobine.com\/wp-content\/uploads\/2025\/04\/annonce_spa-2025.jpg?fit=730%2C699&ssl=1&resize=700%2C400 2x"},"classes":[]},{"id":2848,"url":"https:\/\/blateman-bobine.com\/es\/blateman-bobine-estuvo-en-el-festival-bulles-en-bulles-de-hotton-b\/","url_meta":{"origin":613,"position":2},"title":"Festival de C\u00f3mic de Hotton: Repaso a un d\u00eda inolvidable","author":"Vhenin","date":"3 septiembre 2025","format":false,"excerpt":"Nous \u00e9tions au super Festival BD de Hotton le 24 ao\u00fbt dernier toute la journ\u00e9e...Super b\u00e9n\u00e9voles, super accueil et super organisation! Merci \u00e0 tous! Mais alors, que dire du public?! Familial, sympa, relax et au rendez-vous!Un vrai bonheur et de chouettes rencontres! L'\u00e9diteur ABA Academy a eu la bonne id\u00e9e\u2026","rel":"","context":"En \u00abD\u00e9dicaces\u00bb","block_context":{"text":"D\u00e9dicaces","link":"https:\/\/blateman-bobine.com\/es\/categoria\/dedicatorias\/"},"img":{"alt_text":"Blateman & Bobine au Festival BD de Hotton","src":"https:\/\/i0.wp.com\/blateman-bobine.com\/wp-content\/uploads\/2025\/09\/IMG-20250827-WA0006-web.jpg?fit=800%2C399&ssl=1&resize=350%2C200","width":350,"height":200,"srcset":"https:\/\/i0.wp.com\/blateman-bobine.com\/wp-content\/uploads\/2025\/09\/IMG-20250827-WA0006-web.jpg?fit=800%2C399&ssl=1&resize=350%2C200 1x, https:\/\/i0.wp.com\/blateman-bobine.com\/wp-content\/uploads\/2025\/09\/IMG-20250827-WA0006-web.jpg?fit=800%2C399&ssl=1&resize=525%2C300 1.5x, https:\/\/i0.wp.com\/blateman-bobine.com\/wp-content\/uploads\/2025\/09\/IMG-20250827-WA0006-web.jpg?fit=800%2C399&ssl=1&resize=700%2C400 2x"},"classes":[]},{"id":2791,"url":"https:\/\/blateman-bobine.com\/es\/blateman-bobine-en-el-festival-bd-de-bulles-en-bulles-hotton-b-24-aout-2025\/","url_meta":{"origin":613,"position":3},"title":"Blateman &amp; Bobine en el Festival BD de Bulles en Bulles \/\/ Hotton (B) - 24 de agosto de 2025","author":"Vhenin","date":"21 agosto 2025","format":false,"excerpt":"Hi Guys! Venez nous voir au Festival de Bulles en Bulles \u00e0 Hotton ce dimanche 24 ao\u00fbt.Un super festival dans un des plus jolis coins de la Belgique!Venez en famille pour la BD, la convivialit\u00e9 et le d\u00e9cor. Comme d'habitude, j'y d\u00e9dicacerai mes albums de 'Blateman & Bobine' et mes\u2026","rel":"","context":"En \u00abD\u00e9dicaces\u00bb","block_context":{"text":"D\u00e9dicaces","link":"https:\/\/blateman-bobine.com\/es\/categoria\/dedicatorias\/"},"img":{"alt_text":"Blateman & Bobine, les super-z\u00e9ros de la BD au Festival BD de Hotton","src":"https:\/\/i0.wp.com\/blateman-bobine.com\/wp-content\/uploads\/2025\/08\/affiche-FB-festival-Hotton.jpg?fit=800%2C600&ssl=1&resize=350%2C200","width":350,"height":200,"srcset":"https:\/\/i0.wp.com\/blateman-bobine.com\/wp-content\/uploads\/2025\/08\/affiche-FB-festival-Hotton.jpg?fit=800%2C600&ssl=1&resize=350%2C200 1x, https:\/\/i0.wp.com\/blateman-bobine.com\/wp-content\/uploads\/2025\/08\/affiche-FB-festival-Hotton.jpg?fit=800%2C600&ssl=1&resize=525%2C300 1.5x, https:\/\/i0.wp.com\/blateman-bobine.com\/wp-content\/uploads\/2025\/08\/affiche-FB-festival-Hotton.jpg?fit=800%2C600&ssl=1&resize=700%2C400 2x"},"classes":[]},{"id":3385,"url":"https:\/\/blateman-bobine.com\/es\/blateman-en-dedicace-avec-brad-pitt-a-tournai-les-bulles-b-11-et-12-avril-2026\/","url_meta":{"origin":613,"position":4},"title":"Blateman en d\u00e9dicace avec Brad Pitt \u00e0 Tournai-les-Bulles (B) &#8211; 11 et 12 avril 2026","author":"Vhenin","date":"9 abril 2026","format":false,"excerpt":"Brad Pitt en d\u00e9dicaces avec Blateman & Bobine \u00e0 Tournai-les-Bulles (Festival International de BD), Belgique, 11 et 12 avril 2026","rel":"","context":"En \u00abAround Blateman\u00bb","block_context":{"text":"Around Blateman","link":"https:\/\/blateman-bobine.com\/es\/categoria\/alrededor-de-blateman\/"},"img":{"alt_text":"Brad Pitt, fan de Blateman & Bobine, s\u00e9rie de BD franco-belge","src":"https:\/\/i0.wp.com\/blateman-bobine.com\/wp-content\/uploads\/2026\/04\/Brad-Pitt-at-comic-convention-horizontal-WEB.jpg?fit=1200%2C800&ssl=1&resize=350%2C200","width":350,"height":200,"srcset":"https:\/\/i0.wp.com\/blateman-bobine.com\/wp-content\/uploads\/2026\/04\/Brad-Pitt-at-comic-convention-horizontal-WEB.jpg?fit=1200%2C800&ssl=1&resize=350%2C200 1x, https:\/\/i0.wp.com\/blateman-bobine.com\/wp-content\/uploads\/2026\/04\/Brad-Pitt-at-comic-convention-horizontal-WEB.jpg?fit=1200%2C800&ssl=1&resize=525%2C300 1.5x, https:\/\/i0.wp.com\/blateman-bobine.com\/wp-content\/uploads\/2026\/04\/Brad-Pitt-at-comic-convention-horizontal-WEB.jpg?fit=1200%2C800&ssl=1&resize=700%2C400 2x, https:\/\/i0.wp.com\/blateman-bobine.com\/wp-content\/uploads\/2026\/04\/Brad-Pitt-at-comic-convention-horizontal-WEB.jpg?fit=1200%2C800&ssl=1&resize=1050%2C600 3x"},"classes":[]},{"id":3383,"url":"https:\/\/blateman-bobine.com\/es\/festival-bd-geraardsbergen-dedicaces-en-mode-super-heros\/","url_meta":{"origin":613,"position":5},"title":"Festival BD Geraardsbergen : D\u00e9dicaces en mode Super-H\u00e9ros !","author":"Vhenin","date":"11 marzo 2026","format":false,"excerpt":"Hey hey Super-H\u00e9ros! Venez me voir au \"Strip festival BD Geraardsbergen\" (Festival BD de Grammont) -- ce dimanche 15 mars\u2026 D\u00e9dicaces et commandes-commissions dans mes Voyages d'Alix et beaux dessins dans mes Ouvrages Jeunesse \"Blateman & Bobine\" (2 tomes parus). Tous mes bouquins en fran\u00e7ais et n\u00e9erlandais \/ Al mijn\u2026","rel":"","context":"En \u00abD\u00e9dicaces\u00bb","block_context":{"text":"D\u00e9dicaces","link":"https:\/\/blateman-bobine.com\/es\/categoria\/dedicatorias\/"},"img":{"alt_text":"","src":"https:\/\/i0.wp.com\/blateman-bobine.com\/wp-content\/uploads\/2026\/03\/expodufays01.jpg?fit=600%2C770&ssl=1&resize=350%2C200","width":350,"height":200,"srcset":"https:\/\/i0.wp.com\/blateman-bobine.com\/wp-content\/uploads\/2026\/03\/expodufays01.jpg?fit=600%2C770&ssl=1&resize=350%2C200 1x, https:\/\/i0.wp.com\/blateman-bobine.com\/wp-content\/uploads\/2026\/03\/expodufays01.jpg?fit=600%2C770&ssl=1&resize=525%2C300 1.5x"},"classes":[]}],"_links":{"self":[{"href":"https:\/\/blateman-bobine.com\/es\/wp-json\/wp\/v2\/posts\/613","targetHints":{"allow":["GET"]}}],"collection":[{"href":"https:\/\/blateman-bobine.com\/es\/wp-json\/wp\/v2\/posts"}],"about":[{"href":"https:\/\/blateman-bobine.com\/es\/wp-json\/wp\/v2\/types\/post"}],"author":[{"embeddable":true,"href":"https:\/\/blateman-bobine.com\/es\/wp-json\/wp\/v2\/users\/16213113"}],"replies":[{"embeddable":true,"href":"https:\/\/blateman-bobine.com\/es\/wp-json\/wp\/v2\/comments?post=613"}],"version-history":[{"count":8,"href":"https:\/\/blateman-bobine.com\/es\/wp-json\/wp\/v2\/posts\/613\/revisions"}],"predecessor-version":[{"id":1865,"href":"https:\/\/blateman-bobine.com\/es\/wp-json\/wp\/v2\/posts\/613\/revisions\/1865"}],"wp:featuredmedia":[{"embeddable":true,"href":"https:\/\/blateman-bobine.com\/es\/wp-json\/wp\/v2\/media\/611"}],"wp:attachment":[{"href":"https:\/\/blateman-bobine.com\/es\/wp-json\/wp\/v2\/media?parent=613"}],"wp:term":[{"taxonomy":"category","embeddable":true,"href":"https:\/\/blateman-bobine.com\/es\/wp-json\/wp\/v2\/categories?post=613"},{"taxonomy":"post_tag","embeddable":true,"href":"https:\/\/blateman-bobine.com\/es\/wp-json\/wp\/v2\/tags?post=613"}],"curies":[{"name":"wp","href":"https:\/\/api.w.org\/{rel}","templated":true}]}}