{"id":677,"date":"2016-08-28T21:21:27","date_gmt":"2016-08-28T20:21:27","guid":{"rendered":"https:\/\/blateman-bobine.com\/fr\/?p=677"},"modified":"2025-03-28T10:14:04","modified_gmt":"2025-03-28T09:14:04","slug":"blateman-bobine-en-dedicace-a-la-fete-de-la-bd-de-bruxelles","status":"publish","type":"post","link":"https:\/\/blateman-bobine.com\/es\/blateman-bobine-en-dedicace-a-la-fete-de-la-bd-de-bruxelles\/","title":{"rendered":"Blateman &amp; Bobine en d\u00e9dicace \u00e0 la F\u00eate de la BD de Bruxelles"},"content":{"rendered":"<p>Venez les rencontrer \u00e0 la F\u00eate de la BD de Bruxelles le weekend du 2, 3 et 4 septembre prochains&#8230;<\/p>\n<p>Je d\u00e9dicace \u00ab\u00a0<strong>Blateman &amp; Bobine en Loindetout<\/strong>\u00a0\u00bb (et aussi mes BD sous le nom de Vincent Henin,\u00a0\u00bbL<em>es Voyages d&rsquo;Alix<\/em>\u00ab\u00a0)&#8230; Venez d\u00e9couvrir deux univers \u00e0 part, deux facettes de mon dessin !<\/p>\n<p style=\"text-align:center;\">Vendredi 02.09: 16h \u00e0 19h<br \/>\nSamedi 03.09: 13h \u00e0 16h<br \/>\nDimanche 04.09: 14h \u00e0 17h<\/p>\n<p><img data-recalc-dims=\"1\" loading=\"lazy\" decoding=\"async\" data-attachment-id=\"685\" data-permalink=\"https:\/\/blateman-bobine.com\/es\/blateman-bobine-en-dedicace-a-la-fete-de-la-bd-de-bruxelles\/annonce_fete_bd_bxl_2016\/\" data-orig-file=\"https:\/\/i0.wp.com\/blateman-bobine.com\/wp-content\/uploads\/2016\/08\/annonce_fete_bd_bxl_2016.jpg?fit=900%2C862&amp;ssl=1\" data-orig-size=\"900,862\" data-comments-opened=\"1\" data-image-meta=\"{&quot;aperture&quot;:&quot;0&quot;,&quot;credit&quot;:&quot;&quot;,&quot;camera&quot;:&quot;&quot;,&quot;caption&quot;:&quot;&quot;,&quot;created_timestamp&quot;:&quot;0&quot;,&quot;copyright&quot;:&quot;&quot;,&quot;focal_length&quot;:&quot;0&quot;,&quot;iso&quot;:&quot;0&quot;,&quot;shutter_speed&quot;:&quot;0&quot;,&quot;title&quot;:&quot;&quot;,&quot;orientation&quot;:&quot;0&quot;}\" data-image-title=\"Blateman et Bobine &amp;#8211; La BD\" data-image-description=\"\" data-image-caption=\"\" data-large-file=\"https:\/\/i0.wp.com\/blateman-bobine.com\/wp-content\/uploads\/2016\/08\/annonce_fete_bd_bxl_2016.jpg?fit=900%2C862&amp;ssl=1\" class=\"aligncenter size-full wp-image-685\" src=\"https:\/\/i0.wp.com\/blateman-bobine.com\/fr\/wp-content\/uploads\/2016\/08\/annonce_fete_bd_bxl_2016.jpg?resize=900%2C862&#038;ssl=1\" alt=\"annonce_fete_BD_BXL_2016\" width=\"900\" height=\"862\" \/><\/p>\n<p>Hasta pronto.<\/p>\n<p style=\"text-align:center;\"><strong>Vhenin<\/strong> <strong>Cartera:<\/strong> <a href=\"http:\/\/www.vhenin.be\/\" target=\"_blank\">www.vhenin.be<\/a>\u00a0y <a href=\"http:\/\/www.vincent-henin.be\/\" target=\"_blank\">www.vincent-henin.be<br \/>\n<\/a><strong>Facebook:<\/strong> <a href=\"https:\/\/fr-fr.facebook.com\/vincenthenin.comixillustration\" target=\"_blank\">Vincent Henin Comix Ilustraci\u00f3n (Vhenin)<br \/>\n<\/a><strong>El blog de Vhenin:<\/strong> <a href=\"http:\/\/www.vhenin.canalblog.com\">www.vhenin.canalblog.com<\/a><br \/>\n<strong>YouTube: <\/strong><a title=\"Canal YouTube de Vhenin\" href=\"https:\/\/www.youtube.com\/channel\/UCFgRf_TU8ES5LJNMaKOr8Eg\" target=\"_blank\">La gama Vhenin<\/a><\/p>","protected":false},"excerpt":{"rendered":"<p>Venez les rencontrer \u00e0 la F\u00eate de la BD de Bruxelles le weekend du 2, 3 et 4 septembre prochains&#8230; Je d\u00e9dicace \u00ab\u00a0Blateman &amp; Bobine \u00e0 Loindetout\u00a0\u00bb (et aussi mes BD sous le nom de Vincent Henin,\u00a0\u00bbLes Voyages d&rsquo;Alix\u00ab\u00a0)&#8230; Venez d\u00e9couvrir deux univers \u00e0 part, deux facettes de mon dessin ! Vendredi 02.09: 16h \u00e0 [&hellip;]<\/p>\n","protected":false},"author":74241772,"featured_media":685,"comment_status":"open","ping_status":"open","sticky":false,"template":"","format":"standard","meta":{"_coblocks_attr":"","_coblocks_dimensions":"","_coblocks_responsive_height":"","_coblocks_accordion_ie_support":"","_crdt_document":"","advanced_seo_description":"","jetpack_seo_html_title":"","jetpack_seo_noindex":false,"_jetpack_newsletter_access":"","_jetpack_dont_email_post_to_subs":false,"_jetpack_newsletter_tier_id":0,"_jetpack_memberships_contains_paywalled_content":false,"_jetpack_memberships_contains_paid_content":false,"footnotes":"","jetpack_publicize_message":"","jetpack_publicize_feature_enabled":true,"jetpack_social_post_already_shared":false,"jetpack_social_options":{"image_generator_settings":{"template":"highway","default_image_id":0,"font":"","enabled":false},"version":2},"_wpas_customize_per_network":false,"jetpack_post_was_ever_published":false},"categories":[1223035],"tags":[44670,21752,263100701,1338044,3883569,546252760,1417453,521729239,35,346062282,39123,3968362,1536666,299480777],"class_list":["post-677","post","type-post","status-publish","format-standard","has-post-thumbnail","hentry","category-dedicaces","tag-bande-dessinee","tag-bd","tag-blateman","tag-bobine","tag-comics-book","tag-comics_book","tag-dedicace","tag-goudacity","tag-humour","tag-planche_bd","tag-super-heros","tag-tarek","tag-tartamudo","tag-vhenin"],"jetpack_publicize_connections":[],"jetpack_featured_media_url":"https:\/\/i0.wp.com\/blateman-bobine.com\/wp-content\/uploads\/2016\/08\/annonce_fete_bd_bxl_2016.jpg?fit=900%2C862&ssl=1","jetpack_likes_enabled":true,"jetpack_sharing_enabled":true,"jetpack_shortlink":"https:\/\/wp.me\/p4LVhx-aV","jetpack-related-posts":[{"id":749,"url":"https:\/\/blateman-bobine.com\/es\/souvenirs-de-la-fete-de-la-bd-de-bruxelles\/","url_meta":{"origin":677,"position":0},"title":"Souvenirs de la F\u00eate de la BD de Bruxelles","author":"Vhenin","date":"23 septiembre 2016","format":false,"excerpt":"C'\u00e9tait les 3 et 4 septembre derniers. Une excellente \u00e9dition de ce Festival international tenu dans le somptueux cadre du parc de Bruxelles, en face du Palais Royal. La Blatte et son assistant \u00e0 la tignasse jaune \u00e9taient l\u00e0 en force! \"Blateman & Bobine\" (sous le pseudo de 'Vhenin') a\u2026","rel":"","context":"En \u00abD\u00e9dicaces\u00bb","block_context":{"text":"D\u00e9dicaces","link":"https:\/\/blateman-bobine.com\/es\/categoria\/dedicatorias\/"},"img":{"alt_text":"","src":"https:\/\/i0.wp.com\/blateman-bobine.com\/wp-content\/uploads\/2016\/09\/blateman_bobine_super_heros_fete_bd_bruxelles_web.jpg?fit=600%2C848&ssl=1&resize=350%2C200","width":350,"height":200,"srcset":"https:\/\/i0.wp.com\/blateman-bobine.com\/wp-content\/uploads\/2016\/09\/blateman_bobine_super_heros_fete_bd_bruxelles_web.jpg?fit=600%2C848&ssl=1&resize=350%2C200 1x, https:\/\/i0.wp.com\/blateman-bobine.com\/wp-content\/uploads\/2016\/09\/blateman_bobine_super_heros_fete_bd_bruxelles_web.jpg?fit=600%2C848&ssl=1&resize=525%2C300 1.5x"},"classes":[]},{"id":487,"url":"https:\/\/blateman-bobine.com\/es\/487\/","url_meta":{"origin":677,"position":1},"title":"D\u00e9dicace \u00e0 la librairie Br\u00fcsel &#8211; Place Flagey (Bruxelles) &#8211; jeudi 18 f\u00e9vrier 2016","author":"Vhenin","date":"7 febrero 2016","format":false,"excerpt":"Dans le cadre des actions autour de la Foire du Livre de Bruxelles 2016, je d\u00e9dicace dans une des plus chouettes librairies de la capitale, \"Br\u00fcsel\" sur la Place Flagey (Bruxelles, Ixelles). Ma derni\u00e8re BD \"Blateman & Bobine\" y sera mise \u00e0 l'honneur! Venez la d\u00e9couvrir et la d\u00e9corer d'une\u2026","rel":"","context":"En \u00abD\u00e9dicaces\u00bb","block_context":{"text":"D\u00e9dicaces","link":"https:\/\/blateman-bobine.com\/es\/categoria\/dedicatorias\/"},"img":{"alt_text":"","src":"https:\/\/i0.wp.com\/blateman-bobine.com\/wp-content\/uploads\/2016\/09\/fete_de_la_bd_bruxelles_2016-18.jpg?fit=900%2C600&ssl=1&resize=350%2C200","width":350,"height":200,"srcset":"https:\/\/i0.wp.com\/blateman-bobine.com\/wp-content\/uploads\/2016\/09\/fete_de_la_bd_bruxelles_2016-18.jpg?fit=900%2C600&ssl=1&resize=350%2C200 1x, https:\/\/i0.wp.com\/blateman-bobine.com\/wp-content\/uploads\/2016\/09\/fete_de_la_bd_bruxelles_2016-18.jpg?fit=900%2C600&ssl=1&resize=525%2C300 1.5x, https:\/\/i0.wp.com\/blateman-bobine.com\/wp-content\/uploads\/2016\/09\/fete_de_la_bd_bruxelles_2016-18.jpg?fit=900%2C600&ssl=1&resize=700%2C400 2x"},"classes":[]},{"id":535,"url":"https:\/\/blateman-bobine.com\/es\/souvenirs-dedicace-blateman-bobine-a-la-fnac-toison-dor-de-bruxelles\/","url_meta":{"origin":677,"position":2},"title":"Souvenirs d\u00e9dicace \u00ab\u00a0Blateman &amp; Bobine\u00a0\u00bb \u00e0 la FNAC Toison d&rsquo;Or de Bruxelles","author":"Vhenin","date":"12 abril 2016","format":false,"excerpt":"Souvenirs de la d\u00e9dicace du 5 mars dernier. Merci \u00e0 Anthony, Issara, Coralie et les autres... \u00c0 refaire absolument ! Vhenin Portfolio: www.vhenin.be\u00a0et www.vincent-henin.be Facebook: Vincent Henin Comix Illustration (Vhenin) Le Blog de Vhenin: www.vhenin.canalblog.com YouTube: La Cha\u00eene de Vhenin","rel":"","context":"En \u00abD\u00e9dicaces\u00bb","block_context":{"text":"D\u00e9dicaces","link":"https:\/\/blateman-bobine.com\/es\/categoria\/dedicatorias\/"},"img":{"alt_text":"","src":"https:\/\/i0.wp.com\/blateman-bobine.com\/wp-content\/uploads\/2016\/04\/fnac_blateman_bobine_05032016_b.jpg?fit=750%2C1000&ssl=1&resize=350%2C200","width":350,"height":200,"srcset":"https:\/\/i0.wp.com\/blateman-bobine.com\/wp-content\/uploads\/2016\/04\/fnac_blateman_bobine_05032016_b.jpg?fit=750%2C1000&ssl=1&resize=350%2C200 1x, https:\/\/i0.wp.com\/blateman-bobine.com\/wp-content\/uploads\/2016\/04\/fnac_blateman_bobine_05032016_b.jpg?fit=750%2C1000&ssl=1&resize=525%2C300 1.5x, https:\/\/i0.wp.com\/blateman-bobine.com\/wp-content\/uploads\/2016\/04\/fnac_blateman_bobine_05032016_b.jpg?fit=750%2C1000&ssl=1&resize=700%2C400 2x"},"classes":[]},{"id":299,"url":"https:\/\/blateman-bobine.com\/es\/blateman-bobine-en-dedicacion-en-arlon-16-diciembre-2015-belgica\/","url_meta":{"origin":677,"position":3},"title":"Blateman &amp; Bobine firman en ARLON (B\u00e9lgica) - 16 de diciembre de 2015","author":"Vhenin","date":"21 noviembre 2015","format":false,"excerpt":"Vincent Henin - Vhenin sera \u00e0 la Biblioth\u00e8que Communale d'Arlon\u00a0(Belgique): \u2022 Quand? le 16 d\u00e9cembre 2015 de 13h30 \u00e0 17h00 \u2022 O\u00f9? Biblioth\u00e8que et Ludoth\u00e8que d'Arlon,\u00a0Parc des Expositions 5, 6700 Arlon (Belgique) L'auteur\u00a0sera l\u00e0 pour la Premi\u00e8re de sa nouvelle BD car celle-ci sort officiellement quelques jours avant! D\u00e9dicace et\u2026","rel":"","context":"En \u00abD\u00e9dicaces\u00bb","block_context":{"text":"D\u00e9dicaces","link":"https:\/\/blateman-bobine.com\/es\/categoria\/dedicatorias\/"},"img":{"alt_text":"","src":"https:\/\/i0.wp.com\/blateman-bobine.com\/wp-content\/uploads\/2015\/11\/fin_infos_2.png?fit=1024%2C576&ssl=1&resize=350%2C200","width":350,"height":200,"srcset":"https:\/\/i0.wp.com\/blateman-bobine.com\/wp-content\/uploads\/2015\/11\/fin_infos_2.png?fit=1024%2C576&ssl=1&resize=350%2C200 1x, https:\/\/i0.wp.com\/blateman-bobine.com\/wp-content\/uploads\/2015\/11\/fin_infos_2.png?fit=1024%2C576&ssl=1&resize=525%2C300 1.5x, https:\/\/i0.wp.com\/blateman-bobine.com\/wp-content\/uploads\/2015\/11\/fin_infos_2.png?fit=1024%2C576&ssl=1&resize=700%2C400 2x"},"classes":[]},{"id":364,"url":"https:\/\/blateman-bobine.com\/es\/blateman-bobine-en-la-dedicatoria-del-festival-sobd-de-paris\/","url_meta":{"origin":677,"position":4},"title":"Blateman &amp; Bobine firman en el Festival SoBD (Par\u00eds)","author":"Vhenin","date":"29 noviembre 2015","format":false,"excerpt":"Vhenin\u00a0et Tarek seront au stand\u00a0de l'\u00e9diteur Tartamudo lors du festival SoBD, salon de la BD de Paris: \u2022 Quand? les 4, 5 et 6\u00a0d\u00e9cembre 2015 de 15h \u00e0 19h, le vendredi et de 11h \u00e0 19h\u00a0les autres jours \u2022 O\u00f9? Halle des Blancs Manteaux, 48 rue Vieille du Temple, Paris\u2026","rel":"","context":"En \u00abD\u00e9dicaces\u00bb","block_context":{"text":"D\u00e9dicaces","link":"https:\/\/blateman-bobine.com\/es\/categoria\/dedicatorias\/"},"img":{"alt_text":"","src":"https:\/\/i0.wp.com\/blateman-bobine.com\/wp-content\/uploads\/2015\/11\/flyer-sobd-recto_tarek_vhenin.jpg?fit=848%2C1200&ssl=1&resize=350%2C200","width":350,"height":200,"srcset":"https:\/\/i0.wp.com\/blateman-bobine.com\/wp-content\/uploads\/2015\/11\/flyer-sobd-recto_tarek_vhenin.jpg?fit=848%2C1200&ssl=1&resize=350%2C200 1x, https:\/\/i0.wp.com\/blateman-bobine.com\/wp-content\/uploads\/2015\/11\/flyer-sobd-recto_tarek_vhenin.jpg?fit=848%2C1200&ssl=1&resize=525%2C300 1.5x, https:\/\/i0.wp.com\/blateman-bobine.com\/wp-content\/uploads\/2015\/11\/flyer-sobd-recto_tarek_vhenin.jpg?fit=848%2C1200&ssl=1&resize=700%2C400 2x"},"classes":[]},{"id":991,"url":"https:\/\/blateman-bobine.com\/es\/blateman-bobine-en-dedicatoria-en-waterloo-belgica-el-5-de-febrero\/","url_meta":{"origin":677,"position":5},"title":"Blateman &amp; Bobine firman en Waterloo (B\u00e9lgica) el 5 de febrero","author":"Vhenin","date":"4 febrero 2017","format":false,"excerpt":"En el marco de la exposici\u00f3n \"20 a\u00f1os de c\u00f3mics en Waterloo\". Mes Voyages d'Alix (firmado como 'Vincent Henin') y Blateman &amp; Bobine ('Vhenin') se exponen... Portafolio de Vhenin: www.vhenin.be Facebook: Vincent Henin Comix Illustration (Vhenin) Blog de Vhenin: Blog de Vhenin YouTube: Canal de Vhenin","rel":"","context":"En \u00abD\u00e9dicaces\u00bb","block_context":{"text":"D\u00e9dicaces","link":"https:\/\/blateman-bobine.com\/es\/categoria\/dedicatorias\/"},"img":{"alt_text":"","src":"https:\/\/i0.wp.com\/blateman-bobine.com\/wp-content\/uploads\/2017\/12\/p1860755.jpg?fit=1024%2C684&ssl=1&resize=350%2C200","width":350,"height":200,"srcset":"https:\/\/i0.wp.com\/blateman-bobine.com\/wp-content\/uploads\/2017\/12\/p1860755.jpg?fit=1024%2C684&ssl=1&resize=350%2C200 1x, https:\/\/i0.wp.com\/blateman-bobine.com\/wp-content\/uploads\/2017\/12\/p1860755.jpg?fit=1024%2C684&ssl=1&resize=525%2C300 1.5x, https:\/\/i0.wp.com\/blateman-bobine.com\/wp-content\/uploads\/2017\/12\/p1860755.jpg?fit=1024%2C684&ssl=1&resize=700%2C400 2x"},"classes":[]}],"_links":{"self":[{"href":"https:\/\/blateman-bobine.com\/es\/wp-json\/wp\/v2\/posts\/677","targetHints":{"allow":["GET"]}}],"collection":[{"href":"https:\/\/blateman-bobine.com\/es\/wp-json\/wp\/v2\/posts"}],"about":[{"href":"https:\/\/blateman-bobine.com\/es\/wp-json\/wp\/v2\/types\/post"}],"author":[{"embeddable":true,"href":"https:\/\/blateman-bobine.com\/es\/wp-json\/wp\/v2\/users\/74241772"}],"replies":[{"embeddable":true,"href":"https:\/\/blateman-bobine.com\/es\/wp-json\/wp\/v2\/comments?post=677"}],"version-history":[{"count":12,"href":"https:\/\/blateman-bobine.com\/es\/wp-json\/wp\/v2\/posts\/677\/revisions"}],"predecessor-version":[{"id":690,"href":"https:\/\/blateman-bobine.com\/es\/wp-json\/wp\/v2\/posts\/677\/revisions\/690"}],"wp:featuredmedia":[{"embeddable":true,"href":"https:\/\/blateman-bobine.com\/es\/wp-json\/wp\/v2\/media\/685"}],"wp:attachment":[{"href":"https:\/\/blateman-bobine.com\/es\/wp-json\/wp\/v2\/media?parent=677"}],"wp:term":[{"taxonomy":"category","embeddable":true,"href":"https:\/\/blateman-bobine.com\/es\/wp-json\/wp\/v2\/categories?post=677"},{"taxonomy":"post_tag","embeddable":true,"href":"https:\/\/blateman-bobine.com\/es\/wp-json\/wp\/v2\/tags?post=677"}],"curies":[{"name":"wp","href":"https:\/\/api.w.org\/{rel}","templated":true}]}}