{"id":2019,"date":"2025-04-22T21:34:08","date_gmt":"2025-04-22T20:34:08","guid":{"rendered":"https:\/\/blateman-bobine.com\/fr\/?p=2019"},"modified":"2025-08-20T14:33:57","modified_gmt":"2025-08-20T13:33:57","slug":"nos-super-heros-seront-a-spa-27-avril-2025","status":"publish","type":"post","link":"https:\/\/blateman-bobine.com\/fr\/nos-super-heros-seront-a-spa-27-avril-2025\/","title":{"rendered":"Nos super-h\u00e9ros seront \u00e0 Spa &#8211; 27 avril 2025"},"content":{"rendered":"\n<p class=\"wp-block-paragraph\">Venez me rencontrer au tr\u00e8s beau<strong> <a href=\"https:\/\/www.facebook.com\/profile.php?id=61552777043474&amp;__cft__[0]=AZV4YSJ1XZG8gSh6E2qDcKZ8zu5nrXIjNyABOIK9eIufMEZWCH99VS3bo2mGTb4WPNDegfujzsE9CwCbdLGTWF5BNh_GI3qdkIRFohjcqKwG-xiBVPaMRgmX1P_K6ooJoXW7Yq11gex6Ch34V3faPiIxA2VltgFGGOfcnbenfJw-GA&amp;__tn__=-]K-R\">Spa BD Festival<\/a><\/strong> ce dimanche 27 avril.<\/p>\n\n\n\n<p class=\"wp-block-paragraph\">Au plaisir de vous y voir! <img loading=\"lazy\" decoding=\"async\" height=\"16\" width=\"16\" src=\"https:\/\/static.xx.fbcdn.net\/images\/emoji.php\/v9\/td2\/1\/16\/1f604.png\" alt=\"\ud83d\ude04\"> <img loading=\"lazy\" decoding=\"async\" height=\"16\" width=\"16\" src=\"https:\/\/static.xx.fbcdn.net\/images\/emoji.php\/v9\/t51\/1\/16\/1f603.png\" alt=\"\ud83d\ude03\"> <img loading=\"lazy\" decoding=\"async\" height=\"16\" width=\"16\" src=\"https:\/\/static.xx.fbcdn.net\/images\/emoji.php\/v9\/tfc\/1\/16\/1f44d.png\" alt=\"\ud83d\udc4d\"><\/p>\n\n\n\n<p class=\"wp-block-paragraph\">Je signerai aussi bien mes albums de  \u00ab\u00a0<strong>Blateman &amp; Bobine<\/strong>\u00a0\u00bb (<em>ouvrages jeunesse<\/em>) que mes <strong>Voyages d&rsquo;Alix<\/strong> publi\u00e9 chez <strong>Casterman<\/strong>. Qu&rsquo;on se le dise!<\/p>\n\n\n\n<figure class=\"wp-block-gallery has-nested-images columns-default is-cropped wp-block-gallery-1 is-layout-flex wp-block-gallery-is-layout-flex\">\n<figure class=\"wp-block-image size-large\"><img data-recalc-dims=\"1\" loading=\"lazy\" decoding=\"async\" width=\"730\" height=\"699\" data-attachment-id=\"2029\" data-permalink=\"https:\/\/blateman-bobine.com\/fr\/nos-super-heros-seront-a-spa-27-avril-2025\/annonce_spa-2025\/\" data-orig-file=\"https:\/\/i0.wp.com\/blateman-bobine.com\/wp-content\/uploads\/2025\/04\/annonce_spa-2025.jpg?fit=730%2C699&amp;ssl=1\" data-orig-size=\"730,699\" data-comments-opened=\"1\" data-image-meta=\"{&quot;aperture&quot;:&quot;0&quot;,&quot;credit&quot;:&quot;&quot;,&quot;camera&quot;:&quot;&quot;,&quot;caption&quot;:&quot;&quot;,&quot;created_timestamp&quot;:&quot;0&quot;,&quot;copyright&quot;:&quot;&quot;,&quot;focal_length&quot;:&quot;0&quot;,&quot;iso&quot;:&quot;0&quot;,&quot;shutter_speed&quot;:&quot;0&quot;,&quot;title&quot;:&quot;&quot;,&quot;orientation&quot;:&quot;0&quot;}\" data-image-title=\"Blateman &amp;#038; Bobine, les super-z\u00e9ros de la BD au Festival BD de Spa\" data-image-description=\"&lt;p&gt;Blateman &amp;#038; Bobine, les super-z\u00e9ros de la BD au Festival BD de Spa&lt;\/p&gt;\n\" data-image-caption=\"&lt;p&gt;Blateman &amp;#038; Bobine, les super-z\u00e9ros de la BD au Festival BD de Spa&lt;\/p&gt;\n\" data-large-file=\"https:\/\/i0.wp.com\/blateman-bobine.com\/wp-content\/uploads\/2025\/04\/annonce_spa-2025.jpg?fit=730%2C699&amp;ssl=1\" data-id=\"2029\" src=\"https:\/\/i0.wp.com\/blateman-bobine.com\/fr\/wp-content\/uploads\/2025\/04\/annonce_spa-2025.jpg?resize=730%2C699&#038;ssl=1\" alt=\"Affiche du festival BD de Spa, affichant les \u0153uvres 'Blateman &amp; Bobine' et 'P\u00e9trA' avec les auteurs Vhenin et Vincent Henin.\" class=\"wp-image-2029\" srcset=\"https:\/\/i0.wp.com\/blateman-bobine.com\/wp-content\/uploads\/2025\/04\/annonce_spa-2025.jpg?w=730&amp;ssl=1 730w, https:\/\/i0.wp.com\/blateman-bobine.com\/wp-content\/uploads\/2025\/04\/annonce_spa-2025.jpg?resize=300%2C287&amp;ssl=1 300w\" sizes=\"auto, (max-width: 730px) 100vw, 730px\" \/><\/figure>\n\n\n\n<figure class=\"wp-block-image size-large\"><img data-recalc-dims=\"1\" loading=\"lazy\" decoding=\"async\" width=\"757\" height=\"1024\" data-attachment-id=\"2025\" data-permalink=\"https:\/\/blateman-bobine.com\/fr\/nos-super-heros-seront-a-spa-27-avril-2025\/carthage_couleurs_00\/\" data-orig-file=\"https:\/\/i0.wp.com\/blateman-bobine.com\/wp-content\/uploads\/2025\/04\/carthage_couleurs_00.jpg?fit=1000%2C1353&amp;ssl=1\" data-orig-size=\"1000,1353\" data-comments-opened=\"1\" data-image-meta=\"{&quot;aperture&quot;:&quot;0&quot;,&quot;credit&quot;:&quot;&quot;,&quot;camera&quot;:&quot;&quot;,&quot;caption&quot;:&quot;&quot;,&quot;created_timestamp&quot;:&quot;0&quot;,&quot;copyright&quot;:&quot;&quot;,&quot;focal_length&quot;:&quot;0&quot;,&quot;iso&quot;:&quot;0&quot;,&quot;shutter_speed&quot;:&quot;0&quot;,&quot;title&quot;:&quot;&quot;,&quot;orientation&quot;:&quot;0&quot;}\" data-image-title=\"Vincent HENIN Carthage Voyages d&amp;rsquo;Alix\" data-image-description=\"&lt;p&gt;Vincent HENIN Carthage Voyages d&amp;rsquo;Alix&lt;\/p&gt;\n\" data-image-caption=\"&lt;p&gt;Vincent HENIN Carthage Voyages d&amp;rsquo;Alix&lt;\/p&gt;\n\" data-large-file=\"https:\/\/i0.wp.com\/blateman-bobine.com\/wp-content\/uploads\/2025\/04\/carthage_couleurs_00.jpg?fit=757%2C1024&amp;ssl=1\" data-id=\"2025\" src=\"https:\/\/i0.wp.com\/blateman-bobine.com\/fr\/wp-content\/uploads\/2025\/04\/carthage_couleurs_00-757x1024.jpg?resize=757%2C1024&#038;ssl=1\" alt=\"Couverture de la bande dessin\u00e9e 'Les Voyages d'Alix: Carthage', montrant une vue panoramique sur Carthage avec des personnages en premier plan.\" class=\"wp-image-2025\" srcset=\"https:\/\/i0.wp.com\/blateman-bobine.com\/wp-content\/uploads\/2025\/04\/carthage_couleurs_00.jpg?resize=757%2C1024&amp;ssl=1 757w, https:\/\/i0.wp.com\/blateman-bobine.com\/wp-content\/uploads\/2025\/04\/carthage_couleurs_00.jpg?resize=222%2C300&amp;ssl=1 222w, https:\/\/i0.wp.com\/blateman-bobine.com\/wp-content\/uploads\/2025\/04\/carthage_couleurs_00.jpg?resize=768%2C1039&amp;ssl=1 768w, https:\/\/i0.wp.com\/blateman-bobine.com\/wp-content\/uploads\/2025\/04\/carthage_couleurs_00.jpg?w=1000&amp;ssl=1 1000w\" sizes=\"auto, (max-width: 757px) 100vw, 757px\" \/><\/figure>\n\n\n\n<figure class=\"wp-block-image size-large\"><img data-recalc-dims=\"1\" loading=\"lazy\" decoding=\"async\" width=\"674\" height=\"898\" data-attachment-id=\"2023\" data-permalink=\"https:\/\/blateman-bobine.com\/fr\/nos-super-heros-seront-a-spa-27-avril-2025\/jerusalem_couleurs_00\/\" data-orig-file=\"https:\/\/i0.wp.com\/blateman-bobine.com\/wp-content\/uploads\/2025\/04\/jerusalem_couleurs_00.jpg?fit=674%2C898&amp;ssl=1\" data-orig-size=\"674,898\" data-comments-opened=\"1\" data-image-meta=\"{&quot;aperture&quot;:&quot;0&quot;,&quot;credit&quot;:&quot;&quot;,&quot;camera&quot;:&quot;&quot;,&quot;caption&quot;:&quot;&quot;,&quot;created_timestamp&quot;:&quot;0&quot;,&quot;copyright&quot;:&quot;&quot;,&quot;focal_length&quot;:&quot;0&quot;,&quot;iso&quot;:&quot;0&quot;,&quot;shutter_speed&quot;:&quot;0&quot;,&quot;title&quot;:&quot;&quot;,&quot;orientation&quot;:&quot;0&quot;}\" data-image-title=\"Vincent HENIN J\u00e9rusalem Voyages d&amp;rsquo;Alix\" data-image-description=\"&lt;p&gt;Vincent HENIN J\u00e9rusalem Voyages d&amp;rsquo;Alix&lt;\/p&gt;\n\" data-image-caption=\"&lt;p&gt;Vincent HENIN J\u00e9rusalem Voyages d&amp;rsquo;Alix&lt;\/p&gt;\n\" data-large-file=\"https:\/\/i0.wp.com\/blateman-bobine.com\/wp-content\/uploads\/2025\/04\/jerusalem_couleurs_00.jpg?fit=674%2C898&amp;ssl=1\" data-id=\"2023\" src=\"https:\/\/i0.wp.com\/blateman-bobine.com\/fr\/wp-content\/uploads\/2025\/04\/jerusalem_couleurs_00.jpg?resize=674%2C898&#038;ssl=1\" alt=\"Couverture du livre 'J\u00e9rusalem' des Voyages d'Alix, illustr\u00e9e par Vincent Henin et Jacques Martin, repr\u00e9sentant une vue panoramique de la ville avec des personnages au premier plan.\" class=\"wp-image-2023\" srcset=\"https:\/\/i0.wp.com\/blateman-bobine.com\/wp-content\/uploads\/2025\/04\/jerusalem_couleurs_00.jpg?w=674&amp;ssl=1 674w, https:\/\/i0.wp.com\/blateman-bobine.com\/wp-content\/uploads\/2025\/04\/jerusalem_couleurs_00.jpg?resize=225%2C300&amp;ssl=1 225w, https:\/\/i0.wp.com\/blateman-bobine.com\/wp-content\/uploads\/2025\/04\/jerusalem_couleurs_00.jpg?resize=600%2C800&amp;ssl=1 600w, https:\/\/i0.wp.com\/blateman-bobine.com\/wp-content\/uploads\/2025\/04\/jerusalem_couleurs_00.jpg?resize=450%2C600&amp;ssl=1 450w, https:\/\/i0.wp.com\/blateman-bobine.com\/wp-content\/uploads\/2025\/04\/jerusalem_couleurs_00.jpg?resize=300%2C400&amp;ssl=1 300w, https:\/\/i0.wp.com\/blateman-bobine.com\/wp-content\/uploads\/2025\/04\/jerusalem_couleurs_00.jpg?resize=150%2C200&amp;ssl=1 150w\" sizes=\"auto, (max-width: 674px) 100vw, 674px\" \/><\/figure>\n\n\n\n<figure class=\"wp-block-image size-large\"><img data-recalc-dims=\"1\" loading=\"lazy\" decoding=\"async\" width=\"769\" height=\"1024\" data-attachment-id=\"2024\" data-permalink=\"https:\/\/blateman-bobine.com\/fr\/nos-super-heros-seront-a-spa-27-avril-2025\/petra_couleur_00\/\" data-orig-file=\"https:\/\/i0.wp.com\/blateman-bobine.com\/wp-content\/uploads\/2025\/04\/petra_couleur_00.jpg?fit=1000%2C1332&amp;ssl=1\" data-orig-size=\"1000,1332\" data-comments-opened=\"1\" data-image-meta=\"{&quot;aperture&quot;:&quot;0&quot;,&quot;credit&quot;:&quot;&quot;,&quot;camera&quot;:&quot;&quot;,&quot;caption&quot;:&quot;&quot;,&quot;created_timestamp&quot;:&quot;0&quot;,&quot;copyright&quot;:&quot;&quot;,&quot;focal_length&quot;:&quot;0&quot;,&quot;iso&quot;:&quot;0&quot;,&quot;shutter_speed&quot;:&quot;0&quot;,&quot;title&quot;:&quot;&quot;,&quot;orientation&quot;:&quot;0&quot;}\" data-image-title=\"Vincent HENIN P\u00e9tra Voyages d&amp;rsquo;Alix\" data-image-description=\"&lt;p&gt;Vincent HENIN P\u00e9tra Voyages d&amp;rsquo;Alix&lt;\/p&gt;\n\" data-image-caption=\"&lt;p&gt;Vincent HENIN P\u00e9tra Voyages d&amp;rsquo;Alix&lt;\/p&gt;\n\" data-large-file=\"https:\/\/i0.wp.com\/blateman-bobine.com\/wp-content\/uploads\/2025\/04\/petra_couleur_00.jpg?fit=769%2C1024&amp;ssl=1\" data-id=\"2024\" src=\"https:\/\/i0.wp.com\/blateman-bobine.com\/fr\/wp-content\/uploads\/2025\/04\/petra_couleur_00-769x1024.jpg?resize=769%2C1024&#038;ssl=1\" alt=\"Couverture de la bande dessin\u00e9e &quot;P\u00e9tras&quot; de la s\u00e9rie &quot;Les Voyages d'Alix&quot;, illustrant des personnages se d\u00e9pla\u00e7ant pr\u00e8s d'une architecture ancienne.\" class=\"wp-image-2024\" srcset=\"https:\/\/i0.wp.com\/blateman-bobine.com\/wp-content\/uploads\/2025\/04\/petra_couleur_00.jpg?resize=769%2C1024&amp;ssl=1 769w, https:\/\/i0.wp.com\/blateman-bobine.com\/wp-content\/uploads\/2025\/04\/petra_couleur_00.jpg?resize=225%2C300&amp;ssl=1 225w, https:\/\/i0.wp.com\/blateman-bobine.com\/wp-content\/uploads\/2025\/04\/petra_couleur_00.jpg?resize=768%2C1023&amp;ssl=1 768w, https:\/\/i0.wp.com\/blateman-bobine.com\/wp-content\/uploads\/2025\/04\/petra_couleur_00.jpg?resize=900%2C1200&amp;ssl=1 900w, https:\/\/i0.wp.com\/blateman-bobine.com\/wp-content\/uploads\/2025\/04\/petra_couleur_00.jpg?resize=600%2C800&amp;ssl=1 600w, https:\/\/i0.wp.com\/blateman-bobine.com\/wp-content\/uploads\/2025\/04\/petra_couleur_00.jpg?resize=450%2C600&amp;ssl=1 450w, https:\/\/i0.wp.com\/blateman-bobine.com\/wp-content\/uploads\/2025\/04\/petra_couleur_00.jpg?resize=300%2C400&amp;ssl=1 300w, https:\/\/i0.wp.com\/blateman-bobine.com\/wp-content\/uploads\/2025\/04\/petra_couleur_00.jpg?resize=150%2C200&amp;ssl=1 150w, https:\/\/i0.wp.com\/blateman-bobine.com\/wp-content\/uploads\/2025\/04\/petra_couleur_00.jpg?w=1000&amp;ssl=1 1000w\" sizes=\"auto, (max-width: 769px) 100vw, 769px\" \/><\/figure>\n\n\n\n<figure class=\"wp-block-image size-large\"><img data-recalc-dims=\"1\" loading=\"lazy\" decoding=\"async\" width=\"600\" height=\"400\" data-attachment-id=\"2022\" data-permalink=\"https:\/\/blateman-bobine.com\/fr\/nos-super-heros-seront-a-spa-27-avril-2025\/vincent-henin-voyages-alix-tartamudo_test-2\/\" data-orig-file=\"https:\/\/i0.wp.com\/blateman-bobine.com\/wp-content\/uploads\/2025\/04\/Vincent-Henin-voyages-alix-tartamudo_TEST-1.jpg?fit=600%2C400&amp;ssl=1\" data-orig-size=\"600,400\" data-comments-opened=\"1\" data-image-meta=\"{&quot;aperture&quot;:&quot;0&quot;,&quot;credit&quot;:&quot;&quot;,&quot;camera&quot;:&quot;&quot;,&quot;caption&quot;:&quot;&quot;,&quot;created_timestamp&quot;:&quot;0&quot;,&quot;copyright&quot;:&quot;&quot;,&quot;focal_length&quot;:&quot;0&quot;,&quot;iso&quot;:&quot;0&quot;,&quot;shutter_speed&quot;:&quot;0&quot;,&quot;title&quot;:&quot;&quot;,&quot;orientation&quot;:&quot;0&quot;}\" data-image-title=\"Vincent HENIN Voyages d&amp;rsquo;Alix\" data-image-description=\"&lt;p&gt;Vincent HENIN Voyages d&amp;rsquo;Alix&lt;\/p&gt;\n\" data-image-caption=\"&lt;p&gt;Vincent HENIN Voyages d&amp;rsquo;Alix&lt;\/p&gt;\n\" data-large-file=\"https:\/\/i0.wp.com\/blateman-bobine.com\/wp-content\/uploads\/2025\/04\/Vincent-Henin-voyages-alix-tartamudo_TEST-1.jpg?fit=600%2C400&amp;ssl=1\" data-id=\"2022\" src=\"https:\/\/i0.wp.com\/blateman-bobine.com\/fr\/wp-content\/uploads\/2025\/04\/Vincent-Henin-voyages-alix-tartamudo_TEST-1.jpg?resize=600%2C400&#038;ssl=1\" alt=\"Un auteur de bande dessin\u00e9e posant avec des albums de la s\u00e9rie 'Les Voyages d'Alix', comprenant les couvertures de 'Carthage', 'J\u00e9rusalem', 'P\u00e9tra' et 'Lut\u00e8ce'.\" class=\"wp-image-2022\" srcset=\"https:\/\/i0.wp.com\/blateman-bobine.com\/wp-content\/uploads\/2025\/04\/Vincent-Henin-voyages-alix-tartamudo_TEST-1.jpg?w=600&amp;ssl=1 600w, https:\/\/i0.wp.com\/blateman-bobine.com\/wp-content\/uploads\/2025\/04\/Vincent-Henin-voyages-alix-tartamudo_TEST-1.jpg?resize=300%2C200&amp;ssl=1 300w\" sizes=\"auto, (max-width: 600px) 100vw, 600px\" \/><\/figure>\n\n\n\n<figure class=\"wp-block-image size-large\"><img data-recalc-dims=\"1\" loading=\"lazy\" decoding=\"async\" width=\"700\" height=\"937\" data-attachment-id=\"2026\" data-permalink=\"https:\/\/blateman-bobine.com\/fr\/nos-super-heros-seront-a-spa-27-avril-2025\/projet_couv_t2\/\" data-orig-file=\"https:\/\/i0.wp.com\/blateman-bobine.com\/wp-content\/uploads\/2025\/04\/projet_couv_t2.jpg?fit=700%2C937&amp;ssl=1\" data-orig-size=\"700,937\" data-comments-opened=\"1\" data-image-meta=\"{&quot;aperture&quot;:&quot;0&quot;,&quot;credit&quot;:&quot;&quot;,&quot;camera&quot;:&quot;&quot;,&quot;caption&quot;:&quot;&quot;,&quot;created_timestamp&quot;:&quot;0&quot;,&quot;copyright&quot;:&quot;&quot;,&quot;focal_length&quot;:&quot;0&quot;,&quot;iso&quot;:&quot;0&quot;,&quot;shutter_speed&quot;:&quot;0&quot;,&quot;title&quot;:&quot;&quot;,&quot;orientation&quot;:&quot;0&quot;}\" data-image-title=\"Blateman &amp;#038; Bobine &amp;#8211; Une BD de Super-Z\u00e9ros pas comme les autres\" data-image-description=\"&lt;p&gt;Blateman &amp;#038; Bobine &amp;#8211; Une BD de Super-Z\u00e9ros pas comme les autres&lt;\/p&gt;\n\" data-image-caption=\"&lt;p&gt;Blateman &amp;#038; Bobine &amp;#8211; Une BD de Super-Z\u00e9ros pas comme les autres&lt;\/p&gt;\n\" data-large-file=\"https:\/\/i0.wp.com\/blateman-bobine.com\/wp-content\/uploads\/2025\/04\/projet_couv_t2.jpg?fit=700%2C937&amp;ssl=1\" data-id=\"2026\" src=\"https:\/\/i0.wp.com\/blateman-bobine.com\/fr\/wp-content\/uploads\/2025\/04\/projet_couv_t2.jpg?resize=700%2C937&#038;ssl=1\" alt=\"Blateman &amp; Bobine en d\u00e9dicace le dimanche 27 avril 2025 au Festival BD de Spa\" class=\"wp-image-2026\" srcset=\"https:\/\/i0.wp.com\/blateman-bobine.com\/wp-content\/uploads\/2025\/04\/projet_couv_t2.jpg?w=700&amp;ssl=1 700w, https:\/\/i0.wp.com\/blateman-bobine.com\/wp-content\/uploads\/2025\/04\/projet_couv_t2.jpg?resize=224%2C300&amp;ssl=1 224w, https:\/\/i0.wp.com\/blateman-bobine.com\/wp-content\/uploads\/2025\/04\/projet_couv_t2.jpg?resize=150%2C200&amp;ssl=1 150w\" sizes=\"auto, (max-width: 700px) 100vw, 700px\" \/><\/figure>\n\n\n\n<figure class=\"wp-block-image size-large\"><img data-recalc-dims=\"1\" loading=\"lazy\" decoding=\"async\" width=\"800\" height=\"622\" data-attachment-id=\"2027\" data-permalink=\"https:\/\/blateman-bobine.com\/fr\/nos-super-heros-seront-a-spa-27-avril-2025\/expo-blateman_bobine-02_web-2\/\" data-orig-file=\"https:\/\/i0.wp.com\/blateman-bobine.com\/wp-content\/uploads\/2025\/04\/Expo-Blateman_Bobine-02_WEB.jpg?fit=800%2C622&amp;ssl=1\" data-orig-size=\"800,622\" data-comments-opened=\"1\" data-image-meta=\"{&quot;aperture&quot;:&quot;0&quot;,&quot;credit&quot;:&quot;&quot;,&quot;camera&quot;:&quot;&quot;,&quot;caption&quot;:&quot;&quot;,&quot;created_timestamp&quot;:&quot;0&quot;,&quot;copyright&quot;:&quot;&quot;,&quot;focal_length&quot;:&quot;0&quot;,&quot;iso&quot;:&quot;0&quot;,&quot;shutter_speed&quot;:&quot;0&quot;,&quot;title&quot;:&quot;&quot;,&quot;orientation&quot;:&quot;0&quot;}\" data-image-title=\"Expo-Blateman_Bobine-02_WEB\" data-image-description=\"&lt;p&gt;Expo-Blateman_Bobine-02_WEB&lt;\/p&gt;\n\" data-image-caption=\"&lt;p&gt;Expo-Blateman_Bobine-02_WEB&lt;\/p&gt;\n\" data-large-file=\"https:\/\/i0.wp.com\/blateman-bobine.com\/wp-content\/uploads\/2025\/04\/Expo-Blateman_Bobine-02_WEB.jpg?fit=800%2C622&amp;ssl=1\" data-id=\"2027\" src=\"https:\/\/i0.wp.com\/blateman-bobine.com\/fr\/wp-content\/uploads\/2025\/04\/Expo-Blateman_Bobine-02_WEB.jpg?resize=800%2C622&#038;ssl=1\" alt=\"Visuel promotionnel des albums jeunesse &quot;Blateman &amp; Bobine&quot; montrant les personnages principaux et les couvertures des livres.\" class=\"wp-image-2027\" srcset=\"https:\/\/i0.wp.com\/blateman-bobine.com\/wp-content\/uploads\/2025\/04\/Expo-Blateman_Bobine-02_WEB.jpg?w=800&amp;ssl=1 800w, https:\/\/i0.wp.com\/blateman-bobine.com\/wp-content\/uploads\/2025\/04\/Expo-Blateman_Bobine-02_WEB.jpg?resize=300%2C233&amp;ssl=1 300w, https:\/\/i0.wp.com\/blateman-bobine.com\/wp-content\/uploads\/2025\/04\/Expo-Blateman_Bobine-02_WEB.jpg?resize=768%2C597&amp;ssl=1 768w\" sizes=\"auto, (max-width: 800px) 100vw, 800px\" \/><\/figure>\n<\/figure>\n","protected":false},"excerpt":{"rendered":"<p>Venez me rencontrer au tr\u00e8s beau Spa BD Festival ce dimanche 27 avril. Au plaisir de vous y voir! Je signerai aussi bien mes albums de \u00ab\u00a0Blateman &amp; Bobine\u00a0\u00bb (ouvrages jeunesse) que mes Voyages d&rsquo;Alix publi\u00e9 chez Casterman. Qu&rsquo;on se le dise!<\/p>\n","protected":false},"author":74241772,"featured_media":2029,"comment_status":"open","ping_status":"open","sticky":false,"template":"","format":"standard","meta":{"_coblocks_attr":"","_coblocks_dimensions":"","_coblocks_responsive_height":"","_coblocks_accordion_ie_support":"","_crdt_document":"","advanced_seo_description":"Rencontrez-moi au Spa BD Festival le 27 avril! D\u00e9dicaces de mes albums jeunesse et de 'Voyages d'Alix'. \u00c0 bient\u00f4t!","jetpack_seo_html_title":"Rencontrez Blateman & Bobine au Spa BD Festival 2025","jetpack_seo_noindex":false,"_jetpack_newsletter_access":"","_jetpack_dont_email_post_to_subs":false,"_jetpack_newsletter_tier_id":0,"_jetpack_memberships_contains_paywalled_content":false,"_jetpack_memberships_contains_paid_content":false,"footnotes":"","jetpack_publicize_message":"","jetpack_publicize_feature_enabled":true,"jetpack_social_post_already_shared":true,"jetpack_social_options":{"image_generator_settings":{"template":"highway","default_image_id":0,"font":"","enabled":false},"version":2},"_wpas_customize_per_network":false,"jetpack_post_was_ever_published":false},"categories":[1223035],"tags":[44670,21752,263100701,1338044,39123,3968362,299480777],"class_list":["post-2019","post","type-post","status-publish","format-standard","has-post-thumbnail","hentry","category-dedicaces","tag-bande-dessinee","tag-bd","tag-blateman","tag-bobine","tag-super-heros","tag-tarek","tag-vhenin"],"jetpack_publicize_connections":[],"jetpack_featured_media_url":"https:\/\/i0.wp.com\/blateman-bobine.com\/wp-content\/uploads\/2025\/04\/annonce_spa-2025.jpg?fit=730%2C699&ssl=1","jetpack_likes_enabled":true,"jetpack_sharing_enabled":true,"jetpack_shortlink":"https:\/\/wp.me\/p4LVhx-wz","jetpack-related-posts":[{"id":3325,"url":"https:\/\/blateman-bobine.com\/fr\/blateman-bobine-emerveillent-a-verlaine\/","url_meta":{"origin":2019,"position":0},"title":"Blateman &#038; Bobine \u00e9merveillent \u00e0 Verlaine","author":"Vhenin","date":"5 mars 2026","format":false,"excerpt":"Blateman & Bobine \u00e9taient pr\u00e9sents \u00e0 la F\u00eate de la B.D. et du Livre Jeunesse de Verlaine le 8 f\u00e9vrier. L\u2019\u00e9v\u00e9nement a offert un accueil exceptionnel, avec une organisation impeccable et une ambiance chaleureuse. Une journ\u00e9e au top pour nos super-h\u00e9ros\u2026 ou plut\u00f4t super-z\u00e9ros !","rel":"","context":"Dans &quot;D\u00e9dicaces&quot;","block_context":{"text":"D\u00e9dicaces","link":"https:\/\/blateman-bobine.com\/fr\/category\/dedicaces\/"},"img":{"alt_text":"Blateman & Bobine - Fete de la BD et du livre jeunesse - Verlaine 2026","src":"https:\/\/i0.wp.com\/blateman-bobine.com\/wp-content\/uploads\/2026\/03\/IMG_20260208_112256_Bokeh-WEB.jpg?fit=800%2C600&ssl=1&resize=350%2C200","width":350,"height":200,"srcset":"https:\/\/i0.wp.com\/blateman-bobine.com\/wp-content\/uploads\/2026\/03\/IMG_20260208_112256_Bokeh-WEB.jpg?fit=800%2C600&ssl=1&resize=350%2C200 1x, https:\/\/i0.wp.com\/blateman-bobine.com\/wp-content\/uploads\/2026\/03\/IMG_20260208_112256_Bokeh-WEB.jpg?fit=800%2C600&ssl=1&resize=525%2C300 1.5x, https:\/\/i0.wp.com\/blateman-bobine.com\/wp-content\/uploads\/2026\/03\/IMG_20260208_112256_Bokeh-WEB.jpg?fit=800%2C600&ssl=1&resize=700%2C400 2x"},"classes":[]},{"id":3385,"url":"https:\/\/blateman-bobine.com\/fr\/blateman-en-dedicace-avec-brad-pitt-a-tournai-les-bulles-b-11-et-12-avril-2026\/","url_meta":{"origin":2019,"position":1},"title":"Blateman en d\u00e9dicace avec Brad Pitt \u00e0 Tournai-les-Bulles (B) &#8211; 11 et 12 avril 2026","author":"Vhenin","date":"9 avril 2026","format":false,"excerpt":"Brad Pitt en d\u00e9dicaces avec Blateman & Bobine \u00e0 Tournai-les-Bulles (Festival International de BD), Belgique, 11 et 12 avril 2026","rel":"","context":"Dans &quot;Around Blateman&quot;","block_context":{"text":"Around Blateman","link":"https:\/\/blateman-bobine.com\/fr\/category\/around-blateman\/"},"img":{"alt_text":"Brad Pitt, fan de Blateman & Bobine, s\u00e9rie de BD franco-belge","src":"https:\/\/i0.wp.com\/blateman-bobine.com\/wp-content\/uploads\/2026\/04\/Brad-Pitt-at-comic-convention-horizontal-WEB.jpg?fit=1200%2C800&ssl=1&resize=350%2C200","width":350,"height":200,"srcset":"https:\/\/i0.wp.com\/blateman-bobine.com\/wp-content\/uploads\/2026\/04\/Brad-Pitt-at-comic-convention-horizontal-WEB.jpg?fit=1200%2C800&ssl=1&resize=350%2C200 1x, https:\/\/i0.wp.com\/blateman-bobine.com\/wp-content\/uploads\/2026\/04\/Brad-Pitt-at-comic-convention-horizontal-WEB.jpg?fit=1200%2C800&ssl=1&resize=525%2C300 1.5x, https:\/\/i0.wp.com\/blateman-bobine.com\/wp-content\/uploads\/2026\/04\/Brad-Pitt-at-comic-convention-horizontal-WEB.jpg?fit=1200%2C800&ssl=1&resize=700%2C400 2x, https:\/\/i0.wp.com\/blateman-bobine.com\/wp-content\/uploads\/2026\/04\/Brad-Pitt-at-comic-convention-horizontal-WEB.jpg?fit=1200%2C800&ssl=1&resize=1050%2C600 3x"},"classes":[]},{"id":520,"url":"https:\/\/blateman-bobine.com\/fr\/blateman-et-bobine-en-dedicace-a-la-ferte-sous-jouarre-77-9-et-10-avril-2016\/","url_meta":{"origin":2019,"position":2},"title":"Blateman et Bobine en d\u00e9dicace \u00e0 la Fert\u00e9-sous-Jouarre du 9 et 10 avril 2016","author":"Vhenin","date":"4 avril 2016","format":false,"excerpt":"Venez nous\u00a0rencontrer lors du Salon Univers BD de la Fert\u00e9-sous-Jouarre (m\u00e9diath\u00e8que Samuel Beckett) pr\u00e8s de Paris! Les 9 et 10 avril prochains. En plus, le th\u00e8me du salon est 'super-h\u00e9ros', si c'est pas parfait pour Blateman et Bobine, \u00e7a..! Vhenin Portfolio: www.vhenin.be\u00a0et www.vincent-henin.be Facebook: Vincent Henin Comix Illustration (Vhenin) Le\u2026","rel":"","context":"Dans &quot;D\u00e9dicaces&quot;","block_context":{"text":"D\u00e9dicaces","link":"https:\/\/blateman-bobine.com\/fr\/category\/dedicaces\/"},"img":{"alt_text":"","src":"https:\/\/i0.wp.com\/blateman-bobine.com\/wp-content\/uploads\/2016\/04\/image-1.png?fit=1024%2C768&ssl=1&resize=350%2C200","width":350,"height":200,"srcset":"https:\/\/i0.wp.com\/blateman-bobine.com\/wp-content\/uploads\/2016\/04\/image-1.png?fit=1024%2C768&ssl=1&resize=350%2C200 1x, https:\/\/i0.wp.com\/blateman-bobine.com\/wp-content\/uploads\/2016\/04\/image-1.png?fit=1024%2C768&ssl=1&resize=525%2C300 1.5x, https:\/\/i0.wp.com\/blateman-bobine.com\/wp-content\/uploads\/2016\/04\/image-1.png?fit=1024%2C768&ssl=1&resize=700%2C400 2x"},"classes":[]},{"id":1927,"url":"https:\/\/blateman-bobine.com\/fr\/blateman-bobine-en-dedicace-a-tournai-12-et-13-avril-2025\/","url_meta":{"origin":2019,"position":3},"title":"Blateman &amp; Bobine en d\u00e9dicace \u00e0 Tournai &#8211; 12 et 13 avril 2025","author":"Vhenin","date":"10 avril 2025","format":false,"excerpt":"Venez me rencontrer au Festival de Tournai les Bulles les samedi et dimanche 12 et 13 avril 2025.Plus d'info sur : https:\/\/opalebd.com\/festivals\/details\/2239","rel":"","context":"Dans &quot;D\u00e9dicaces&quot;","block_context":{"text":"D\u00e9dicaces","link":"https:\/\/blateman-bobine.com\/fr\/category\/dedicaces\/"},"img":{"alt_text":"Blateman & Bobine - festival-BD-Tournai","src":"https:\/\/i0.wp.com\/blateman-bobine.com\/wp-content\/uploads\/2025\/04\/001_2025_gf.jpg?fit=500%2C701&ssl=1&resize=350%2C200","width":350,"height":200},"classes":[]},{"id":2848,"url":"https:\/\/blateman-bobine.com\/fr\/blateman-bobine-etaient-au-festival-de-bulles-en-bulles-a-hotton-b\/","url_meta":{"origin":2019,"position":4},"title":"Festival BD de Hotton : Retour sur une Journ\u00e9e Inoubliable","author":"Vhenin","date":"3 septembre 2025","format":false,"excerpt":"Nous \u00e9tions au super Festival BD de Hotton le 24 ao\u00fbt dernier toute la journ\u00e9e...Super b\u00e9n\u00e9voles, super accueil et super organisation! Merci \u00e0 tous! Mais alors, que dire du public?! Familial, sympa, relax et au rendez-vous!Un vrai bonheur et de chouettes rencontres! L'\u00e9diteur ABA Academy a eu la bonne id\u00e9e\u2026","rel":"","context":"Dans &quot;D\u00e9dicaces&quot;","block_context":{"text":"D\u00e9dicaces","link":"https:\/\/blateman-bobine.com\/fr\/category\/dedicaces\/"},"img":{"alt_text":"Blateman & Bobine au Festival BD de Hotton","src":"https:\/\/i0.wp.com\/blateman-bobine.com\/wp-content\/uploads\/2025\/09\/IMG-20250827-WA0006-web.jpg?fit=800%2C399&ssl=1&resize=350%2C200","width":350,"height":200,"srcset":"https:\/\/i0.wp.com\/blateman-bobine.com\/wp-content\/uploads\/2025\/09\/IMG-20250827-WA0006-web.jpg?fit=800%2C399&ssl=1&resize=350%2C200 1x, https:\/\/i0.wp.com\/blateman-bobine.com\/wp-content\/uploads\/2025\/09\/IMG-20250827-WA0006-web.jpg?fit=800%2C399&ssl=1&resize=525%2C300 1.5x, https:\/\/i0.wp.com\/blateman-bobine.com\/wp-content\/uploads\/2025\/09\/IMG-20250827-WA0006-web.jpg?fit=800%2C399&ssl=1&resize=700%2C400 2x"},"classes":[]},{"id":2791,"url":"https:\/\/blateman-bobine.com\/fr\/blateman-bobine-au-festival-bd-de-bulles-en-bulles-hotton-b-24-aout-2025\/","url_meta":{"origin":2019,"position":5},"title":"Blateman &amp; Bobine au Festival BD de Bulles en Bulles \/\/ Hotton (B) &#8211; 24 ao\u00fbt 2025","author":"Vhenin","date":"21 ao\u00fbt 2025","format":false,"excerpt":"Hi Guys! Venez nous voir au Festival de Bulles en Bulles \u00e0 Hotton ce dimanche 24 ao\u00fbt.Un super festival dans un des plus jolis coins de la Belgique!Venez en famille pour la BD, la convivialit\u00e9 et le d\u00e9cor. Comme d'habitude, j'y d\u00e9dicacerai mes albums de 'Blateman & Bobine' et mes\u2026","rel":"","context":"Dans &quot;D\u00e9dicaces&quot;","block_context":{"text":"D\u00e9dicaces","link":"https:\/\/blateman-bobine.com\/fr\/category\/dedicaces\/"},"img":{"alt_text":"Blateman & Bobine, les super-z\u00e9ros de la BD au Festival BD de Hotton","src":"https:\/\/i0.wp.com\/blateman-bobine.com\/wp-content\/uploads\/2025\/08\/affiche-FB-festival-Hotton.jpg?fit=800%2C600&ssl=1&resize=350%2C200","width":350,"height":200,"srcset":"https:\/\/i0.wp.com\/blateman-bobine.com\/wp-content\/uploads\/2025\/08\/affiche-FB-festival-Hotton.jpg?fit=800%2C600&ssl=1&resize=350%2C200 1x, https:\/\/i0.wp.com\/blateman-bobine.com\/wp-content\/uploads\/2025\/08\/affiche-FB-festival-Hotton.jpg?fit=800%2C600&ssl=1&resize=525%2C300 1.5x, https:\/\/i0.wp.com\/blateman-bobine.com\/wp-content\/uploads\/2025\/08\/affiche-FB-festival-Hotton.jpg?fit=800%2C600&ssl=1&resize=700%2C400 2x"},"classes":[]}],"_links":{"self":[{"href":"https:\/\/blateman-bobine.com\/fr\/wp-json\/wp\/v2\/posts\/2019","targetHints":{"allow":["GET"]}}],"collection":[{"href":"https:\/\/blateman-bobine.com\/fr\/wp-json\/wp\/v2\/posts"}],"about":[{"href":"https:\/\/blateman-bobine.com\/fr\/wp-json\/wp\/v2\/types\/post"}],"author":[{"embeddable":true,"href":"https:\/\/blateman-bobine.com\/fr\/wp-json\/wp\/v2\/users\/74241772"}],"replies":[{"embeddable":true,"href":"https:\/\/blateman-bobine.com\/fr\/wp-json\/wp\/v2\/comments?post=2019"}],"version-history":[{"count":7,"href":"https:\/\/blateman-bobine.com\/fr\/wp-json\/wp\/v2\/posts\/2019\/revisions"}],"predecessor-version":[{"id":2761,"href":"https:\/\/blateman-bobine.com\/fr\/wp-json\/wp\/v2\/posts\/2019\/revisions\/2761"}],"wp:featuredmedia":[{"embeddable":true,"href":"https:\/\/blateman-bobine.com\/fr\/wp-json\/wp\/v2\/media\/2029"}],"wp:attachment":[{"href":"https:\/\/blateman-bobine.com\/fr\/wp-json\/wp\/v2\/media?parent=2019"}],"wp:term":[{"taxonomy":"category","embeddable":true,"href":"https:\/\/blateman-bobine.com\/fr\/wp-json\/wp\/v2\/categories?post=2019"},{"taxonomy":"post_tag","embeddable":true,"href":"https:\/\/blateman-bobine.com\/fr\/wp-json\/wp\/v2\/tags?post=2019"}],"curies":[{"name":"wp","href":"https:\/\/api.w.org\/{rel}","templated":true}]}}