{"id":299,"date":"2015-11-21T17:10:03","date_gmt":"2015-11-21T16:10:03","guid":{"rendered":"https:\/\/blateman-bobine.com\/fr\/?p=299"},"modified":"2025-03-28T10:19:29","modified_gmt":"2025-03-28T09:19:29","slug":"blateman-bobine-en-dedicace-a-arlon-16-decembre-2015-belgique","status":"publish","type":"post","link":"https:\/\/blateman-bobine.com\/fr\/blateman-bobine-en-dedicace-a-arlon-16-decembre-2015-belgique\/","title":{"rendered":"Blateman &amp; Bobine en D\u00e9dicace \u00e0 ARLON  (Belgique) &#8211; 16 d\u00e9cembre 2015"},"content":{"rendered":"<p><strong>Vincent Henin &#8211; Vhenin<\/strong> sera \u00e0 la <strong>Biblioth\u00e8que Communale d&rsquo;Arlon<\/strong>\u00a0(Belgique):<\/p>\n<p><em><strong>\u2022 Quand?<\/strong><\/em> le 1<strong>6 d\u00e9cembre<\/strong> 2015 de <strong>13h30 \u00e0 17h00<br \/>\n<em>\u2022 O\u00f9?<\/em> <\/strong>Biblioth\u00e8que et Ludoth\u00e8que d&rsquo;Arlon,\u00a0Parc des Expositions 5, 6700 Arlon (Belgique)<\/p>\n<p>L&rsquo;auteur\u00a0sera l\u00e0 pour la <strong>Premi\u00e8re de sa nouvelle BD<\/strong> car celle-ci sort officiellement quelques jours avant!<\/p>\n<p>D\u00e9dicace et pr\u00e9sentation du nouvel album de <strong>Vincent Henin<\/strong> (<strong>Vhenin)<\/strong> \u00ab\u00a0<strong>Blateman &amp; Bobine \u00e0 Loindetout<\/strong>\u00a0\u00bb ! <em>Venez nombreux<\/em> !<\/p>\n<div class=\"tiled-gallery type-rectangular tiled-gallery-unresized\" data-original-width=\"500\" data-carousel-extra='{&quot;blog_id&quot;:1,&quot;permalink&quot;:&quot;https:\\\/\\\/blateman-bobine.com\\\/fr\\\/blateman-bobine-en-dedicace-a-arlon-16-decembre-2015-belgique\\\/&quot;,&quot;likes_blog_id&quot;:70526955}' itemscope itemtype=\"http:\/\/schema.org\/ImageGallery\" > <div class=\"gallery-row\" style=\"width: 500px; height: 353px;\" data-original-width=\"500\" data-original-height=\"353\" > <div class=\"gallery-group images-1\" style=\"width: 250px; height: 353px;\" data-original-width=\"250\" data-original-height=\"353\" > <div class=\"tiled-gallery-item tiled-gallery-item-small\" itemprop=\"associatedMedia\" itemscope itemtype=\"http:\/\/schema.org\/ImageObject\"> <a href=\"https:\/\/blateman-bobine.com\/fr\/blateman-bobine-en-dedicace-a-arlon-16-decembre-2015-belgique\/affichette\/\" border=\"0\" itemprop=\"url\"> <meta itemprop=\"width\" content=\"246\"> <meta itemprop=\"height\" content=\"349\"> <img decoding=\"async\" class=\"\" data-attachment-id=\"322\" data-orig-file=\"https:\/\/blateman-bobine.com\/wp-content\/uploads\/2015\/11\/affichette.jpg\" data-orig-size=\"1748,2480\" data-comments-opened=\"1\" data-image-meta=\"{&quot;aperture&quot;:&quot;0&quot;,&quot;credit&quot;:&quot;&quot;,&quot;camera&quot;:&quot;&quot;,&quot;caption&quot;:&quot;&quot;,&quot;created_timestamp&quot;:&quot;0&quot;,&quot;copyright&quot;:&quot;&quot;,&quot;focal_length&quot;:&quot;0&quot;,&quot;iso&quot;:&quot;0&quot;,&quot;shutter_speed&quot;:&quot;0&quot;,&quot;title&quot;:&quot;&quot;,&quot;orientation&quot;:&quot;0&quot;}\" data-image-title=\"Blateman et Bobine &amp;#8211; La BD\" data-image-description=\"\" data-medium-file=\"https:\/\/i0.wp.com\/blateman-bobine.com\/wp-content\/uploads\/2015\/11\/affichette.jpg?fit=211%2C300&#038;ssl=1\" data-large-file=\"https:\/\/i0.wp.com\/blateman-bobine.com\/wp-content\/uploads\/2015\/11\/affichette.jpg?fit=722%2C1024&#038;ssl=1\" src=\"https:\/\/i0.wp.com\/blateman-bobine.com\/wp-content\/uploads\/2015\/11\/affichette.jpg?w=246&#038;h=349&#038;ssl=1\" width=\"246\" height=\"349\" loading=\"lazy\" data-original-width=\"246\" data-original-height=\"349\" itemprop=\"http:\/\/schema.org\/image\" title=\"Blateman et Bobine - La BD\" alt=\"Blateman et Bobine - La BD\" style=\"width: 246px; height: 349px;\" \/> <\/a> <\/div> <\/div> <!-- close group --> <div class=\"gallery-group images-1\" style=\"width: 250px; height: 353px;\" data-original-width=\"250\" data-original-height=\"353\" > <div class=\"tiled-gallery-item tiled-gallery-item-small\" itemprop=\"associatedMedia\" itemscope itemtype=\"http:\/\/schema.org\/ImageObject\"> <a href=\"https:\/\/blateman-bobine.com\/fr\/blateman-bobine-en-dedicace-a-arlon-16-decembre-2015-belgique\/affichette2\/\" border=\"0\" itemprop=\"url\"> <meta itemprop=\"width\" content=\"246\"> <meta itemprop=\"height\" content=\"349\"> <img decoding=\"async\" class=\"\" data-attachment-id=\"321\" data-orig-file=\"https:\/\/blateman-bobine.com\/wp-content\/uploads\/2015\/11\/affichette2.jpg\" data-orig-size=\"874,1240\" data-comments-opened=\"1\" data-image-meta=\"{&quot;aperture&quot;:&quot;0&quot;,&quot;credit&quot;:&quot;&quot;,&quot;camera&quot;:&quot;&quot;,&quot;caption&quot;:&quot;&quot;,&quot;created_timestamp&quot;:&quot;0&quot;,&quot;copyright&quot;:&quot;&quot;,&quot;focal_length&quot;:&quot;0&quot;,&quot;iso&quot;:&quot;0&quot;,&quot;shutter_speed&quot;:&quot;0&quot;,&quot;title&quot;:&quot;&quot;,&quot;orientation&quot;:&quot;0&quot;}\" data-image-title=\"Blateman et Bobine &amp;#8211; La BD\" data-image-description=\"\" data-medium-file=\"https:\/\/i0.wp.com\/blateman-bobine.com\/wp-content\/uploads\/2015\/11\/affichette2.jpg?fit=211%2C300&#038;ssl=1\" data-large-file=\"https:\/\/i0.wp.com\/blateman-bobine.com\/wp-content\/uploads\/2015\/11\/affichette2.jpg?fit=722%2C1024&#038;ssl=1\" src=\"https:\/\/i0.wp.com\/blateman-bobine.com\/wp-content\/uploads\/2015\/11\/affichette2.jpg?w=246&#038;h=349&#038;ssl=1\" width=\"246\" height=\"349\" loading=\"lazy\" data-original-width=\"246\" data-original-height=\"349\" itemprop=\"http:\/\/schema.org\/image\" title=\"Blateman et Bobine - La BD\" alt=\"Blateman et Bobine - La BD\" style=\"width: 246px; height: 349px;\" \/> <\/a> <\/div> <\/div> <!-- close group --> <\/div> <!-- close row --> <\/div>\n<p style=\"text-align:center;\">Copyright \u00a9 Vincent Henin &#8211; Vhenin<br \/>\nand<br \/>\nTarek + Tartamudo for this article<br \/>\nNo reproduction without permission<\/p>\n<p style=\"text-align:center;\"><strong>Vhenin<\/strong><br \/>\n<strong>Portfolio:<\/strong> <a href=\"http:\/\/www.vhenin.be\/\" target=\"_blank\">www.vhenin.be<\/a>\u00a0et <a href=\"http:\/\/www.vincent-henin.be\/\" target=\"_blank\">www.vincent-henin.be<\/a><br \/>\n<strong>Facebook:<\/strong> <a href=\"https:\/\/fr-fr.facebook.com\/vincenthenin.comixillustration\" target=\"_blank\">Vincent Henin Comix Illustration (Vhenin)<br \/>\n<\/a><strong>Blog:<\/strong> <a href=\"http:\/\/www.vhenin.canalblog.com\" target=\"_blank\">www.vhenin.canalblog.com<\/a><br \/>\n<strong>YouTube: <\/strong><a title=\"La cha\u00eene YouTube de Vhenin\" href=\"https:\/\/www.youtube.com\/channel\/UCFgRf_TU8ES5LJNMaKOr8Eg\" target=\"_blank\">La Cha\u00eene de Vhenin <\/a><\/p>\n","protected":false},"excerpt":{"rendered":"<p>Vincent Henin &#8211; Vhenin sera \u00e0 la Biblioth\u00e8que Communale d&rsquo;Arlon\u00a0(Belgique): \u2022 Quand? le 16 d\u00e9cembre 2015 de 13h30 \u00e0 17h00 \u2022 O\u00f9? Biblioth\u00e8que et Ludoth\u00e8que d&rsquo;Arlon,\u00a0Parc des Expositions 5, 6700 Arlon (Belgique) L&rsquo;auteur\u00a0sera l\u00e0 pour la Premi\u00e8re de sa nouvelle BD car celle-ci sort officiellement quelques jours avant! D\u00e9dicace et pr\u00e9sentation du nouvel album de [&hellip;]<\/p>\n","protected":false},"author":74241772,"featured_media":329,"comment_status":"open","ping_status":"open","sticky":false,"template":"","format":"standard","meta":{"_coblocks_attr":"","_coblocks_dimensions":"","_coblocks_responsive_height":"","_coblocks_accordion_ie_support":"","_crdt_document":"","advanced_seo_description":"","jetpack_seo_html_title":"","jetpack_seo_noindex":false,"_jetpack_newsletter_access":"","_jetpack_dont_email_post_to_subs":false,"_jetpack_newsletter_tier_id":0,"_jetpack_memberships_contains_paywalled_content":false,"_jetpack_memberships_contains_paid_content":false,"footnotes":"","jetpack_publicize_message":"","jetpack_publicize_feature_enabled":true,"jetpack_social_post_already_shared":false,"jetpack_social_options":{"image_generator_settings":{"template":"highway","default_image_id":0,"font":"","enabled":false},"version":2},"_wpas_customize_per_network":false,"jetpack_post_was_ever_published":false},"categories":[1223035],"tags":[44670,21752,263100701,3883569,35,346062291,1202233,2501987,39123,3968362,299480777],"class_list":["post-299","post","type-post","status-publish","format-standard","has-post-thumbnail","hentry","category-dedicaces","tag-bande-dessinee","tag-bd","tag-blateman","tag-comics-book","tag-humour","tag-loindetout","tag-monstres","tag-planche","tag-super-heros","tag-tarek","tag-vhenin"],"jetpack_publicize_connections":[],"jetpack_featured_media_url":"https:\/\/i0.wp.com\/blateman-bobine.com\/wp-content\/uploads\/2015\/11\/fin_infos_2.png?fit=1024%2C576&ssl=1","jetpack_likes_enabled":true,"jetpack_sharing_enabled":true,"jetpack_shortlink":"https:\/\/wp.me\/p4LVhx-4P","jetpack-related-posts":[{"id":430,"url":"https:\/\/blateman-bobine.com\/fr\/souvenirs-de-la-dedicace-blateman-bobine-a-la-bibliotheque-darlon\/","url_meta":{"origin":299,"position":0},"title":"Souvenirs de la D\u00e9dicace \u00ab\u00a0Blateman &amp; Bobine\u00a0\u00bb \u00e0 la biblioth\u00e8que d&rsquo;Arlon","author":"Vhenin","date":"22 d\u00e9cembre 2015","format":false,"excerpt":"Mine de rien, quelque 25-30\u00a0BD d\u00e9dicac\u00e9es (!) en 4 heures de temps et des chouettes rencontres! Les enfants \u00e9taient attir\u00e9s par la BD. L'un d'eux m'a demand\u00e9 en me quittant: \"C'est quand que vous faites la deuxi\u00e8me..?\" \u00e7a fait plaisir \u00e0 entendre, je vous jure!.. Merci \u00e0\u00a0tout le personnel\u00a0de la\u2026","rel":"","context":"Dans &quot;D\u00e9dicaces&quot;","block_context":{"text":"D\u00e9dicaces","link":"https:\/\/blateman-bobine.com\/fr\/category\/dedicaces\/"},"img":{"alt_text":"","src":"https:\/\/i0.wp.com\/blateman-bobine.com\/wp-content\/uploads\/2015\/12\/une_dedicace_arlon_blateman_bobine.png?fit=1000%2C666&ssl=1&resize=350%2C200","width":350,"height":200,"srcset":"https:\/\/i0.wp.com\/blateman-bobine.com\/wp-content\/uploads\/2015\/12\/une_dedicace_arlon_blateman_bobine.png?fit=1000%2C666&ssl=1&resize=350%2C200 1x, https:\/\/i0.wp.com\/blateman-bobine.com\/wp-content\/uploads\/2015\/12\/une_dedicace_arlon_blateman_bobine.png?fit=1000%2C666&ssl=1&resize=525%2C300 1.5x, https:\/\/i0.wp.com\/blateman-bobine.com\/wp-content\/uploads\/2015\/12\/une_dedicace_arlon_blateman_bobine.png?fit=1000%2C666&ssl=1&resize=700%2C400 2x"},"classes":[]},{"id":364,"url":"https:\/\/blateman-bobine.com\/fr\/blateman-bobine-en-dedicace-au-festival-sobd-paris\/","url_meta":{"origin":299,"position":1},"title":"Blateman &amp; Bobine en D\u00e9dicace au Festival SoBD (Paris)","author":"Vhenin","date":"29 novembre 2015","format":false,"excerpt":"Vhenin\u00a0et Tarek seront au stand\u00a0de l'\u00e9diteur Tartamudo lors du festival SoBD, salon de la BD de Paris: \u2022 Quand? les 4, 5 et 6\u00a0d\u00e9cembre 2015 de 15h \u00e0 19h, le vendredi et de 11h \u00e0 19h\u00a0les autres jours \u2022 O\u00f9? Halle des Blancs Manteaux, 48 rue Vieille du Temple, Paris\u2026","rel":"","context":"Dans &quot;D\u00e9dicaces&quot;","block_context":{"text":"D\u00e9dicaces","link":"https:\/\/blateman-bobine.com\/fr\/category\/dedicaces\/"},"img":{"alt_text":"","src":"https:\/\/i0.wp.com\/blateman-bobine.com\/wp-content\/uploads\/2015\/11\/flyer-sobd-recto_tarek_vhenin.jpg?fit=848%2C1200&ssl=1&resize=350%2C200","width":350,"height":200,"srcset":"https:\/\/i0.wp.com\/blateman-bobine.com\/wp-content\/uploads\/2015\/11\/flyer-sobd-recto_tarek_vhenin.jpg?fit=848%2C1200&ssl=1&resize=350%2C200 1x, https:\/\/i0.wp.com\/blateman-bobine.com\/wp-content\/uploads\/2015\/11\/flyer-sobd-recto_tarek_vhenin.jpg?fit=848%2C1200&ssl=1&resize=525%2C300 1.5x, https:\/\/i0.wp.com\/blateman-bobine.com\/wp-content\/uploads\/2015\/11\/flyer-sobd-recto_tarek_vhenin.jpg?fit=848%2C1200&ssl=1&resize=700%2C400 2x"},"classes":[]},{"id":991,"url":"https:\/\/blateman-bobine.com\/fr\/blateman-bobine-en-dedicace-a-waterloo-belgique-ce-5-fevrier\/","url_meta":{"origin":299,"position":2},"title":"Blateman &amp; Bobine en d\u00e9dicace \u00e0 Waterloo (Belgique) ce 5 f\u00e9vrier","author":"Vhenin","date":"4 f\u00e9vrier 2017","format":false,"excerpt":"Dans le cadre de l'exposition '20 ans de BD \u00e0 Waterloo'. Mes Voyages d'Alix (sign\u00e9 sous 'Vincent Henin') et Blateman & Bobine ('Vhenin') y sont expos\u00e9s... Vhenin Portfolio: www.vhenin.be Facebook: Vincent Henin Comix Illustration (Vhenin) Le Blog de Vhenin: Le Blog de Vhenin YouTube: La Cha\u00eene de Vhenin","rel":"","context":"Dans &quot;D\u00e9dicaces&quot;","block_context":{"text":"D\u00e9dicaces","link":"https:\/\/blateman-bobine.com\/fr\/category\/dedicaces\/"},"img":{"alt_text":"","src":"https:\/\/i0.wp.com\/blateman-bobine.com\/wp-content\/uploads\/2017\/12\/p1860755.jpg?fit=1024%2C684&ssl=1&resize=350%2C200","width":350,"height":200,"srcset":"https:\/\/i0.wp.com\/blateman-bobine.com\/wp-content\/uploads\/2017\/12\/p1860755.jpg?fit=1024%2C684&ssl=1&resize=350%2C200 1x, https:\/\/i0.wp.com\/blateman-bobine.com\/wp-content\/uploads\/2017\/12\/p1860755.jpg?fit=1024%2C684&ssl=1&resize=525%2C300 1.5x, https:\/\/i0.wp.com\/blateman-bobine.com\/wp-content\/uploads\/2017\/12\/p1860755.jpg?fit=1024%2C684&ssl=1&resize=700%2C400 2x"},"classes":[]},{"id":397,"url":"https:\/\/blateman-bobine.com\/fr\/souvenirs-de-la-dedicace-blateman-bobine-a-sobd-2015-salon-de-la-bd-a-paris\/","url_meta":{"origin":299,"position":3},"title":"Souvenirs de la D\u00e9dicace \u00ab\u00a0Blateman &amp; Bobine\u00a0\u00bb \u00e0 SoBD 2015 &#8211; salon de la BD \u00e0 Paris","author":"Vhenin","date":"7 d\u00e9cembre 2015","format":false,"excerpt":"Merci \u00e0 tous d'\u00eatre venus nous voir et bavarder avec nous au stand Tartamudo le week-end des 4, 5 et 6 d\u00e9cembre. Tarek et moi avions le plaisir d'\u00eatre en compagnie d'autres Tartamudois (Tartumud\u00e9ens?): Vincent Pompetti Jos\u00e9 Jover Rodolphe Merci \u00e0 Martine pour sa gentillesse et son support tout au\u2026","rel":"","context":"Dans &quot;D\u00e9dicaces&quot;","block_context":{"text":"D\u00e9dicaces","link":"https:\/\/blateman-bobine.com\/fr\/category\/dedicaces\/"},"img":{"alt_text":"","src":"https:\/\/i0.wp.com\/blateman-bobine.com\/wp-content\/uploads\/2015\/12\/dsc_0091.jpg?fit=1200%2C800&ssl=1&resize=350%2C200","width":350,"height":200,"srcset":"https:\/\/i0.wp.com\/blateman-bobine.com\/wp-content\/uploads\/2015\/12\/dsc_0091.jpg?fit=1200%2C800&ssl=1&resize=350%2C200 1x, https:\/\/i0.wp.com\/blateman-bobine.com\/wp-content\/uploads\/2015\/12\/dsc_0091.jpg?fit=1200%2C800&ssl=1&resize=525%2C300 1.5x, https:\/\/i0.wp.com\/blateman-bobine.com\/wp-content\/uploads\/2015\/12\/dsc_0091.jpg?fit=1200%2C800&ssl=1&resize=700%2C400 2x, https:\/\/i0.wp.com\/blateman-bobine.com\/wp-content\/uploads\/2015\/12\/dsc_0091.jpg?fit=1200%2C800&ssl=1&resize=1050%2C600 3x"},"classes":[]},{"id":677,"url":"https:\/\/blateman-bobine.com\/fr\/blateman-bobine-en-dedicace-a-la-fete-de-la-bd-de-bruxelles\/","url_meta":{"origin":299,"position":4},"title":"Blateman &amp; Bobine en d\u00e9dicace \u00e0 la F\u00eate de la BD de Bruxelles","author":"Vhenin","date":"28 ao\u00fbt 2016","format":false,"excerpt":"Venez les rencontrer \u00e0 la F\u00eate de la BD de Bruxelles le weekend du 2, 3 et 4 septembre prochains... Je d\u00e9dicace \"Blateman & Bobine \u00e0 Loindetout\" (et aussi mes BD sous le nom de Vincent Henin,\"Les Voyages d'Alix\")... Venez d\u00e9couvrir deux univers \u00e0 part, deux facettes de mon dessin\u2026","rel":"","context":"Dans &quot;D\u00e9dicaces&quot;","block_context":{"text":"D\u00e9dicaces","link":"https:\/\/blateman-bobine.com\/fr\/category\/dedicaces\/"},"img":{"alt_text":"","src":"https:\/\/i0.wp.com\/blateman-bobine.com\/wp-content\/uploads\/2016\/08\/annonce_fete_bd_bxl_2016.jpg?fit=900%2C862&ssl=1&resize=350%2C200","width":350,"height":200,"srcset":"https:\/\/i0.wp.com\/blateman-bobine.com\/wp-content\/uploads\/2016\/08\/annonce_fete_bd_bxl_2016.jpg?fit=900%2C862&ssl=1&resize=350%2C200 1x, https:\/\/i0.wp.com\/blateman-bobine.com\/wp-content\/uploads\/2016\/08\/annonce_fete_bd_bxl_2016.jpg?fit=900%2C862&ssl=1&resize=525%2C300 1.5x, https:\/\/i0.wp.com\/blateman-bobine.com\/wp-content\/uploads\/2016\/08\/annonce_fete_bd_bxl_2016.jpg?fit=900%2C862&ssl=1&resize=700%2C400 2x"},"classes":[]},{"id":749,"url":"https:\/\/blateman-bobine.com\/fr\/souvenirs-de-la-fete-de-la-bd-de-bruxelles\/","url_meta":{"origin":299,"position":5},"title":"Souvenirs de la F\u00eate de la BD de Bruxelles","author":"Vhenin","date":"23 septembre 2016","format":false,"excerpt":"C'\u00e9tait les 3 et 4 septembre derniers. Une excellente \u00e9dition de ce Festival international tenu dans le somptueux cadre du parc de Bruxelles, en face du Palais Royal. La Blatte et son assistant \u00e0 la tignasse jaune \u00e9taient l\u00e0 en force! \"Blateman & Bobine\" (sous le pseudo de 'Vhenin') a\u2026","rel":"","context":"Dans &quot;D\u00e9dicaces&quot;","block_context":{"text":"D\u00e9dicaces","link":"https:\/\/blateman-bobine.com\/fr\/category\/dedicaces\/"},"img":{"alt_text":"","src":"https:\/\/i0.wp.com\/blateman-bobine.com\/wp-content\/uploads\/2016\/09\/blateman_bobine_super_heros_fete_bd_bruxelles_web.jpg?fit=600%2C848&ssl=1&resize=350%2C200","width":350,"height":200,"srcset":"https:\/\/i0.wp.com\/blateman-bobine.com\/wp-content\/uploads\/2016\/09\/blateman_bobine_super_heros_fete_bd_bruxelles_web.jpg?fit=600%2C848&ssl=1&resize=350%2C200 1x, https:\/\/i0.wp.com\/blateman-bobine.com\/wp-content\/uploads\/2016\/09\/blateman_bobine_super_heros_fete_bd_bruxelles_web.jpg?fit=600%2C848&ssl=1&resize=525%2C300 1.5x"},"classes":[]}],"_links":{"self":[{"href":"https:\/\/blateman-bobine.com\/fr\/wp-json\/wp\/v2\/posts\/299","targetHints":{"allow":["GET"]}}],"collection":[{"href":"https:\/\/blateman-bobine.com\/fr\/wp-json\/wp\/v2\/posts"}],"about":[{"href":"https:\/\/blateman-bobine.com\/fr\/wp-json\/wp\/v2\/types\/post"}],"author":[{"embeddable":true,"href":"https:\/\/blateman-bobine.com\/fr\/wp-json\/wp\/v2\/users\/74241772"}],"replies":[{"embeddable":true,"href":"https:\/\/blateman-bobine.com\/fr\/wp-json\/wp\/v2\/comments?post=299"}],"version-history":[{"count":25,"href":"https:\/\/blateman-bobine.com\/fr\/wp-json\/wp\/v2\/posts\/299\/revisions"}],"predecessor-version":[{"id":330,"href":"https:\/\/blateman-bobine.com\/fr\/wp-json\/wp\/v2\/posts\/299\/revisions\/330"}],"wp:featuredmedia":[{"embeddable":true,"href":"https:\/\/blateman-bobine.com\/fr\/wp-json\/wp\/v2\/media\/329"}],"wp:attachment":[{"href":"https:\/\/blateman-bobine.com\/fr\/wp-json\/wp\/v2\/media?parent=299"}],"wp:term":[{"taxonomy":"category","embeddable":true,"href":"https:\/\/blateman-bobine.com\/fr\/wp-json\/wp\/v2\/categories?post=299"},{"taxonomy":"post_tag","embeddable":true,"href":"https:\/\/blateman-bobine.com\/fr\/wp-json\/wp\/v2\/tags?post=299"}],"curies":[{"name":"wp","href":"https:\/\/api.w.org\/{rel}","templated":true}]}}