{"id":332,"date":"2015-11-25T13:42:36","date_gmt":"2015-11-25T12:42:36","guid":{"rendered":"https:\/\/blateman-bobine.com\/fr\/?p=332"},"modified":"2015-11-25T13:42:36","modified_gmt":"2015-11-25T12:42:36","slug":"le-dessinateur-vhenin-presente-sa-nouvelle-bd-blateman-bobine","status":"publish","type":"post","link":"https:\/\/blateman-bobine.com\/fr\/le-dessinateur-vhenin-presente-sa-nouvelle-bd-blateman-bobine\/","title":{"rendered":"Le dessinateur Vhenin pr\u00e9sente sa nouvelle BD \u00ab\u00a0Blateman &amp; Bobine\u00a0\u00bb"},"content":{"rendered":"<p>Bonjour,<\/p>\n<p>Voici une petite vid\u00e9o o\u00f9 je pr\u00e9sente la BD \u00ab\u00a0<strong>Blateman &amp; Bobine<\/strong>\u00a0\u00bb et moi-m\u00eame\u00a0pour ceux qui ne me connaissent pas encore.<\/p>\n<p>La BD sort le <strong>10 d\u00e9cembre 2015<\/strong>.<\/p>\n<p>On se voit bient\u00f4t dans un festival ou chez un libraire ;-)<\/p>\n<span class=\"embed-youtube\" style=\"text-align:center; display: block;\"><iframe loading=\"lazy\" class=\"youtube-player\" width=\"560\" height=\"315\" src=\"https:\/\/www.youtube.com\/embed\/br0rFUBa63U?version=3&#038;rel=1&#038;showsearch=0&#038;showinfo=1&#038;iv_load_policy=1&#038;fs=1&#038;hl=fr-FR&#038;autohide=2&#038;wmode=transparent\" allowfullscreen=\"true\" style=\"border:0;\" sandbox=\"allow-scripts allow-same-origin allow-popups allow-presentation allow-popups-to-escape-sandbox\"><\/iframe><\/span>\n<h6 style=\"text-align:center;\">Copyright \u00a9 Vincent Henin &#8211; Vhenin<br \/>\nand<br \/>\nTarek + Tartamudo for this article<br \/>\nNo reproduction without permission<\/h6>\n<p style=\"text-align:center;\"><strong>Vhenin<\/strong><br \/>\n<strong>Portfolio:<\/strong> <a href=\"http:\/\/www.vhenin.be\/\" target=\"_blank\">www.vhenin.be<\/a>\u00a0et <a href=\"http:\/\/www.vincent-henin.be\/\" target=\"_blank\">www.vincent-henin.be<\/a><br \/>\n<strong>Facebook:<\/strong> <a href=\"https:\/\/fr-fr.facebook.com\/vincenthenin.comixillustration\" target=\"_blank\">Vincent Henin Comix Illustration (Vhenin)<br \/>\n<\/a><strong>Blog:<\/strong> <a href=\"http:\/\/www.vhenin.canalblog.com\" target=\"_blank\">www.vhenin.canalblog.com<\/a><br \/>\n<strong>YouTube: <\/strong><a title=\"La cha\u00eene YouTube de Vhenin\" href=\"https:\/\/www.youtube.com\/channel\/UCFgRf_TU8ES5LJNMaKOr8Eg\" target=\"_blank\">La Cha\u00eene de Vhenin <\/a><\/p>\n","protected":false},"excerpt":{"rendered":"<p>Bonjour, Voici une petite vid\u00e9o o\u00f9 je pr\u00e9sente la BD \u00ab\u00a0Blateman &amp; Bobine\u00a0\u00bb et moi-m\u00eame\u00a0pour ceux qui ne me connaissent pas encore. La BD sort le 10 d\u00e9cembre 2015. On se voit bient\u00f4t dans un festival ou chez un libraire ;-) Copyright \u00a9 Vincent Henin &#8211; Vhenin and Tarek + Tartamudo for this article No [&hellip;]<\/p>\n","protected":false},"author":74241772,"featured_media":345,"comment_status":"open","ping_status":"open","sticky":false,"template":"","format":"standard","meta":{"_coblocks_attr":"","_coblocks_dimensions":"","_coblocks_responsive_height":"","_coblocks_accordion_ie_support":"","_crdt_document":"","advanced_seo_description":"","jetpack_seo_html_title":"","jetpack_seo_noindex":false,"_jetpack_newsletter_access":"","_jetpack_dont_email_post_to_subs":false,"_jetpack_newsletter_tier_id":0,"_jetpack_memberships_contains_paywalled_content":false,"_jetpack_memberships_contains_paid_content":false,"footnotes":"","jetpack_publicize_message":"","jetpack_publicize_feature_enabled":true,"jetpack_social_post_already_shared":false,"jetpack_social_options":{"image_generator_settings":{"template":"highway","default_image_id":0,"font":"","enabled":false},"version":2},"_wpas_customize_per_network":false,"jetpack_post_was_ever_published":false},"categories":[412],"tags":[14226,44670,263100701,1338044,35,346062291,39123,3968362,346062304,299480777],"class_list":["post-332","post","type-post","status-publish","format-standard","has-post-thumbnail","hentry","category-video","tag-aventure","tag-bande-dessinee","tag-blateman","tag-bobine","tag-humour","tag-loindetout","tag-super-heros","tag-tarek","tag-tome_1","tag-vhenin"],"jetpack_publicize_connections":[],"jetpack_featured_media_url":"https:\/\/i0.wp.com\/blateman-bobine.com\/wp-content\/uploads\/2015\/11\/exemple_apparition_nom.jpg?fit=655%2C361&ssl=1","jetpack_likes_enabled":true,"jetpack_sharing_enabled":true,"jetpack_shortlink":"https:\/\/wp.me\/p4LVhx-5m","jetpack-related-posts":[{"id":349,"url":"https:\/\/blateman-bobine.com\/fr\/timelapse-01-blateman-bobine-a-loindetout-la-sorciere\/","url_meta":{"origin":332,"position":0},"title":"TIMELAPSE VIDEO &#8211; \u00ab\u00a0Blateman &amp; Bobine &#8211; Zombie-Attack!\u00a0\u00bb \/\/ La Sorci\u00e8re\u00a0\u00bb","author":"Vhenin","date":"16 janvier 2015","format":false,"excerpt":"Comment se construit une case? Quelles sont les \u00e9tapes? Quelques images valent mieux qu'un long discours! Enjoy! Timelapse BD \"Blateman & Bobine 01\" -Vhenin \/ Tarek Le lien vers la vid\u00e9o sur ma cha\u00eene YouTube: https:\/\/www.youtube.com\/watch?v=utcLsZMj0ZQ Copyright \u00a9 Vincent Henin - Vhenin and Tarek + Tartamudo for this article No\u2026","rel":"","context":"Dans &quot;Vid\u00e9o&quot;","block_context":{"text":"Vid\u00e9o","link":"https:\/\/blateman-bobine.com\/fr\/category\/video\/"},"img":{"alt_text":"","src":"https:\/\/i0.wp.com\/blateman-bobine.com\/wp-content\/uploads\/2024\/10\/462691224_10235738599505187_5836826645977011765_n.jpg?fit=939%2C1200&ssl=1&resize=350%2C200","width":350,"height":200,"srcset":"https:\/\/i0.wp.com\/blateman-bobine.com\/wp-content\/uploads\/2024\/10\/462691224_10235738599505187_5836826645977011765_n.jpg?fit=939%2C1200&ssl=1&resize=350%2C200 1x, https:\/\/i0.wp.com\/blateman-bobine.com\/wp-content\/uploads\/2024\/10\/462691224_10235738599505187_5836826645977011765_n.jpg?fit=939%2C1200&ssl=1&resize=525%2C300 1.5x, https:\/\/i0.wp.com\/blateman-bobine.com\/wp-content\/uploads\/2024\/10\/462691224_10235738599505187_5836826645977011765_n.jpg?fit=939%2C1200&ssl=1&resize=700%2C400 2x"},"classes":[]},{"id":299,"url":"https:\/\/blateman-bobine.com\/fr\/blateman-bobine-en-dedicace-a-arlon-16-decembre-2015-belgique\/","url_meta":{"origin":332,"position":1},"title":"Blateman &amp; Bobine en D\u00e9dicace \u00e0 ARLON  (Belgique) &#8211; 16 d\u00e9cembre 2015","author":"Vhenin","date":"21 novembre 2015","format":false,"excerpt":"Vincent Henin - Vhenin sera \u00e0 la Biblioth\u00e8que Communale d'Arlon\u00a0(Belgique): \u2022 Quand? le 16 d\u00e9cembre 2015 de 13h30 \u00e0 17h00 \u2022 O\u00f9? Biblioth\u00e8que et Ludoth\u00e8que d'Arlon,\u00a0Parc des Expositions 5, 6700 Arlon (Belgique) L'auteur\u00a0sera l\u00e0 pour la Premi\u00e8re de sa nouvelle BD car celle-ci sort officiellement quelques jours avant! D\u00e9dicace et\u2026","rel":"","context":"Dans &quot;D\u00e9dicaces&quot;","block_context":{"text":"D\u00e9dicaces","link":"https:\/\/blateman-bobine.com\/fr\/category\/dedicaces\/"},"img":{"alt_text":"","src":"https:\/\/i0.wp.com\/blateman-bobine.com\/wp-content\/uploads\/2015\/11\/fin_infos_2.png?fit=1024%2C576&ssl=1&resize=350%2C200","width":350,"height":200,"srcset":"https:\/\/i0.wp.com\/blateman-bobine.com\/wp-content\/uploads\/2015\/11\/fin_infos_2.png?fit=1024%2C576&ssl=1&resize=350%2C200 1x, https:\/\/i0.wp.com\/blateman-bobine.com\/wp-content\/uploads\/2015\/11\/fin_infos_2.png?fit=1024%2C576&ssl=1&resize=525%2C300 1.5x, https:\/\/i0.wp.com\/blateman-bobine.com\/wp-content\/uploads\/2015\/11\/fin_infos_2.png?fit=1024%2C576&ssl=1&resize=700%2C400 2x"},"classes":[]},{"id":697,"url":"https:\/\/blateman-bobine.com\/fr\/souvenirs-du-festival-abracadabulles-dolonne-sur-mer\/","url_meta":{"origin":332,"position":2},"title":"Souvenirs du Festival ABRACADABULLES d&rsquo;Olonne-sur-Mer","author":"Vhenin","date":"16 septembre 2016","format":false,"excerpt":"Tarek et Vhenin \u00e9taient pr\u00e9sents \u00e0 la 17e \u00e9dition de Festival BD d'Olonne-sur-mer \"ABRACADABULLES\". Blateman et Bobine sculpt\u00e9s en ballons par Lucky Benji - sculpteur de ballons. Des tr\u00e8s chouettes rencontres, une organisation au top et des b\u00e9n\u00e9voles d\u00e9vou\u00e9s au maximum ! What else ?! Copyright Photos \u00a9 Khushboo Bhagat\u2026","rel":"","context":"Dans &quot;D\u00e9dicaces&quot;","block_context":{"text":"D\u00e9dicaces","link":"https:\/\/blateman-bobine.com\/fr\/category\/dedicaces\/"},"img":{"alt_text":"","src":"https:\/\/i0.wp.com\/blateman-bobine.com\/wp-content\/uploads\/2016\/09\/blateman_bobine_abracadabulles-2016-11.jpg?fit=800%2C1200&ssl=1&resize=350%2C200","width":350,"height":200,"srcset":"https:\/\/i0.wp.com\/blateman-bobine.com\/wp-content\/uploads\/2016\/09\/blateman_bobine_abracadabulles-2016-11.jpg?fit=800%2C1200&ssl=1&resize=350%2C200 1x, https:\/\/i0.wp.com\/blateman-bobine.com\/wp-content\/uploads\/2016\/09\/blateman_bobine_abracadabulles-2016-11.jpg?fit=800%2C1200&ssl=1&resize=525%2C300 1.5x, https:\/\/i0.wp.com\/blateman-bobine.com\/wp-content\/uploads\/2016\/09\/blateman_bobine_abracadabulles-2016-11.jpg?fit=800%2C1200&ssl=1&resize=700%2C400 2x"},"classes":[]},{"id":991,"url":"https:\/\/blateman-bobine.com\/fr\/blateman-bobine-en-dedicace-a-waterloo-belgique-ce-5-fevrier\/","url_meta":{"origin":332,"position":3},"title":"Blateman &amp; Bobine en d\u00e9dicace \u00e0 Waterloo (Belgique) ce 5 f\u00e9vrier","author":"Vhenin","date":"4 f\u00e9vrier 2017","format":false,"excerpt":"Dans le cadre de l'exposition '20 ans de BD \u00e0 Waterloo'. Mes Voyages d'Alix (sign\u00e9 sous 'Vincent Henin') et Blateman & Bobine ('Vhenin') y sont expos\u00e9s... Vhenin Portfolio: www.vhenin.be Facebook: Vincent Henin Comix Illustration (Vhenin) Le Blog de Vhenin: Le Blog de Vhenin YouTube: La Cha\u00eene de Vhenin","rel":"","context":"Dans &quot;D\u00e9dicaces&quot;","block_context":{"text":"D\u00e9dicaces","link":"https:\/\/blateman-bobine.com\/fr\/category\/dedicaces\/"},"img":{"alt_text":"","src":"https:\/\/i0.wp.com\/blateman-bobine.com\/wp-content\/uploads\/2017\/12\/p1860755.jpg?fit=1024%2C684&ssl=1&resize=350%2C200","width":350,"height":200,"srcset":"https:\/\/i0.wp.com\/blateman-bobine.com\/wp-content\/uploads\/2017\/12\/p1860755.jpg?fit=1024%2C684&ssl=1&resize=350%2C200 1x, https:\/\/i0.wp.com\/blateman-bobine.com\/wp-content\/uploads\/2017\/12\/p1860755.jpg?fit=1024%2C684&ssl=1&resize=525%2C300 1.5x, https:\/\/i0.wp.com\/blateman-bobine.com\/wp-content\/uploads\/2017\/12\/p1860755.jpg?fit=1024%2C684&ssl=1&resize=700%2C400 2x"},"classes":[]},{"id":364,"url":"https:\/\/blateman-bobine.com\/fr\/blateman-bobine-en-dedicace-au-festival-sobd-paris\/","url_meta":{"origin":332,"position":4},"title":"Blateman &amp; Bobine en D\u00e9dicace au Festival SoBD (Paris)","author":"Vhenin","date":"29 novembre 2015","format":false,"excerpt":"Vhenin\u00a0et Tarek seront au stand\u00a0de l'\u00e9diteur Tartamudo lors du festival SoBD, salon de la BD de Paris: \u2022 Quand? les 4, 5 et 6\u00a0d\u00e9cembre 2015 de 15h \u00e0 19h, le vendredi et de 11h \u00e0 19h\u00a0les autres jours \u2022 O\u00f9? Halle des Blancs Manteaux, 48 rue Vieille du Temple, Paris\u2026","rel":"","context":"Dans &quot;D\u00e9dicaces&quot;","block_context":{"text":"D\u00e9dicaces","link":"https:\/\/blateman-bobine.com\/fr\/category\/dedicaces\/"},"img":{"alt_text":"","src":"https:\/\/i0.wp.com\/blateman-bobine.com\/wp-content\/uploads\/2015\/11\/flyer-sobd-recto_tarek_vhenin.jpg?fit=848%2C1200&ssl=1&resize=350%2C200","width":350,"height":200,"srcset":"https:\/\/i0.wp.com\/blateman-bobine.com\/wp-content\/uploads\/2015\/11\/flyer-sobd-recto_tarek_vhenin.jpg?fit=848%2C1200&ssl=1&resize=350%2C200 1x, https:\/\/i0.wp.com\/blateman-bobine.com\/wp-content\/uploads\/2015\/11\/flyer-sobd-recto_tarek_vhenin.jpg?fit=848%2C1200&ssl=1&resize=525%2C300 1.5x, https:\/\/i0.wp.com\/blateman-bobine.com\/wp-content\/uploads\/2015\/11\/flyer-sobd-recto_tarek_vhenin.jpg?fit=848%2C1200&ssl=1&resize=700%2C400 2x"},"classes":[]},{"id":257,"url":"https:\/\/blateman-bobine.com\/fr\/timelapse-video-blateman-bobine-a-loindetout-blateman-in-the-sky\/","url_meta":{"origin":332,"position":5},"title":"TIMELAPSE VIDEO &#8211; \u00ab\u00a0Blateman &amp; Bobine &#8211; Zombie-Attack!\u00a0\u00bb \/\/ Blateman in the sky","author":"Vhenin","date":"16 octobre 2015","format":false,"excerpt":"Les Beatles chantaient 'Lucy in the sky with diamonds'... Je chante 'Blateman in the sky with... with...' je sais pas quoi d'ailleurs! Voici un TimeLapse plus \u00e9labor\u00e9 et plus complet que le premier. Blateman se d\u00e9voile petit \u00e0 petit. Enjoy! Le prochain TimeLapse sera avec Bobine... Promis! Timelapse 02 BD\u2026","rel":"","context":"Dans &quot;Vid\u00e9o&quot;","block_context":{"text":"Vid\u00e9o","link":"https:\/\/blateman-bobine.com\/fr\/category\/video\/"},"img":{"alt_text":"","src":"https:\/\/i0.wp.com\/blateman-bobine.com\/wp-content\/uploads\/2024\/10\/462691224_10235738599505187_5836826645977011765_n.jpg?fit=939%2C1200&ssl=1&resize=350%2C200","width":350,"height":200,"srcset":"https:\/\/i0.wp.com\/blateman-bobine.com\/wp-content\/uploads\/2024\/10\/462691224_10235738599505187_5836826645977011765_n.jpg?fit=939%2C1200&ssl=1&resize=350%2C200 1x, https:\/\/i0.wp.com\/blateman-bobine.com\/wp-content\/uploads\/2024\/10\/462691224_10235738599505187_5836826645977011765_n.jpg?fit=939%2C1200&ssl=1&resize=525%2C300 1.5x, https:\/\/i0.wp.com\/blateman-bobine.com\/wp-content\/uploads\/2024\/10\/462691224_10235738599505187_5836826645977011765_n.jpg?fit=939%2C1200&ssl=1&resize=700%2C400 2x"},"classes":[]}],"_links":{"self":[{"href":"https:\/\/blateman-bobine.com\/fr\/wp-json\/wp\/v2\/posts\/332","targetHints":{"allow":["GET"]}}],"collection":[{"href":"https:\/\/blateman-bobine.com\/fr\/wp-json\/wp\/v2\/posts"}],"about":[{"href":"https:\/\/blateman-bobine.com\/fr\/wp-json\/wp\/v2\/types\/post"}],"author":[{"embeddable":true,"href":"https:\/\/blateman-bobine.com\/fr\/wp-json\/wp\/v2\/users\/74241772"}],"replies":[{"embeddable":true,"href":"https:\/\/blateman-bobine.com\/fr\/wp-json\/wp\/v2\/comments?post=332"}],"version-history":[{"count":13,"href":"https:\/\/blateman-bobine.com\/fr\/wp-json\/wp\/v2\/posts\/332\/revisions"}],"predecessor-version":[{"id":361,"href":"https:\/\/blateman-bobine.com\/fr\/wp-json\/wp\/v2\/posts\/332\/revisions\/361"}],"wp:featuredmedia":[{"embeddable":true,"href":"https:\/\/blateman-bobine.com\/fr\/wp-json\/wp\/v2\/media\/345"}],"wp:attachment":[{"href":"https:\/\/blateman-bobine.com\/fr\/wp-json\/wp\/v2\/media?parent=332"}],"wp:term":[{"taxonomy":"category","embeddable":true,"href":"https:\/\/blateman-bobine.com\/fr\/wp-json\/wp\/v2\/categories?post=332"},{"taxonomy":"post_tag","embeddable":true,"href":"https:\/\/blateman-bobine.com\/fr\/wp-json\/wp\/v2\/tags?post=332"}],"curies":[{"name":"wp","href":"https:\/\/api.w.org\/{rel}","templated":true}]}}