{"id":397,"date":"2015-12-07T17:11:47","date_gmt":"2015-12-07T16:11:47","guid":{"rendered":"https:\/\/blateman-bobine.com\/fr\/?p=397"},"modified":"2015-12-07T17:11:47","modified_gmt":"2015-12-07T16:11:47","slug":"souvenirs-de-la-dedicace-blateman-bobine-a-sobd-2015-salon-de-la-bd-a-paris","status":"publish","type":"post","link":"https:\/\/blateman-bobine.com\/fr\/souvenirs-de-la-dedicace-blateman-bobine-a-sobd-2015-salon-de-la-bd-a-paris\/","title":{"rendered":"Souvenirs de la D\u00e9dicace \u00ab\u00a0Blateman &amp; Bobine\u00a0\u00bb \u00e0 SoBD 2015 &#8211; salon de la BD \u00e0 Paris"},"content":{"rendered":"<p>Merci \u00e0 tous d&rsquo;\u00eatre venus nous voir et bavarder avec nous au <strong>stand Tartamudo<\/strong> le week-end des 4, 5 et 6 d\u00e9cembre.<\/p>\n<p>Tarek et moi avions le plaisir d&rsquo;\u00eatre en compagnie d&rsquo;autres <em>Tartamudois<\/em> (<em>Tartumud\u00e9ens<\/em>?):<br \/>\n<strong>Vincent Pompetti<\/strong><br \/>\n<strong>Jos\u00e9 Jover<\/strong><br \/>\n<strong>Rodolphe<\/strong><\/p>\n<p>Merci \u00e0 <strong>Martine<\/strong> pour sa gentillesse et son support tout au long du salon.<\/p>\n<p>\u00e0 bient\u00f4t!<\/p>\n<div class=\"tiled-gallery type-rectangular tiled-gallery-unresized\" data-original-width=\"500\" data-carousel-extra='{&quot;blog_id&quot;:1,&quot;permalink&quot;:&quot;https:\\\/\\\/blateman-bobine.com\\\/fr\\\/souvenirs-de-la-dedicace-blateman-bobine-a-sobd-2015-salon-de-la-bd-a-paris\\\/&quot;,&quot;likes_blog_id&quot;:70526955}' itemscope itemtype=\"http:\/\/schema.org\/ImageGallery\" > <div class=\"gallery-row\" style=\"width: 500px; height: 275px;\" data-original-width=\"500\" data-original-height=\"275\" > <div class=\"gallery-group images-3\" style=\"width: 130px; height: 275px;\" data-original-width=\"130\" data-original-height=\"275\" > <div class=\"tiled-gallery-item tiled-gallery-item-small\" itemprop=\"associatedMedia\" itemscope itemtype=\"http:\/\/schema.org\/ImageObject\"> <a href=\"https:\/\/blateman-bobine.com\/fr\/souvenirs-de-la-dedicace-blateman-bobine-a-sobd-2015-salon-de-la-bd-a-paris\/dsc_0071\/\" border=\"0\" itemprop=\"url\"> <meta itemprop=\"width\" content=\"126\"> <meta itemprop=\"height\" content=\"95\"> <img decoding=\"async\" class=\"\" data-attachment-id=\"411\" data-orig-file=\"https:\/\/blateman-bobine.com\/wp-content\/uploads\/2015\/12\/dsc_0071.jpg\" data-orig-size=\"1000,754\" data-comments-opened=\"1\" data-image-meta=\"{&quot;aperture&quot;:&quot;0&quot;,&quot;credit&quot;:&quot;&quot;,&quot;camera&quot;:&quot;&quot;,&quot;caption&quot;:&quot;&quot;,&quot;created_timestamp&quot;:&quot;0&quot;,&quot;copyright&quot;:&quot;&quot;,&quot;focal_length&quot;:&quot;0&quot;,&quot;iso&quot;:&quot;0&quot;,&quot;shutter_speed&quot;:&quot;0&quot;,&quot;title&quot;:&quot;&quot;,&quot;orientation&quot;:&quot;0&quot;}\" data-image-title=\"Salon de la BD \u00e0 Paris\" data-image-description=\"\" data-medium-file=\"https:\/\/i0.wp.com\/blateman-bobine.com\/wp-content\/uploads\/2015\/12\/dsc_0071.jpg?fit=300%2C226&#038;ssl=1\" data-large-file=\"https:\/\/i0.wp.com\/blateman-bobine.com\/wp-content\/uploads\/2015\/12\/dsc_0071.jpg?fit=1000%2C754&#038;ssl=1\" src=\"https:\/\/i0.wp.com\/blateman-bobine.com\/wp-content\/uploads\/2015\/12\/dsc_0071.jpg?w=126&#038;h=95&#038;ssl=1\" width=\"126\" height=\"95\" loading=\"lazy\" data-original-width=\"126\" data-original-height=\"95\" itemprop=\"http:\/\/schema.org\/image\" title=\"Salon de la BD \u00e0 Paris\" alt=\"Salon de la BD \u00e0 Paris\" style=\"width: 126px; height: 95px;\" \/> <\/a> <\/div> <div class=\"tiled-gallery-item tiled-gallery-item-small\" itemprop=\"associatedMedia\" itemscope itemtype=\"http:\/\/schema.org\/ImageObject\"> <a href=\"https:\/\/blateman-bobine.com\/fr\/souvenirs-de-la-dedicace-blateman-bobine-a-sobd-2015-salon-de-la-bd-a-paris\/dsc_0074\/\" border=\"0\" itemprop=\"url\"> <meta itemprop=\"width\" content=\"126\"> <meta itemprop=\"height\" content=\"84\"> <img decoding=\"async\" class=\"\" data-attachment-id=\"422\" data-orig-file=\"https:\/\/blateman-bobine.com\/wp-content\/uploads\/2015\/12\/dsc_0074.jpg\" data-orig-size=\"1200,800\" data-comments-opened=\"1\" data-image-meta=\"{&quot;aperture&quot;:&quot;0&quot;,&quot;credit&quot;:&quot;&quot;,&quot;camera&quot;:&quot;&quot;,&quot;caption&quot;:&quot;&quot;,&quot;created_timestamp&quot;:&quot;0&quot;,&quot;copyright&quot;:&quot;&quot;,&quot;focal_length&quot;:&quot;0&quot;,&quot;iso&quot;:&quot;0&quot;,&quot;shutter_speed&quot;:&quot;0&quot;,&quot;title&quot;:&quot;&quot;,&quot;orientation&quot;:&quot;0&quot;}\" data-image-title=\"Salon de la BD \u00e0 Paris\" data-image-description=\"\" data-medium-file=\"https:\/\/i0.wp.com\/blateman-bobine.com\/wp-content\/uploads\/2015\/12\/dsc_0074.jpg?fit=300%2C200&#038;ssl=1\" data-large-file=\"https:\/\/i0.wp.com\/blateman-bobine.com\/wp-content\/uploads\/2015\/12\/dsc_0074.jpg?fit=1024%2C683&#038;ssl=1\" src=\"https:\/\/i0.wp.com\/blateman-bobine.com\/wp-content\/uploads\/2015\/12\/dsc_0074.jpg?w=126&#038;h=84&#038;ssl=1\" width=\"126\" height=\"84\" loading=\"lazy\" data-original-width=\"126\" data-original-height=\"84\" itemprop=\"http:\/\/schema.org\/image\" title=\"Salon de la BD \u00e0 Paris\" alt=\"Salon de la BD \u00e0 Paris\" style=\"width: 126px; height: 84px;\" \/> <\/a> <\/div> <div class=\"tiled-gallery-item tiled-gallery-item-small\" itemprop=\"associatedMedia\" itemscope itemtype=\"http:\/\/schema.org\/ImageObject\"> <a href=\"https:\/\/blateman-bobine.com\/fr\/souvenirs-de-la-dedicace-blateman-bobine-a-sobd-2015-salon-de-la-bd-a-paris\/dsc_0082\/\" border=\"0\" itemprop=\"url\"> <meta itemprop=\"width\" content=\"126\"> <meta itemprop=\"height\" content=\"84\"> <img decoding=\"async\" class=\"\" data-attachment-id=\"415\" data-orig-file=\"https:\/\/blateman-bobine.com\/wp-content\/uploads\/2015\/12\/dsc_0082.jpg\" data-orig-size=\"1200,800\" data-comments-opened=\"1\" data-image-meta=\"{&quot;aperture&quot;:&quot;0&quot;,&quot;credit&quot;:&quot;&quot;,&quot;camera&quot;:&quot;&quot;,&quot;caption&quot;:&quot;&quot;,&quot;created_timestamp&quot;:&quot;0&quot;,&quot;copyright&quot;:&quot;&quot;,&quot;focal_length&quot;:&quot;0&quot;,&quot;iso&quot;:&quot;0&quot;,&quot;shutter_speed&quot;:&quot;0&quot;,&quot;title&quot;:&quot;&quot;,&quot;orientation&quot;:&quot;0&quot;}\" data-image-title=\"Salon de la BD \u00e0 Paris\" data-image-description=\"\" data-medium-file=\"https:\/\/i0.wp.com\/blateman-bobine.com\/wp-content\/uploads\/2015\/12\/dsc_0082.jpg?fit=300%2C200&#038;ssl=1\" data-large-file=\"https:\/\/i0.wp.com\/blateman-bobine.com\/wp-content\/uploads\/2015\/12\/dsc_0082.jpg?fit=1024%2C683&#038;ssl=1\" src=\"https:\/\/i0.wp.com\/blateman-bobine.com\/wp-content\/uploads\/2015\/12\/dsc_0082.jpg?w=126&#038;h=84&#038;ssl=1\" width=\"126\" height=\"84\" loading=\"lazy\" data-original-width=\"126\" data-original-height=\"84\" itemprop=\"http:\/\/schema.org\/image\" title=\"Salon de la BD \u00e0 Paris\" alt=\"Salon de la BD \u00e0 Paris\" style=\"width: 126px; height: 84px;\" \/> <\/a> <\/div> <\/div> <!-- close group --> <div class=\"gallery-group images-1\" style=\"width: 234px; height: 275px;\" data-original-width=\"234\" data-original-height=\"275\" > <div class=\"tiled-gallery-item tiled-gallery-item-small\" itemprop=\"associatedMedia\" itemscope itemtype=\"http:\/\/schema.org\/ImageObject\"> <a href=\"https:\/\/blateman-bobine.com\/fr\/souvenirs-de-la-dedicace-blateman-bobine-a-sobd-2015-salon-de-la-bd-a-paris\/dsc_0084\/\" border=\"0\" itemprop=\"url\"> <meta itemprop=\"width\" content=\"230\"> <meta itemprop=\"height\" content=\"271\"> <img decoding=\"async\" class=\"\" data-attachment-id=\"421\" data-orig-file=\"https:\/\/blateman-bobine.com\/wp-content\/uploads\/2015\/12\/dsc_0084.jpg\" data-orig-size=\"1000,1180\" data-comments-opened=\"1\" data-image-meta=\"{&quot;aperture&quot;:&quot;0&quot;,&quot;credit&quot;:&quot;&quot;,&quot;camera&quot;:&quot;&quot;,&quot;caption&quot;:&quot;&quot;,&quot;created_timestamp&quot;:&quot;0&quot;,&quot;copyright&quot;:&quot;&quot;,&quot;focal_length&quot;:&quot;0&quot;,&quot;iso&quot;:&quot;0&quot;,&quot;shutter_speed&quot;:&quot;0&quot;,&quot;title&quot;:&quot;&quot;,&quot;orientation&quot;:&quot;0&quot;}\" data-image-title=\"Salon de la BD \u00e0 Paris\" data-image-description=\"\" data-medium-file=\"https:\/\/i0.wp.com\/blateman-bobine.com\/wp-content\/uploads\/2015\/12\/dsc_0084.jpg?fit=254%2C300&#038;ssl=1\" data-large-file=\"https:\/\/i0.wp.com\/blateman-bobine.com\/wp-content\/uploads\/2015\/12\/dsc_0084.jpg?fit=868%2C1024&#038;ssl=1\" src=\"https:\/\/i0.wp.com\/blateman-bobine.com\/wp-content\/uploads\/2015\/12\/dsc_0084.jpg?w=230&#038;h=271&#038;ssl=1\" width=\"230\" height=\"271\" loading=\"lazy\" data-original-width=\"230\" data-original-height=\"271\" itemprop=\"http:\/\/schema.org\/image\" title=\"Salon de la BD \u00e0 Paris\" alt=\"Salon de la BD \u00e0 Paris\" style=\"width: 230px; height: 271px;\" \/> <\/a> <\/div> <\/div> <!-- close group --> <div class=\"gallery-group images-3\" style=\"width: 136px; height: 275px;\" data-original-width=\"136\" data-original-height=\"275\" > <div class=\"tiled-gallery-item tiled-gallery-item-small\" itemprop=\"associatedMedia\" itemscope itemtype=\"http:\/\/schema.org\/ImageObject\"> <a href=\"https:\/\/blateman-bobine.com\/fr\/souvenirs-de-la-dedicace-blateman-bobine-a-sobd-2015-salon-de-la-bd-a-paris\/dsc_0097\/\" border=\"0\" itemprop=\"url\"> <meta itemprop=\"width\" content=\"132\"> <meta itemprop=\"height\" content=\"88\"> <img decoding=\"async\" class=\"\" data-attachment-id=\"417\" data-orig-file=\"https:\/\/blateman-bobine.com\/wp-content\/uploads\/2015\/12\/dsc_0097.jpg\" data-orig-size=\"1200,800\" data-comments-opened=\"1\" data-image-meta=\"{&quot;aperture&quot;:&quot;0&quot;,&quot;credit&quot;:&quot;&quot;,&quot;camera&quot;:&quot;&quot;,&quot;caption&quot;:&quot;&quot;,&quot;created_timestamp&quot;:&quot;0&quot;,&quot;copyright&quot;:&quot;&quot;,&quot;focal_length&quot;:&quot;0&quot;,&quot;iso&quot;:&quot;0&quot;,&quot;shutter_speed&quot;:&quot;0&quot;,&quot;title&quot;:&quot;&quot;,&quot;orientation&quot;:&quot;0&quot;}\" data-image-title=\"Salon de la BD \u00e0 Paris\" data-image-description=\"\" data-medium-file=\"https:\/\/i0.wp.com\/blateman-bobine.com\/wp-content\/uploads\/2015\/12\/dsc_0097.jpg?fit=300%2C200&#038;ssl=1\" data-large-file=\"https:\/\/i0.wp.com\/blateman-bobine.com\/wp-content\/uploads\/2015\/12\/dsc_0097.jpg?fit=1024%2C683&#038;ssl=1\" src=\"https:\/\/i0.wp.com\/blateman-bobine.com\/wp-content\/uploads\/2015\/12\/dsc_0097.jpg?w=132&#038;h=88&#038;ssl=1\" width=\"132\" height=\"88\" loading=\"lazy\" data-original-width=\"132\" data-original-height=\"88\" itemprop=\"http:\/\/schema.org\/image\" title=\"Salon de la BD \u00e0 Paris\" alt=\"Salon de la BD \u00e0 Paris\" style=\"width: 132px; height: 88px;\" \/> <\/a> <\/div> <div class=\"tiled-gallery-item tiled-gallery-item-small\" itemprop=\"associatedMedia\" itemscope itemtype=\"http:\/\/schema.org\/ImageObject\"> <a href=\"https:\/\/blateman-bobine.com\/fr\/souvenirs-de-la-dedicace-blateman-bobine-a-sobd-2015-salon-de-la-bd-a-paris\/dsc_0099\/\" border=\"0\" itemprop=\"url\"> <meta itemprop=\"width\" content=\"132\"> <meta itemprop=\"height\" content=\"88\"> <img decoding=\"async\" class=\"\" data-attachment-id=\"420\" data-orig-file=\"https:\/\/blateman-bobine.com\/wp-content\/uploads\/2015\/12\/dsc_0099.jpg\" data-orig-size=\"1200,800\" data-comments-opened=\"1\" data-image-meta=\"{&quot;aperture&quot;:&quot;0&quot;,&quot;credit&quot;:&quot;&quot;,&quot;camera&quot;:&quot;&quot;,&quot;caption&quot;:&quot;&quot;,&quot;created_timestamp&quot;:&quot;0&quot;,&quot;copyright&quot;:&quot;&quot;,&quot;focal_length&quot;:&quot;0&quot;,&quot;iso&quot;:&quot;0&quot;,&quot;shutter_speed&quot;:&quot;0&quot;,&quot;title&quot;:&quot;&quot;,&quot;orientation&quot;:&quot;0&quot;}\" data-image-title=\"Salon de la BD \u00e0 Paris\" data-image-description=\"\" data-medium-file=\"https:\/\/i0.wp.com\/blateman-bobine.com\/wp-content\/uploads\/2015\/12\/dsc_0099.jpg?fit=300%2C200&#038;ssl=1\" data-large-file=\"https:\/\/i0.wp.com\/blateman-bobine.com\/wp-content\/uploads\/2015\/12\/dsc_0099.jpg?fit=1024%2C683&#038;ssl=1\" src=\"https:\/\/i0.wp.com\/blateman-bobine.com\/wp-content\/uploads\/2015\/12\/dsc_0099.jpg?w=132&#038;h=88&#038;ssl=1\" width=\"132\" height=\"88\" loading=\"lazy\" data-original-width=\"132\" data-original-height=\"88\" itemprop=\"http:\/\/schema.org\/image\" title=\"Salon de la BD \u00e0 Paris\" alt=\"Salon de la BD \u00e0 Paris\" style=\"width: 132px; height: 88px;\" \/> <\/a> <\/div> <div class=\"tiled-gallery-item tiled-gallery-item-small\" itemprop=\"associatedMedia\" itemscope itemtype=\"http:\/\/schema.org\/ImageObject\"> <a href=\"https:\/\/blateman-bobine.com\/fr\/souvenirs-de-la-dedicace-blateman-bobine-a-sobd-2015-salon-de-la-bd-a-paris\/dsc_0101\/\" border=\"0\" itemprop=\"url\"> <meta itemprop=\"width\" content=\"132\"> <meta itemprop=\"height\" content=\"87\"> <img decoding=\"async\" class=\"\" data-attachment-id=\"412\" data-orig-file=\"https:\/\/blateman-bobine.com\/wp-content\/uploads\/2015\/12\/dsc_0101.jpg\" data-orig-size=\"1200,800\" data-comments-opened=\"1\" data-image-meta=\"{&quot;aperture&quot;:&quot;0&quot;,&quot;credit&quot;:&quot;&quot;,&quot;camera&quot;:&quot;&quot;,&quot;caption&quot;:&quot;&quot;,&quot;created_timestamp&quot;:&quot;0&quot;,&quot;copyright&quot;:&quot;&quot;,&quot;focal_length&quot;:&quot;0&quot;,&quot;iso&quot;:&quot;0&quot;,&quot;shutter_speed&quot;:&quot;0&quot;,&quot;title&quot;:&quot;&quot;,&quot;orientation&quot;:&quot;0&quot;}\" data-image-title=\"Salon de la BD \u00e0 Paris\" data-image-description=\"\" data-medium-file=\"https:\/\/i0.wp.com\/blateman-bobine.com\/wp-content\/uploads\/2015\/12\/dsc_0101.jpg?fit=300%2C200&#038;ssl=1\" data-large-file=\"https:\/\/i0.wp.com\/blateman-bobine.com\/wp-content\/uploads\/2015\/12\/dsc_0101.jpg?fit=1024%2C683&#038;ssl=1\" src=\"https:\/\/i0.wp.com\/blateman-bobine.com\/wp-content\/uploads\/2015\/12\/dsc_0101.jpg?w=132&#038;h=87&#038;ssl=1\" width=\"132\" height=\"87\" loading=\"lazy\" data-original-width=\"132\" data-original-height=\"87\" itemprop=\"http:\/\/schema.org\/image\" title=\"Salon de la BD \u00e0 Paris\" alt=\"Salon de la BD \u00e0 Paris\" style=\"width: 132px; height: 87px;\" \/> <\/a> <\/div> <\/div> <!-- close group --> <\/div> <!-- close row --> <div class=\"gallery-row\" style=\"width: 500px; height: 248px;\" data-original-width=\"500\" data-original-height=\"248\" > <div class=\"gallery-group images-1\" style=\"width: 167px; height: 248px;\" data-original-width=\"167\" data-original-height=\"248\" > <div class=\"tiled-gallery-item tiled-gallery-item-small\" itemprop=\"associatedMedia\" itemscope itemtype=\"http:\/\/schema.org\/ImageObject\"> <a href=\"https:\/\/blateman-bobine.com\/fr\/souvenirs-de-la-dedicace-blateman-bobine-a-sobd-2015-salon-de-la-bd-a-paris\/dsc_0106\/\" border=\"0\" itemprop=\"url\"> <meta itemprop=\"width\" content=\"163\"> <meta itemprop=\"height\" content=\"244\"> <img decoding=\"async\" class=\"\" data-attachment-id=\"413\" data-orig-file=\"https:\/\/blateman-bobine.com\/wp-content\/uploads\/2015\/12\/dsc_0106.jpg\" data-orig-size=\"1200,1800\" data-comments-opened=\"1\" data-image-meta=\"{&quot;aperture&quot;:&quot;0&quot;,&quot;credit&quot;:&quot;&quot;,&quot;camera&quot;:&quot;&quot;,&quot;caption&quot;:&quot;&quot;,&quot;created_timestamp&quot;:&quot;0&quot;,&quot;copyright&quot;:&quot;&quot;,&quot;focal_length&quot;:&quot;0&quot;,&quot;iso&quot;:&quot;0&quot;,&quot;shutter_speed&quot;:&quot;0&quot;,&quot;title&quot;:&quot;&quot;,&quot;orientation&quot;:&quot;0&quot;}\" data-image-title=\"Salon de la BD \u00e0 Paris\" data-image-description=\"\" data-medium-file=\"https:\/\/i0.wp.com\/blateman-bobine.com\/wp-content\/uploads\/2015\/12\/dsc_0106.jpg?fit=200%2C300&#038;ssl=1\" data-large-file=\"https:\/\/i0.wp.com\/blateman-bobine.com\/wp-content\/uploads\/2015\/12\/dsc_0106.jpg?fit=683%2C1024&#038;ssl=1\" src=\"https:\/\/i0.wp.com\/blateman-bobine.com\/wp-content\/uploads\/2015\/12\/dsc_0106.jpg?w=163&#038;h=244&#038;ssl=1\" width=\"163\" height=\"244\" loading=\"lazy\" data-original-width=\"163\" data-original-height=\"244\" itemprop=\"http:\/\/schema.org\/image\" title=\"Salon de la BD \u00e0 Paris\" alt=\"Salon de la BD \u00e0 Paris\" style=\"width: 163px; height: 244px;\" \/> <\/a> <\/div> <\/div> <!-- close group --> <div class=\"gallery-group images-1\" style=\"width: 167px; height: 248px;\" data-original-width=\"167\" data-original-height=\"248\" > <div class=\"tiled-gallery-item tiled-gallery-item-small\" itemprop=\"associatedMedia\" itemscope itemtype=\"http:\/\/schema.org\/ImageObject\"> <a href=\"https:\/\/blateman-bobine.com\/fr\/souvenirs-de-la-dedicace-blateman-bobine-a-sobd-2015-salon-de-la-bd-a-paris\/dsc_0108\/\" border=\"0\" itemprop=\"url\"> <meta itemprop=\"width\" content=\"163\"> <meta itemprop=\"height\" content=\"244\"> <img decoding=\"async\" class=\"\" data-attachment-id=\"416\" data-orig-file=\"https:\/\/blateman-bobine.com\/wp-content\/uploads\/2015\/12\/dsc_0108.jpg\" data-orig-size=\"1200,1800\" data-comments-opened=\"1\" data-image-meta=\"{&quot;aperture&quot;:&quot;0&quot;,&quot;credit&quot;:&quot;&quot;,&quot;camera&quot;:&quot;&quot;,&quot;caption&quot;:&quot;&quot;,&quot;created_timestamp&quot;:&quot;0&quot;,&quot;copyright&quot;:&quot;&quot;,&quot;focal_length&quot;:&quot;0&quot;,&quot;iso&quot;:&quot;0&quot;,&quot;shutter_speed&quot;:&quot;0&quot;,&quot;title&quot;:&quot;&quot;,&quot;orientation&quot;:&quot;0&quot;}\" data-image-title=\"Salon de la BD \u00e0 Paris\" data-image-description=\"\" data-medium-file=\"https:\/\/i0.wp.com\/blateman-bobine.com\/wp-content\/uploads\/2015\/12\/dsc_0108.jpg?fit=200%2C300&#038;ssl=1\" data-large-file=\"https:\/\/i0.wp.com\/blateman-bobine.com\/wp-content\/uploads\/2015\/12\/dsc_0108.jpg?fit=683%2C1024&#038;ssl=1\" src=\"https:\/\/i0.wp.com\/blateman-bobine.com\/wp-content\/uploads\/2015\/12\/dsc_0108.jpg?w=163&#038;h=244&#038;ssl=1\" width=\"163\" height=\"244\" loading=\"lazy\" data-original-width=\"163\" data-original-height=\"244\" itemprop=\"http:\/\/schema.org\/image\" title=\"Salon de la BD \u00e0 Paris\" alt=\"Salon de la BD \u00e0 Paris\" style=\"width: 163px; height: 244px;\" \/> <\/a> <\/div> <\/div> <!-- close group --> <div class=\"gallery-group images-1\" style=\"width: 166px; height: 248px;\" data-original-width=\"166\" data-original-height=\"248\" > <div class=\"tiled-gallery-item tiled-gallery-item-small\" itemprop=\"associatedMedia\" itemscope itemtype=\"http:\/\/schema.org\/ImageObject\"> <a href=\"https:\/\/blateman-bobine.com\/fr\/souvenirs-de-la-dedicace-blateman-bobine-a-sobd-2015-salon-de-la-bd-a-paris\/dsc_0130\/\" border=\"0\" itemprop=\"url\"> <meta itemprop=\"width\" content=\"162\"> <meta itemprop=\"height\" content=\"244\"> <img decoding=\"async\" class=\"\" data-attachment-id=\"419\" data-orig-file=\"https:\/\/blateman-bobine.com\/wp-content\/uploads\/2015\/12\/dsc_0130.jpg\" data-orig-size=\"1000,1500\" data-comments-opened=\"1\" data-image-meta=\"{&quot;aperture&quot;:&quot;0&quot;,&quot;credit&quot;:&quot;&quot;,&quot;camera&quot;:&quot;&quot;,&quot;caption&quot;:&quot;&quot;,&quot;created_timestamp&quot;:&quot;0&quot;,&quot;copyright&quot;:&quot;&quot;,&quot;focal_length&quot;:&quot;0&quot;,&quot;iso&quot;:&quot;0&quot;,&quot;shutter_speed&quot;:&quot;0&quot;,&quot;title&quot;:&quot;&quot;,&quot;orientation&quot;:&quot;0&quot;}\" data-image-title=\"Salon de la BD \u00e0 Paris\" data-image-description=\"\" data-medium-file=\"https:\/\/i0.wp.com\/blateman-bobine.com\/wp-content\/uploads\/2015\/12\/dsc_0130.jpg?fit=200%2C300&#038;ssl=1\" data-large-file=\"https:\/\/i0.wp.com\/blateman-bobine.com\/wp-content\/uploads\/2015\/12\/dsc_0130.jpg?fit=683%2C1024&#038;ssl=1\" src=\"https:\/\/i0.wp.com\/blateman-bobine.com\/wp-content\/uploads\/2015\/12\/dsc_0130.jpg?w=162&#038;h=244&#038;ssl=1\" width=\"162\" height=\"244\" loading=\"lazy\" data-original-width=\"162\" data-original-height=\"244\" itemprop=\"http:\/\/schema.org\/image\" title=\"Salon de la BD \u00e0 Paris\" alt=\"Salon de la BD \u00e0 Paris\" style=\"width: 162px; height: 244px;\" \/> <\/a> <\/div> <\/div> <!-- close group --> <\/div> <!-- close row --> <div class=\"gallery-row\" style=\"width: 500px; height: 337px;\" data-original-width=\"500\" data-original-height=\"337\" > <div class=\"gallery-group images-2\" style=\"width: 247px; height: 337px;\" data-original-width=\"247\" data-original-height=\"337\" > <div class=\"tiled-gallery-item tiled-gallery-item-small\" itemprop=\"associatedMedia\" itemscope itemtype=\"http:\/\/schema.org\/ImageObject\"> <a href=\"https:\/\/blateman-bobine.com\/fr\/souvenirs-de-la-dedicace-blateman-bobine-a-sobd-2015-salon-de-la-bd-a-paris\/dsc_0172\/\" border=\"0\" itemprop=\"url\"> <meta itemprop=\"width\" content=\"243\"> <meta itemprop=\"height\" content=\"162\"> <img decoding=\"async\" class=\"\" data-attachment-id=\"414\" data-orig-file=\"https:\/\/blateman-bobine.com\/wp-content\/uploads\/2015\/12\/dsc_0172.jpg\" data-orig-size=\"1200,800\" data-comments-opened=\"1\" data-image-meta=\"{&quot;aperture&quot;:&quot;0&quot;,&quot;credit&quot;:&quot;&quot;,&quot;camera&quot;:&quot;&quot;,&quot;caption&quot;:&quot;&quot;,&quot;created_timestamp&quot;:&quot;0&quot;,&quot;copyright&quot;:&quot;&quot;,&quot;focal_length&quot;:&quot;0&quot;,&quot;iso&quot;:&quot;0&quot;,&quot;shutter_speed&quot;:&quot;0&quot;,&quot;title&quot;:&quot;&quot;,&quot;orientation&quot;:&quot;0&quot;}\" data-image-title=\"Salon de la BD \u00e0 Paris\" data-image-description=\"\" data-medium-file=\"https:\/\/i0.wp.com\/blateman-bobine.com\/wp-content\/uploads\/2015\/12\/dsc_0172.jpg?fit=300%2C200&#038;ssl=1\" data-large-file=\"https:\/\/i0.wp.com\/blateman-bobine.com\/wp-content\/uploads\/2015\/12\/dsc_0172.jpg?fit=1024%2C683&#038;ssl=1\" src=\"https:\/\/i0.wp.com\/blateman-bobine.com\/wp-content\/uploads\/2015\/12\/dsc_0172.jpg?w=243&#038;h=162&#038;ssl=1\" width=\"243\" height=\"162\" loading=\"lazy\" data-original-width=\"243\" data-original-height=\"162\" itemprop=\"http:\/\/schema.org\/image\" title=\"Salon de la BD \u00e0 Paris\" alt=\"Salon de la BD \u00e0 Paris\" style=\"width: 243px; height: 162px;\" \/> <\/a> <\/div> <div class=\"tiled-gallery-item tiled-gallery-item-small\" itemprop=\"associatedMedia\" itemscope itemtype=\"http:\/\/schema.org\/ImageObject\"> <a href=\"https:\/\/blateman-bobine.com\/fr\/souvenirs-de-la-dedicace-blateman-bobine-a-sobd-2015-salon-de-la-bd-a-paris\/img_20151205_164321\/\" border=\"0\" itemprop=\"url\"> <meta itemprop=\"width\" content=\"243\"> <meta itemprop=\"height\" content=\"167\"> <img decoding=\"async\" class=\"\" data-attachment-id=\"425\" data-orig-file=\"https:\/\/blateman-bobine.com\/wp-content\/uploads\/2015\/12\/img_20151205_164321.jpg\" data-orig-size=\"1000,688\" data-comments-opened=\"1\" data-image-meta=\"{&quot;aperture&quot;:&quot;0&quot;,&quot;credit&quot;:&quot;&quot;,&quot;camera&quot;:&quot;&quot;,&quot;caption&quot;:&quot;&quot;,&quot;created_timestamp&quot;:&quot;0&quot;,&quot;copyright&quot;:&quot;&quot;,&quot;focal_length&quot;:&quot;0&quot;,&quot;iso&quot;:&quot;0&quot;,&quot;shutter_speed&quot;:&quot;0&quot;,&quot;title&quot;:&quot;&quot;,&quot;orientation&quot;:&quot;0&quot;}\" data-image-title=\"Salon de la BD \u00e0 Paris\" data-image-description=\"\" data-medium-file=\"https:\/\/i0.wp.com\/blateman-bobine.com\/wp-content\/uploads\/2015\/12\/img_20151205_164321.jpg?fit=300%2C206&#038;ssl=1\" data-large-file=\"https:\/\/i0.wp.com\/blateman-bobine.com\/wp-content\/uploads\/2015\/12\/img_20151205_164321.jpg?fit=1000%2C688&#038;ssl=1\" src=\"https:\/\/i0.wp.com\/blateman-bobine.com\/wp-content\/uploads\/2015\/12\/img_20151205_164321.jpg?w=243&#038;h=167&#038;ssl=1\" width=\"243\" height=\"167\" loading=\"lazy\" data-original-width=\"243\" data-original-height=\"167\" itemprop=\"http:\/\/schema.org\/image\" title=\"Salon de la BD \u00e0 Paris\" alt=\"Salon de la BD \u00e0 Paris\" style=\"width: 243px; height: 167px;\" \/> <\/a> <\/div> <\/div> <!-- close group --> <div class=\"gallery-group images-1\" style=\"width: 253px; height: 337px;\" data-original-width=\"253\" data-original-height=\"337\" > <div class=\"tiled-gallery-item tiled-gallery-item-small\" itemprop=\"associatedMedia\" itemscope itemtype=\"http:\/\/schema.org\/ImageObject\"> <a href=\"https:\/\/blateman-bobine.com\/fr\/souvenirs-de-la-dedicace-blateman-bobine-a-sobd-2015-salon-de-la-bd-a-paris\/img_20151205_164349\/\" border=\"0\" itemprop=\"url\"> <meta itemprop=\"width\" content=\"249\"> <meta itemprop=\"height\" content=\"333\"> <img decoding=\"async\" class=\"\" data-attachment-id=\"424\" data-orig-file=\"https:\/\/blateman-bobine.com\/wp-content\/uploads\/2015\/12\/img_20151205_164349.jpg\" data-orig-size=\"1000,1333\" data-comments-opened=\"1\" data-image-meta=\"{&quot;aperture&quot;:&quot;0&quot;,&quot;credit&quot;:&quot;&quot;,&quot;camera&quot;:&quot;&quot;,&quot;caption&quot;:&quot;&quot;,&quot;created_timestamp&quot;:&quot;0&quot;,&quot;copyright&quot;:&quot;&quot;,&quot;focal_length&quot;:&quot;0&quot;,&quot;iso&quot;:&quot;0&quot;,&quot;shutter_speed&quot;:&quot;0&quot;,&quot;title&quot;:&quot;&quot;,&quot;orientation&quot;:&quot;0&quot;}\" data-image-title=\"Salon de la BD \u00e0 Paris\" data-image-description=\"\" data-medium-file=\"https:\/\/i0.wp.com\/blateman-bobine.com\/wp-content\/uploads\/2015\/12\/img_20151205_164349.jpg?fit=225%2C300&#038;ssl=1\" data-large-file=\"https:\/\/i0.wp.com\/blateman-bobine.com\/wp-content\/uploads\/2015\/12\/img_20151205_164349.jpg?fit=768%2C1024&#038;ssl=1\" src=\"https:\/\/i0.wp.com\/blateman-bobine.com\/wp-content\/uploads\/2015\/12\/img_20151205_164349.jpg?w=249&#038;h=333&#038;ssl=1\" width=\"249\" height=\"333\" loading=\"lazy\" data-original-width=\"249\" data-original-height=\"333\" itemprop=\"http:\/\/schema.org\/image\" title=\"Salon de la BD \u00e0 Paris\" alt=\"Salon de la BD \u00e0 Paris\" style=\"width: 249px; height: 333px;\" \/> <\/a> <\/div> <\/div> <!-- close group --> <\/div> <!-- close row --> <div class=\"gallery-row\" style=\"width: 500px; height: 113px;\" data-original-width=\"500\" data-original-height=\"113\" > <div class=\"gallery-group images-1\" style=\"width: 96px; height: 113px;\" data-original-width=\"96\" data-original-height=\"113\" > <div class=\"tiled-gallery-item tiled-gallery-item-small\" itemprop=\"associatedMedia\" itemscope itemtype=\"http:\/\/schema.org\/ImageObject\"> <a href=\"https:\/\/blateman-bobine.com\/fr\/souvenirs-de-la-dedicace-blateman-bobine-a-sobd-2015-salon-de-la-bd-a-paris\/img_20151205_164906\/\" border=\"0\" itemprop=\"url\"> <meta itemprop=\"width\" content=\"92\"> <meta itemprop=\"height\" content=\"109\"> <img decoding=\"async\" class=\"\" data-attachment-id=\"423\" data-orig-file=\"https:\/\/blateman-bobine.com\/wp-content\/uploads\/2015\/12\/img_20151205_164906.jpg\" data-orig-size=\"1000,1183\" data-comments-opened=\"1\" data-image-meta=\"{&quot;aperture&quot;:&quot;0&quot;,&quot;credit&quot;:&quot;&quot;,&quot;camera&quot;:&quot;&quot;,&quot;caption&quot;:&quot;&quot;,&quot;created_timestamp&quot;:&quot;0&quot;,&quot;copyright&quot;:&quot;&quot;,&quot;focal_length&quot;:&quot;0&quot;,&quot;iso&quot;:&quot;0&quot;,&quot;shutter_speed&quot;:&quot;0&quot;,&quot;title&quot;:&quot;&quot;,&quot;orientation&quot;:&quot;0&quot;}\" data-image-title=\"Salon de la BD \u00e0 Paris\" data-image-description=\"\" data-medium-file=\"https:\/\/i0.wp.com\/blateman-bobine.com\/wp-content\/uploads\/2015\/12\/img_20151205_164906.jpg?fit=254%2C300&#038;ssl=1\" data-large-file=\"https:\/\/i0.wp.com\/blateman-bobine.com\/wp-content\/uploads\/2015\/12\/img_20151205_164906.jpg?fit=866%2C1024&#038;ssl=1\" src=\"https:\/\/i0.wp.com\/blateman-bobine.com\/wp-content\/uploads\/2015\/12\/img_20151205_164906.jpg?w=92&#038;h=109&#038;ssl=1\" width=\"92\" height=\"109\" loading=\"lazy\" data-original-width=\"92\" data-original-height=\"109\" itemprop=\"http:\/\/schema.org\/image\" title=\"Salon de la BD \u00e0 Paris\" alt=\"Salon de la BD \u00e0 Paris\" style=\"width: 92px; height: 109px;\" \/> <\/a> <\/div> <\/div> <!-- close group --> <div class=\"gallery-group images-1\" style=\"width: 150px; height: 113px;\" data-original-width=\"150\" data-original-height=\"113\" > <div class=\"tiled-gallery-item tiled-gallery-item-small\" itemprop=\"associatedMedia\" itemscope itemtype=\"http:\/\/schema.org\/ImageObject\"> <a href=\"https:\/\/blateman-bobine.com\/fr\/souvenirs-de-la-dedicace-blateman-bobine-a-sobd-2015-salon-de-la-bd-a-paris\/img_20151205_164914\/\" border=\"0\" itemprop=\"url\"> <meta itemprop=\"width\" content=\"146\"> <meta itemprop=\"height\" content=\"109\"> <img decoding=\"async\" class=\"\" data-attachment-id=\"418\" data-orig-file=\"https:\/\/blateman-bobine.com\/wp-content\/uploads\/2015\/12\/img_20151205_164914.jpg\" data-orig-size=\"1000,750\" data-comments-opened=\"1\" data-image-meta=\"{&quot;aperture&quot;:&quot;0&quot;,&quot;credit&quot;:&quot;&quot;,&quot;camera&quot;:&quot;&quot;,&quot;caption&quot;:&quot;&quot;,&quot;created_timestamp&quot;:&quot;0&quot;,&quot;copyright&quot;:&quot;&quot;,&quot;focal_length&quot;:&quot;0&quot;,&quot;iso&quot;:&quot;0&quot;,&quot;shutter_speed&quot;:&quot;0&quot;,&quot;title&quot;:&quot;&quot;,&quot;orientation&quot;:&quot;0&quot;}\" data-image-title=\"Salon de la BD \u00e0 Paris\" data-image-description=\"\" data-medium-file=\"https:\/\/i0.wp.com\/blateman-bobine.com\/wp-content\/uploads\/2015\/12\/img_20151205_164914.jpg?fit=300%2C225&#038;ssl=1\" data-large-file=\"https:\/\/i0.wp.com\/blateman-bobine.com\/wp-content\/uploads\/2015\/12\/img_20151205_164914.jpg?fit=1000%2C750&#038;ssl=1\" src=\"https:\/\/i0.wp.com\/blateman-bobine.com\/wp-content\/uploads\/2015\/12\/img_20151205_164914.jpg?w=146&#038;h=109&#038;ssl=1\" width=\"146\" height=\"109\" loading=\"lazy\" data-original-width=\"146\" data-original-height=\"109\" itemprop=\"http:\/\/schema.org\/image\" title=\"Salon de la BD \u00e0 Paris\" alt=\"Salon de la BD \u00e0 Paris\" style=\"width: 146px; height: 109px;\" \/> <\/a> <\/div> <\/div> <!-- close group --> <div class=\"gallery-group images-1\" style=\"width: 86px; height: 113px;\" data-original-width=\"86\" data-original-height=\"113\" > <div class=\"tiled-gallery-item tiled-gallery-item-small\" itemprop=\"associatedMedia\" itemscope itemtype=\"http:\/\/schema.org\/ImageObject\"> <a href=\"https:\/\/blateman-bobine.com\/fr\/souvenirs-de-la-dedicace-blateman-bobine-a-sobd-2015-salon-de-la-bd-a-paris\/img_20151205_165346\/\" border=\"0\" itemprop=\"url\"> <meta itemprop=\"width\" content=\"82\"> <meta itemprop=\"height\" content=\"109\"> <img decoding=\"async\" class=\"\" data-attachment-id=\"426\" data-orig-file=\"https:\/\/blateman-bobine.com\/wp-content\/uploads\/2015\/12\/img_20151205_165346.jpg\" data-orig-size=\"1000,1333\" data-comments-opened=\"1\" data-image-meta=\"{&quot;aperture&quot;:&quot;0&quot;,&quot;credit&quot;:&quot;&quot;,&quot;camera&quot;:&quot;&quot;,&quot;caption&quot;:&quot;&quot;,&quot;created_timestamp&quot;:&quot;0&quot;,&quot;copyright&quot;:&quot;&quot;,&quot;focal_length&quot;:&quot;0&quot;,&quot;iso&quot;:&quot;0&quot;,&quot;shutter_speed&quot;:&quot;0&quot;,&quot;title&quot;:&quot;&quot;,&quot;orientation&quot;:&quot;0&quot;}\" data-image-title=\"Salon de la BD \u00e0 Paris\" data-image-description=\"\" data-medium-file=\"https:\/\/i0.wp.com\/blateman-bobine.com\/wp-content\/uploads\/2015\/12\/img_20151205_165346.jpg?fit=225%2C300&#038;ssl=1\" data-large-file=\"https:\/\/i0.wp.com\/blateman-bobine.com\/wp-content\/uploads\/2015\/12\/img_20151205_165346.jpg?fit=768%2C1024&#038;ssl=1\" src=\"https:\/\/i0.wp.com\/blateman-bobine.com\/wp-content\/uploads\/2015\/12\/img_20151205_165346.jpg?w=82&#038;h=109&#038;ssl=1\" width=\"82\" height=\"109\" loading=\"lazy\" data-original-width=\"82\" data-original-height=\"109\" itemprop=\"http:\/\/schema.org\/image\" title=\"Salon de la BD \u00e0 Paris\" alt=\"Salon de la BD \u00e0 Paris\" style=\"width: 82px; height: 109px;\" \/> <\/a> <\/div> <\/div> <!-- close group --> <div class=\"gallery-group images-1\" style=\"width: 168px; height: 113px;\" data-original-width=\"168\" data-original-height=\"113\" > <div class=\"tiled-gallery-item tiled-gallery-item-small\" itemprop=\"associatedMedia\" itemscope itemtype=\"http:\/\/schema.org\/ImageObject\"> <a href=\"https:\/\/blateman-bobine.com\/fr\/souvenirs-de-la-dedicace-blateman-bobine-a-sobd-2015-salon-de-la-bd-a-paris\/dsc_0091\/\" border=\"0\" itemprop=\"url\"> <meta itemprop=\"width\" content=\"164\"> <meta itemprop=\"height\" content=\"109\"> <img decoding=\"async\" class=\"\" data-attachment-id=\"405\" data-orig-file=\"https:\/\/blateman-bobine.com\/wp-content\/uploads\/2015\/12\/dsc_0091.jpg\" data-orig-size=\"1200,800\" data-comments-opened=\"1\" data-image-meta=\"{&quot;aperture&quot;:&quot;0&quot;,&quot;credit&quot;:&quot;&quot;,&quot;camera&quot;:&quot;&quot;,&quot;caption&quot;:&quot;&quot;,&quot;created_timestamp&quot;:&quot;0&quot;,&quot;copyright&quot;:&quot;&quot;,&quot;focal_length&quot;:&quot;0&quot;,&quot;iso&quot;:&quot;0&quot;,&quot;shutter_speed&quot;:&quot;0&quot;,&quot;title&quot;:&quot;&quot;,&quot;orientation&quot;:&quot;0&quot;}\" data-image-title=\"Salon de la BD \u00e0 Paris\" data-image-description=\"\" data-medium-file=\"https:\/\/i0.wp.com\/blateman-bobine.com\/wp-content\/uploads\/2015\/12\/dsc_0091.jpg?fit=300%2C200&#038;ssl=1\" data-large-file=\"https:\/\/i0.wp.com\/blateman-bobine.com\/wp-content\/uploads\/2015\/12\/dsc_0091.jpg?fit=1024%2C683&#038;ssl=1\" src=\"https:\/\/i0.wp.com\/blateman-bobine.com\/wp-content\/uploads\/2015\/12\/dsc_0091.jpg?w=164&#038;h=109&#038;ssl=1\" width=\"164\" height=\"109\" loading=\"lazy\" data-original-width=\"164\" data-original-height=\"109\" itemprop=\"http:\/\/schema.org\/image\" title=\"Salon de la BD \u00e0 Paris\" alt=\"Salon de la BD \u00e0 Paris\" style=\"width: 164px; height: 109px;\" \/> <\/a> <\/div> <\/div> <!-- close group --> <\/div> <!-- close row --> <\/div>\n<p style=\"text-align:center;\"><strong>Vhenin<\/strong><br \/>\n<strong>Portfolio:<\/strong> <a href=\"http:\/\/www.vhenin.be\/\" target=\"_blank\">www.vhenin.be<\/a> et <a href=\"http:\/\/www.vincent-henin.be\/\" target=\"_blank\">www.vincent-henin.be<\/a><br \/>\n<strong>Facebook:<\/strong> <a href=\"https:\/\/fr-fr.facebook.com\/vincenthenin.comixillustration\" target=\"_blank\">Vincent Henin Comix Illustration (Vhenin)<br \/>\n<\/a><strong>Blog:<\/strong> <a href=\"http:\/\/www.vhenin.canalblog.com\" target=\"_blank\">www.vhenin.canalblog.com<\/a><br \/>\n<strong>YouTube: <\/strong><a title=\"La cha\u00eene YouTube de Vhenin\" href=\"https:\/\/www.youtube.com\/channel\/UCFgRf_TU8ES5LJNMaKOr8Eg\" target=\"_blank\">La Cha\u00eene de Vhenin<\/a><\/p>\n","protected":false},"excerpt":{"rendered":"<p>Merci \u00e0 tous d&rsquo;\u00eatre venus nous voir et bavarder avec nous au stand Tartamudo le week-end des 4, 5 et 6 d\u00e9cembre. Tarek et moi avions le plaisir d&rsquo;\u00eatre en compagnie d&rsquo;autres Tartamudois (Tartumud\u00e9ens?): Vincent Pompetti Jos\u00e9 Jover Rodolphe Merci \u00e0 Martine pour sa gentillesse et son support tout au long du salon. \u00e0 bient\u00f4t! [&hellip;]<\/p>\n","protected":false},"author":74241772,"featured_media":405,"comment_status":"open","ping_status":"open","sticky":false,"template":"","format":"standard","meta":{"_coblocks_attr":"","_coblocks_dimensions":"","_coblocks_responsive_height":"","_coblocks_accordion_ie_support":"","_crdt_document":"","advanced_seo_description":"","jetpack_seo_html_title":"","jetpack_seo_noindex":false,"_jetpack_newsletter_access":"","_jetpack_dont_email_post_to_subs":false,"_jetpack_newsletter_tier_id":0,"_jetpack_memberships_contains_paywalled_content":false,"_jetpack_memberships_contains_paid_content":false,"footnotes":"","jetpack_publicize_message":"","jetpack_publicize_feature_enabled":true,"jetpack_social_post_already_shared":false,"jetpack_social_options":{"image_generator_settings":{"template":"highway","default_image_id":0,"font":"","enabled":false},"version":2},"_wpas_customize_per_network":false,"jetpack_post_was_ever_published":false},"categories":[1223035],"tags":[14226,44670,21752,263100701,1338044,3883569,7808,346062291,39123,3968362,1536666,346062304,299480777],"class_list":["post-397","post","type-post","status-publish","format-standard","has-post-thumbnail","hentry","category-dedicaces","tag-aventure","tag-bande-dessinee","tag-bd","tag-blateman","tag-bobine","tag-comics-book","tag-livre","tag-loindetout","tag-super-heros","tag-tarek","tag-tartamudo","tag-tome_1","tag-vhenin"],"jetpack_publicize_connections":[],"jetpack_featured_media_url":"https:\/\/i0.wp.com\/blateman-bobine.com\/wp-content\/uploads\/2015\/12\/dsc_0091.jpg?fit=1200%2C800&ssl=1","jetpack_likes_enabled":true,"jetpack_sharing_enabled":true,"jetpack_shortlink":"https:\/\/wp.me\/p4LVhx-6p","jetpack-related-posts":[{"id":364,"url":"https:\/\/blateman-bobine.com\/fr\/blateman-bobine-en-dedicace-au-festival-sobd-paris\/","url_meta":{"origin":397,"position":0},"title":"Blateman &amp; Bobine en D\u00e9dicace au Festival SoBD (Paris)","author":"Vhenin","date":"29 novembre 2015","format":false,"excerpt":"Vhenin\u00a0et Tarek seront au stand\u00a0de l'\u00e9diteur Tartamudo lors du festival SoBD, salon de la BD de Paris: \u2022 Quand? les 4, 5 et 6\u00a0d\u00e9cembre 2015 de 15h \u00e0 19h, le vendredi et de 11h \u00e0 19h\u00a0les autres jours \u2022 O\u00f9? Halle des Blancs Manteaux, 48 rue Vieille du Temple, Paris\u2026","rel":"","context":"Dans &quot;D\u00e9dicaces&quot;","block_context":{"text":"D\u00e9dicaces","link":"https:\/\/blateman-bobine.com\/fr\/category\/dedicaces\/"},"img":{"alt_text":"","src":"https:\/\/i0.wp.com\/blateman-bobine.com\/wp-content\/uploads\/2015\/11\/flyer-sobd-recto_tarek_vhenin.jpg?fit=848%2C1200&ssl=1&resize=350%2C200","width":350,"height":200,"srcset":"https:\/\/i0.wp.com\/blateman-bobine.com\/wp-content\/uploads\/2015\/11\/flyer-sobd-recto_tarek_vhenin.jpg?fit=848%2C1200&ssl=1&resize=350%2C200 1x, https:\/\/i0.wp.com\/blateman-bobine.com\/wp-content\/uploads\/2015\/11\/flyer-sobd-recto_tarek_vhenin.jpg?fit=848%2C1200&ssl=1&resize=525%2C300 1.5x, https:\/\/i0.wp.com\/blateman-bobine.com\/wp-content\/uploads\/2015\/11\/flyer-sobd-recto_tarek_vhenin.jpg?fit=848%2C1200&ssl=1&resize=700%2C400 2x"},"classes":[]},{"id":870,"url":"https:\/\/blateman-bobine.com\/fr\/blateman-bobine-en-dedicace-a-paris-salon-sobd-le-3-decembre-2016\/","url_meta":{"origin":397,"position":1},"title":"Blateman &amp; Bobine en d\u00e9dicace \u00e0 Paris &#8211; Salon SoBD &#8211; le 3 d\u00e9cembre 2016","author":"Vhenin","date":"28 novembre 2016","format":false,"excerpt":"Hello! Le dessinateur Vhenin sera pr\u00e9sent toute la journ\u00e9e du samedi 3 d\u00e9cembre 2016 pour signer et d\u00e9dicacer sa BD \"Blateman & Bobine\" au stand Tartamudo. Salon SoBD - La BD au coeur de Paris Halle des Blancs-Manteaux, Paris IVe 48 rue Vieille-du-Temple, entr\u00e9e libre Vhenin Portfolio: www.vhenin.be Facebook: Vincent\u2026","rel":"","context":"Dans &quot;D\u00e9dicaces&quot;","block_context":{"text":"D\u00e9dicaces","link":"https:\/\/blateman-bobine.com\/fr\/category\/dedicaces\/"},"img":{"alt_text":"","src":"https:\/\/i0.wp.com\/blateman-bobine.com\/wp-content\/uploads\/2016\/11\/affiche-sobdjpg.jpg?fit=728%2C1030&ssl=1&resize=350%2C200","width":350,"height":200,"srcset":"https:\/\/i0.wp.com\/blateman-bobine.com\/wp-content\/uploads\/2016\/11\/affiche-sobdjpg.jpg?fit=728%2C1030&ssl=1&resize=350%2C200 1x, https:\/\/i0.wp.com\/blateman-bobine.com\/wp-content\/uploads\/2016\/11\/affiche-sobdjpg.jpg?fit=728%2C1030&ssl=1&resize=525%2C300 1.5x, https:\/\/i0.wp.com\/blateman-bobine.com\/wp-content\/uploads\/2016\/11\/affiche-sobdjpg.jpg?fit=728%2C1030&ssl=1&resize=700%2C400 2x"},"classes":[]},{"id":1065,"url":"https:\/\/blateman-bobine.com\/fr\/blateman-et-bobine-en-dedicace-salon-du-livre-de-bondues\/","url_meta":{"origin":397,"position":2},"title":"Blateman et Bobine en d\u00e9dicace &#8211; Salon du Livre de Bondues","author":"Vhenin","date":"16 mars 2017","format":false,"excerpt":"Nos deux super-zh\u00e9ros seront au rendez-vous: ces samedi et dimanche 18 et 19 mars 2017 au Salon du Livre de de Bondues\u00a0 (\u00e0 proximit\u00e9 de Lille) en compagnie de leurs auteurs, Tarek et Vhenin. Venez nous rencontrer! 19e Salon du Livre de Bondues Nouvel espace Poher (6 chemin Saint-Georges \u00e0\u2026","rel":"","context":"Dans &quot;D\u00e9dicaces&quot;","block_context":{"text":"D\u00e9dicaces","link":"https:\/\/blateman-bobine.com\/fr\/category\/dedicaces\/"},"img":{"alt_text":"","src":"https:\/\/i0.wp.com\/blateman-bobine.com\/wp-content\/uploads\/2017\/03\/blateman_bobine_bondues.jpg?fit=652%2C1200&ssl=1&resize=350%2C200","width":350,"height":200,"srcset":"https:\/\/i0.wp.com\/blateman-bobine.com\/wp-content\/uploads\/2017\/03\/blateman_bobine_bondues.jpg?fit=652%2C1200&ssl=1&resize=350%2C200 1x, https:\/\/i0.wp.com\/blateman-bobine.com\/wp-content\/uploads\/2017\/03\/blateman_bobine_bondues.jpg?fit=652%2C1200&ssl=1&resize=525%2C300 1.5x"},"classes":[]},{"id":520,"url":"https:\/\/blateman-bobine.com\/fr\/blateman-et-bobine-en-dedicace-a-la-ferte-sous-jouarre-77-9-et-10-avril-2016\/","url_meta":{"origin":397,"position":3},"title":"Blateman et Bobine en d\u00e9dicace \u00e0 la Fert\u00e9-sous-Jouarre du 9 et 10 avril 2016","author":"Vhenin","date":"4 avril 2016","format":false,"excerpt":"Venez nous\u00a0rencontrer lors du Salon Univers BD de la Fert\u00e9-sous-Jouarre (m\u00e9diath\u00e8que Samuel Beckett) pr\u00e8s de Paris! Les 9 et 10 avril prochains. En plus, le th\u00e8me du salon est 'super-h\u00e9ros', si c'est pas parfait pour Blateman et Bobine, \u00e7a..! Vhenin Portfolio: www.vhenin.be\u00a0et www.vincent-henin.be Facebook: Vincent Henin Comix Illustration (Vhenin) Le\u2026","rel":"","context":"Dans &quot;D\u00e9dicaces&quot;","block_context":{"text":"D\u00e9dicaces","link":"https:\/\/blateman-bobine.com\/fr\/category\/dedicaces\/"},"img":{"alt_text":"","src":"https:\/\/i0.wp.com\/blateman-bobine.com\/wp-content\/uploads\/2016\/04\/image-1.png?fit=1024%2C768&ssl=1&resize=350%2C200","width":350,"height":200,"srcset":"https:\/\/i0.wp.com\/blateman-bobine.com\/wp-content\/uploads\/2016\/04\/image-1.png?fit=1024%2C768&ssl=1&resize=350%2C200 1x, https:\/\/i0.wp.com\/blateman-bobine.com\/wp-content\/uploads\/2016\/04\/image-1.png?fit=1024%2C768&ssl=1&resize=525%2C300 1.5x, https:\/\/i0.wp.com\/blateman-bobine.com\/wp-content\/uploads\/2016\/04\/image-1.png?fit=1024%2C768&ssl=1&resize=700%2C400 2x"},"classes":[]},{"id":991,"url":"https:\/\/blateman-bobine.com\/fr\/blateman-bobine-en-dedicace-a-waterloo-belgique-ce-5-fevrier\/","url_meta":{"origin":397,"position":4},"title":"Blateman &amp; Bobine en d\u00e9dicace \u00e0 Waterloo (Belgique) ce 5 f\u00e9vrier","author":"Vhenin","date":"4 f\u00e9vrier 2017","format":false,"excerpt":"Dans le cadre de l'exposition '20 ans de BD \u00e0 Waterloo'. Mes Voyages d'Alix (sign\u00e9 sous 'Vincent Henin') et Blateman & Bobine ('Vhenin') y sont expos\u00e9s... Vhenin Portfolio: www.vhenin.be Facebook: Vincent Henin Comix Illustration (Vhenin) Le Blog de Vhenin: Le Blog de Vhenin YouTube: La Cha\u00eene de Vhenin","rel":"","context":"Dans &quot;D\u00e9dicaces&quot;","block_context":{"text":"D\u00e9dicaces","link":"https:\/\/blateman-bobine.com\/fr\/category\/dedicaces\/"},"img":{"alt_text":"","src":"https:\/\/i0.wp.com\/blateman-bobine.com\/wp-content\/uploads\/2017\/12\/p1860755.jpg?fit=1024%2C684&ssl=1&resize=350%2C200","width":350,"height":200,"srcset":"https:\/\/i0.wp.com\/blateman-bobine.com\/wp-content\/uploads\/2017\/12\/p1860755.jpg?fit=1024%2C684&ssl=1&resize=350%2C200 1x, https:\/\/i0.wp.com\/blateman-bobine.com\/wp-content\/uploads\/2017\/12\/p1860755.jpg?fit=1024%2C684&ssl=1&resize=525%2C300 1.5x, https:\/\/i0.wp.com\/blateman-bobine.com\/wp-content\/uploads\/2017\/12\/p1860755.jpg?fit=1024%2C684&ssl=1&resize=700%2C400 2x"},"classes":[]},{"id":697,"url":"https:\/\/blateman-bobine.com\/fr\/souvenirs-du-festival-abracadabulles-dolonne-sur-mer\/","url_meta":{"origin":397,"position":5},"title":"Souvenirs du Festival ABRACADABULLES d&rsquo;Olonne-sur-Mer","author":"Vhenin","date":"16 septembre 2016","format":false,"excerpt":"Tarek et Vhenin \u00e9taient pr\u00e9sents \u00e0 la 17e \u00e9dition de Festival BD d'Olonne-sur-mer \"ABRACADABULLES\". Blateman et Bobine sculpt\u00e9s en ballons par Lucky Benji - sculpteur de ballons. Des tr\u00e8s chouettes rencontres, une organisation au top et des b\u00e9n\u00e9voles d\u00e9vou\u00e9s au maximum ! What else ?! Copyright Photos \u00a9 Khushboo Bhagat\u2026","rel":"","context":"Dans &quot;D\u00e9dicaces&quot;","block_context":{"text":"D\u00e9dicaces","link":"https:\/\/blateman-bobine.com\/fr\/category\/dedicaces\/"},"img":{"alt_text":"","src":"https:\/\/i0.wp.com\/blateman-bobine.com\/wp-content\/uploads\/2016\/09\/blateman_bobine_abracadabulles-2016-11.jpg?fit=800%2C1200&ssl=1&resize=350%2C200","width":350,"height":200,"srcset":"https:\/\/i0.wp.com\/blateman-bobine.com\/wp-content\/uploads\/2016\/09\/blateman_bobine_abracadabulles-2016-11.jpg?fit=800%2C1200&ssl=1&resize=350%2C200 1x, https:\/\/i0.wp.com\/blateman-bobine.com\/wp-content\/uploads\/2016\/09\/blateman_bobine_abracadabulles-2016-11.jpg?fit=800%2C1200&ssl=1&resize=525%2C300 1.5x, https:\/\/i0.wp.com\/blateman-bobine.com\/wp-content\/uploads\/2016\/09\/blateman_bobine_abracadabulles-2016-11.jpg?fit=800%2C1200&ssl=1&resize=700%2C400 2x"},"classes":[]}],"_links":{"self":[{"href":"https:\/\/blateman-bobine.com\/fr\/wp-json\/wp\/v2\/posts\/397","targetHints":{"allow":["GET"]}}],"collection":[{"href":"https:\/\/blateman-bobine.com\/fr\/wp-json\/wp\/v2\/posts"}],"about":[{"href":"https:\/\/blateman-bobine.com\/fr\/wp-json\/wp\/v2\/types\/post"}],"author":[{"embeddable":true,"href":"https:\/\/blateman-bobine.com\/fr\/wp-json\/wp\/v2\/users\/74241772"}],"replies":[{"embeddable":true,"href":"https:\/\/blateman-bobine.com\/fr\/wp-json\/wp\/v2\/comments?post=397"}],"version-history":[{"count":15,"href":"https:\/\/blateman-bobine.com\/fr\/wp-json\/wp\/v2\/posts\/397\/revisions"}],"predecessor-version":[{"id":429,"href":"https:\/\/blateman-bobine.com\/fr\/wp-json\/wp\/v2\/posts\/397\/revisions\/429"}],"wp:featuredmedia":[{"embeddable":true,"href":"https:\/\/blateman-bobine.com\/fr\/wp-json\/wp\/v2\/media\/405"}],"wp:attachment":[{"href":"https:\/\/blateman-bobine.com\/fr\/wp-json\/wp\/v2\/media?parent=397"}],"wp:term":[{"taxonomy":"category","embeddable":true,"href":"https:\/\/blateman-bobine.com\/fr\/wp-json\/wp\/v2\/categories?post=397"},{"taxonomy":"post_tag","embeddable":true,"href":"https:\/\/blateman-bobine.com\/fr\/wp-json\/wp\/v2\/tags?post=397"}],"curies":[{"name":"wp","href":"https:\/\/api.w.org\/{rel}","templated":true}]}}