{"id":567,"date":"2016-05-09T13:24:39","date_gmt":"2016-05-09T12:24:39","guid":{"rendered":"https:\/\/blateman-bobine.com\/fr\/?p=567"},"modified":"2025-03-28T16:57:59","modified_gmt":"2025-03-28T15:57:59","slug":"salon-bd-de-marles-les-mines-2016","status":"publish","type":"post","link":"https:\/\/blateman-bobine.com\/fr\/salon-bd-de-marles-les-mines-2016\/","title":{"rendered":"Salon BD de Marles-les-Mines, 2016"},"content":{"rendered":"\n<figure class=\"wp-block-image\"><img data-recalc-dims=\"1\" loading=\"lazy\" decoding=\"async\" width=\"1080\" height=\"810\" data-attachment-id=\"568\" data-permalink=\"https:\/\/blateman-bobine.com\/fr\/salon-bd-de-marles-les-mines-2016\/13129131_1047980411935027_1285040739_n\/\" data-orig-file=\"https:\/\/i0.wp.com\/blateman-bobine.com\/wp-content\/uploads\/2016\/05\/13129131_1047980411935027_1285040739_n.jpg?fit=1080%2C810&amp;ssl=1\" data-orig-size=\"1080,810\" data-comments-opened=\"1\" data-image-meta=\"{&quot;aperture&quot;:&quot;0&quot;,&quot;credit&quot;:&quot;&quot;,&quot;camera&quot;:&quot;&quot;,&quot;caption&quot;:&quot;&quot;,&quot;created_timestamp&quot;:&quot;0&quot;,&quot;copyright&quot;:&quot;&quot;,&quot;focal_length&quot;:&quot;0&quot;,&quot;iso&quot;:&quot;0&quot;,&quot;shutter_speed&quot;:&quot;0&quot;,&quot;title&quot;:&quot;&quot;,&quot;orientation&quot;:&quot;1&quot;}\" data-image-title=\"Blateman et Bobine &amp;#8211; La BD\" data-image-description=\"\" data-image-caption=\"\" data-large-file=\"https:\/\/i0.wp.com\/blateman-bobine.com\/wp-content\/uploads\/2016\/05\/13129131_1047980411935027_1285040739_n.jpg?fit=1024%2C768&amp;ssl=1\" src=\"https:\/\/i0.wp.com\/blateman-bobine.com\/fr\/wp-content\/uploads\/2016\/05\/13129131_1047980411935027_1285040739_n.jpg?resize=1080%2C810&#038;ssl=1\" alt=\"13129131_1047980411935027_1285040739_n\" class=\"wp-image-568\"\/><\/figure>\n\n\n\n<p class=\"wp-block-paragraph\"><\/p>\n\n\n\n<p class=\"wp-block-paragraph\">Tarek a d\u00e9dicac\u00e9 Blateman et Bobinelors du salon BD de Marles-les-Mines.<\/p>\n\n\n\n<figure class=\"wp-block-image\"><img data-recalc-dims=\"1\" loading=\"lazy\" decoding=\"async\" width=\"1080\" height=\"1350\" data-attachment-id=\"569\" data-permalink=\"https:\/\/blateman-bobine.com\/fr\/salon-bd-de-marles-les-mines-2016\/13129705_1705106389764311_85069838_n\/\" data-orig-file=\"https:\/\/i0.wp.com\/blateman-bobine.com\/wp-content\/uploads\/2016\/05\/13129705_1705106389764311_85069838_n.jpg?fit=1080%2C1350&amp;ssl=1\" data-orig-size=\"1080,1350\" data-comments-opened=\"1\" data-image-meta=\"{&quot;aperture&quot;:&quot;0&quot;,&quot;credit&quot;:&quot;&quot;,&quot;camera&quot;:&quot;&quot;,&quot;caption&quot;:&quot;&quot;,&quot;created_timestamp&quot;:&quot;0&quot;,&quot;copyright&quot;:&quot;&quot;,&quot;focal_length&quot;:&quot;0&quot;,&quot;iso&quot;:&quot;0&quot;,&quot;shutter_speed&quot;:&quot;0&quot;,&quot;title&quot;:&quot;&quot;,&quot;orientation&quot;:&quot;1&quot;}\" data-image-title=\"Blateman et Bobine &amp;#8211; La BD\" data-image-description=\"\" data-image-caption=\"\" data-large-file=\"https:\/\/i0.wp.com\/blateman-bobine.com\/wp-content\/uploads\/2016\/05\/13129705_1705106389764311_85069838_n.jpg?fit=819%2C1024&amp;ssl=1\" src=\"https:\/\/i0.wp.com\/blateman-bobine.com\/fr\/wp-content\/uploads\/2016\/05\/13129705_1705106389764311_85069838_n.jpg?resize=1080%2C1350&#038;ssl=1\" alt=\"13129705_1705106389764311_85069838_n\" class=\"wp-image-569\"\/><\/figure>\n\n\n\n<figure class=\"wp-block-image\"><img data-recalc-dims=\"1\" loading=\"lazy\" decoding=\"async\" width=\"1080\" height=\"810\" data-attachment-id=\"570\" data-permalink=\"https:\/\/blateman-bobine.com\/fr\/salon-bd-de-marles-les-mines-2016\/13151000_1546485538981585_1455694480_n\/\" data-orig-file=\"https:\/\/i0.wp.com\/blateman-bobine.com\/wp-content\/uploads\/2016\/05\/13151000_1546485538981585_1455694480_n.jpg?fit=1080%2C810&amp;ssl=1\" data-orig-size=\"1080,810\" data-comments-opened=\"1\" data-image-meta=\"{&quot;aperture&quot;:&quot;0&quot;,&quot;credit&quot;:&quot;&quot;,&quot;camera&quot;:&quot;&quot;,&quot;caption&quot;:&quot;&quot;,&quot;created_timestamp&quot;:&quot;0&quot;,&quot;copyright&quot;:&quot;&quot;,&quot;focal_length&quot;:&quot;0&quot;,&quot;iso&quot;:&quot;0&quot;,&quot;shutter_speed&quot;:&quot;0&quot;,&quot;title&quot;:&quot;&quot;,&quot;orientation&quot;:&quot;1&quot;}\" data-image-title=\"Blateman et Bobine &amp;#8211; La BD\" data-image-description=\"\" data-image-caption=\"\" data-large-file=\"https:\/\/i0.wp.com\/blateman-bobine.com\/wp-content\/uploads\/2016\/05\/13151000_1546485538981585_1455694480_n.jpg?fit=1024%2C768&amp;ssl=1\" src=\"https:\/\/i0.wp.com\/blateman-bobine.com\/fr\/wp-content\/uploads\/2016\/05\/13151000_1546485538981585_1455694480_n.jpg?resize=1080%2C810&#038;ssl=1\" alt=\"13151000_1546485538981585_1455694480_n\" class=\"wp-image-570\"\/><\/figure>\n\n\n\n<figure class=\"wp-block-image\"><img data-recalc-dims=\"1\" loading=\"lazy\" decoding=\"async\" width=\"1080\" height=\"918\" data-attachment-id=\"571\" data-permalink=\"https:\/\/blateman-bobine.com\/fr\/salon-bd-de-marles-les-mines-2016\/13151047_919353994852021_1992144121_n\/\" data-orig-file=\"https:\/\/i0.wp.com\/blateman-bobine.com\/wp-content\/uploads\/2016\/05\/13151047_919353994852021_1992144121_n.jpg?fit=1080%2C918&amp;ssl=1\" data-orig-size=\"1080,918\" data-comments-opened=\"1\" data-image-meta=\"{&quot;aperture&quot;:&quot;0&quot;,&quot;credit&quot;:&quot;&quot;,&quot;camera&quot;:&quot;&quot;,&quot;caption&quot;:&quot;&quot;,&quot;created_timestamp&quot;:&quot;0&quot;,&quot;copyright&quot;:&quot;&quot;,&quot;focal_length&quot;:&quot;0&quot;,&quot;iso&quot;:&quot;0&quot;,&quot;shutter_speed&quot;:&quot;0&quot;,&quot;title&quot;:&quot;&quot;,&quot;orientation&quot;:&quot;1&quot;}\" data-image-title=\"Blateman et Bobine &amp;#8211; La BD\" data-image-description=\"\" data-image-caption=\"\" data-large-file=\"https:\/\/i0.wp.com\/blateman-bobine.com\/wp-content\/uploads\/2016\/05\/13151047_919353994852021_1992144121_n.jpg?fit=1024%2C870&amp;ssl=1\" src=\"https:\/\/i0.wp.com\/blateman-bobine.com\/fr\/wp-content\/uploads\/2016\/05\/13151047_919353994852021_1992144121_n.jpg?resize=1080%2C918&#038;ssl=1\" alt=\"13151047_919353994852021_1992144121_n\" class=\"wp-image-571\"\/><\/figure>\n\n\n\n<figure class=\"wp-block-image\"><img data-recalc-dims=\"1\" loading=\"lazy\" decoding=\"async\" width=\"1080\" height=\"810\" data-attachment-id=\"572\" data-permalink=\"https:\/\/blateman-bobine.com\/fr\/salon-bd-de-marles-les-mines-2016\/13166909_170091526721615_1123221134_n\/\" data-orig-file=\"https:\/\/i0.wp.com\/blateman-bobine.com\/wp-content\/uploads\/2016\/05\/13166909_170091526721615_1123221134_n.jpg?fit=1080%2C810&amp;ssl=1\" data-orig-size=\"1080,810\" data-comments-opened=\"1\" data-image-meta=\"{&quot;aperture&quot;:&quot;0&quot;,&quot;credit&quot;:&quot;&quot;,&quot;camera&quot;:&quot;&quot;,&quot;caption&quot;:&quot;&quot;,&quot;created_timestamp&quot;:&quot;0&quot;,&quot;copyright&quot;:&quot;&quot;,&quot;focal_length&quot;:&quot;0&quot;,&quot;iso&quot;:&quot;0&quot;,&quot;shutter_speed&quot;:&quot;0&quot;,&quot;title&quot;:&quot;&quot;,&quot;orientation&quot;:&quot;1&quot;}\" data-image-title=\"Blateman et Bobine &amp;#8211; La BD\" data-image-description=\"\" data-image-caption=\"\" data-large-file=\"https:\/\/i0.wp.com\/blateman-bobine.com\/wp-content\/uploads\/2016\/05\/13166909_170091526721615_1123221134_n.jpg?fit=1024%2C768&amp;ssl=1\" src=\"https:\/\/i0.wp.com\/blateman-bobine.com\/fr\/wp-content\/uploads\/2016\/05\/13166909_170091526721615_1123221134_n.jpg?resize=1080%2C810&#038;ssl=1\" alt=\"13166909_170091526721615_1123221134_n\" class=\"wp-image-572\"\/><\/figure>\n\n\n\n<p class=\"wp-block-paragraph\"><\/p>\n","protected":false},"excerpt":{"rendered":"<p>Tarek a d\u00e9dicac\u00e9 Blateman et Bobinelors du salon BD de Marles-les-Mines.<\/p>\n","protected":false},"author":16213113,"featured_media":572,"comment_status":"open","ping_status":"open","sticky":false,"template":"","format":"standard","meta":{"_coblocks_attr":"","_coblocks_dimensions":"","_coblocks_responsive_height":"","_coblocks_accordion_ie_support":"","_crdt_document":"","advanced_seo_description":"","jetpack_seo_html_title":"","jetpack_seo_noindex":false,"_jetpack_newsletter_access":"","_jetpack_dont_email_post_to_subs":false,"_jetpack_newsletter_tier_id":0,"_jetpack_memberships_contains_paywalled_content":false,"_jetpack_memberships_contains_paid_content":false,"footnotes":"","jetpack_publicize_message":"","jetpack_publicize_feature_enabled":true,"jetpack_social_post_already_shared":false,"jetpack_social_options":{"image_generator_settings":{"template":"highway","default_image_id":0,"font":"","enabled":false},"version":2},"_wpas_customize_per_network":false,"jetpack_post_was_ever_published":false},"categories":[1223035],"tags":[44670,21752,263100701,1338044,3883569,546252760,521729239,35,346062291,46449269,346062282,39123,3968362,1536666,299480777],"class_list":["post-567","post","type-post","status-publish","format-standard","has-post-thumbnail","hentry","category-dedicaces","tag-bande-dessinee","tag-bd","tag-blateman","tag-bobine","tag-comics-book","tag-comics_book","tag-goudacity","tag-humour","tag-loindetout","tag-marles-les-mines","tag-planche_bd","tag-super-heros","tag-tarek","tag-tartamudo","tag-vhenin"],"jetpack_publicize_connections":[],"jetpack_featured_media_url":"https:\/\/i0.wp.com\/blateman-bobine.com\/wp-content\/uploads\/2016\/05\/13166909_170091526721615_1123221134_n.jpg?fit=1080%2C810&ssl=1","jetpack_likes_enabled":true,"jetpack_sharing_enabled":true,"jetpack_shortlink":"https:\/\/wp.me\/p4LVhx-99","jetpack-related-posts":[{"id":994,"url":"https:\/\/blateman-bobine.com\/fr\/sobd-2016\/","url_meta":{"origin":567,"position":0},"title":"Vhenin \u00e0 SoBD 2016 (Paris)","author":"Tarek Ben Yakhlef","date":"8 f\u00e9vrier 2017","format":false,"excerpt":"Vhenin et d'autres \"Tartatmudois\" (habitants de la plan\u00e8te Tartamudo) \u00e9taient pr\u00e9sents au Salon SoBD 2016 \u00e0 Paris. Beau succ\u00e8s pour \"Blateman & Bobine\" puisque Vhenin se retrouve m\u00eame dans la Vid\u00e9o Officielle du Salon (vers 3 min 38 sec...)! https:\/\/youtu.be\/RgVs0yj5UM8","rel":"","context":"Dans &quot;D\u00e9dicaces&quot;","block_context":{"text":"D\u00e9dicaces","link":"https:\/\/blateman-bobine.com\/fr\/category\/dedicaces\/"},"img":{"alt_text":"","src":"https:\/\/i0.wp.com\/blateman-bobine.com\/wp-content\/uploads\/2024\/10\/462691224_10235738599505187_5836826645977011765_n.jpg?fit=939%2C1200&ssl=1&resize=350%2C200","width":350,"height":200,"srcset":"https:\/\/i0.wp.com\/blateman-bobine.com\/wp-content\/uploads\/2024\/10\/462691224_10235738599505187_5836826645977011765_n.jpg?fit=939%2C1200&ssl=1&resize=350%2C200 1x, https:\/\/i0.wp.com\/blateman-bobine.com\/wp-content\/uploads\/2024\/10\/462691224_10235738599505187_5836826645977011765_n.jpg?fit=939%2C1200&ssl=1&resize=525%2C300 1.5x, https:\/\/i0.wp.com\/blateman-bobine.com\/wp-content\/uploads\/2024\/10\/462691224_10235738599505187_5836826645977011765_n.jpg?fit=939%2C1200&ssl=1&resize=700%2C400 2x"},"classes":[]},{"id":797,"url":"https:\/\/blateman-bobine.com\/fr\/salon-bd-de-bulleberry-2016\/","url_meta":{"origin":567,"position":1},"title":"Salon BD de BulleBerry 2016","author":"","date":"4 octobre 2016","format":false,"excerpt":"\u2605\u2605\u2605 Tarek en d\u00e9dicace au salon BD de BulleBerry \u00e0 Bourges du 1er au 2 oct. \u2605\u2605\u2605 Le tapis de souris Blateman et Bobine est dor\u00e9navant disponible \u00e0 la vente au prix de 10 euros !","rel":"","context":"Dans &quot;D\u00e9dicaces&quot;","block_context":{"text":"D\u00e9dicaces","link":"https:\/\/blateman-bobine.com\/fr\/category\/dedicaces\/"},"img":{"alt_text":"","src":"https:\/\/i0.wp.com\/blateman-bobine.com\/wp-content\/uploads\/2016\/10\/p1450071.jpg?fit=1024%2C684&ssl=1&resize=350%2C200","width":350,"height":200,"srcset":"https:\/\/i0.wp.com\/blateman-bobine.com\/wp-content\/uploads\/2016\/10\/p1450071.jpg?fit=1024%2C684&ssl=1&resize=350%2C200 1x, https:\/\/i0.wp.com\/blateman-bobine.com\/wp-content\/uploads\/2016\/10\/p1450071.jpg?fit=1024%2C684&ssl=1&resize=525%2C300 1.5x, https:\/\/i0.wp.com\/blateman-bobine.com\/wp-content\/uploads\/2016\/10\/p1450071.jpg?fit=1024%2C684&ssl=1&resize=700%2C400 2x"},"classes":[]},{"id":1405,"url":"https:\/\/blateman-bobine.com\/fr\/salon-bd-plougabulles\/","url_meta":{"origin":567,"position":2},"title":"Salon BD Plougabulles","author":"Tarek Ben Yakhlef","date":"18 septembre 2023","format":false,"excerpt":"https:\/\/tarek-bd.fr\/2023\/09\/18\/salon-bd-plougabulles\/?page_id=34690","rel":"","context":"Dans &quot;D\u00e9dicaces&quot;","block_context":{"text":"D\u00e9dicaces","link":"https:\/\/blateman-bobine.com\/fr\/category\/dedicaces\/"},"img":{"alt_text":"","src":"https:\/\/i0.wp.com\/blateman-bobine.com\/wp-content\/uploads\/2023\/09\/376273079_10232727839038057_6568431664669337590_n.jpg?fit=1200%2C900&ssl=1&resize=350%2C200","width":350,"height":200,"srcset":"https:\/\/i0.wp.com\/blateman-bobine.com\/wp-content\/uploads\/2023\/09\/376273079_10232727839038057_6568431664669337590_n.jpg?fit=1200%2C900&ssl=1&resize=350%2C200 1x, https:\/\/i0.wp.com\/blateman-bobine.com\/wp-content\/uploads\/2023\/09\/376273079_10232727839038057_6568431664669337590_n.jpg?fit=1200%2C900&ssl=1&resize=525%2C300 1.5x, https:\/\/i0.wp.com\/blateman-bobine.com\/wp-content\/uploads\/2023\/09\/376273079_10232727839038057_6568431664669337590_n.jpg?fit=1200%2C900&ssl=1&resize=700%2C400 2x, https:\/\/i0.wp.com\/blateman-bobine.com\/wp-content\/uploads\/2023\/09\/376273079_10232727839038057_6568431664669337590_n.jpg?fit=1200%2C900&ssl=1&resize=1050%2C600 3x"},"classes":[]},{"id":397,"url":"https:\/\/blateman-bobine.com\/fr\/souvenirs-de-la-dedicace-blateman-bobine-a-sobd-2015-salon-de-la-bd-a-paris\/","url_meta":{"origin":567,"position":3},"title":"Souvenirs de la D\u00e9dicace \u00ab\u00a0Blateman &amp; Bobine\u00a0\u00bb \u00e0 SoBD 2015 &#8211; salon de la BD \u00e0 Paris","author":"Vhenin","date":"7 d\u00e9cembre 2015","format":false,"excerpt":"Merci \u00e0 tous d'\u00eatre venus nous voir et bavarder avec nous au stand Tartamudo le week-end des 4, 5 et 6 d\u00e9cembre. Tarek et moi avions le plaisir d'\u00eatre en compagnie d'autres Tartamudois (Tartumud\u00e9ens?): Vincent Pompetti Jos\u00e9 Jover Rodolphe Merci \u00e0 Martine pour sa gentillesse et son support tout au\u2026","rel":"","context":"Dans &quot;D\u00e9dicaces&quot;","block_context":{"text":"D\u00e9dicaces","link":"https:\/\/blateman-bobine.com\/fr\/category\/dedicaces\/"},"img":{"alt_text":"","src":"https:\/\/i0.wp.com\/blateman-bobine.com\/wp-content\/uploads\/2015\/12\/dsc_0091.jpg?fit=1200%2C800&ssl=1&resize=350%2C200","width":350,"height":200,"srcset":"https:\/\/i0.wp.com\/blateman-bobine.com\/wp-content\/uploads\/2015\/12\/dsc_0091.jpg?fit=1200%2C800&ssl=1&resize=350%2C200 1x, https:\/\/i0.wp.com\/blateman-bobine.com\/wp-content\/uploads\/2015\/12\/dsc_0091.jpg?fit=1200%2C800&ssl=1&resize=525%2C300 1.5x, https:\/\/i0.wp.com\/blateman-bobine.com\/wp-content\/uploads\/2015\/12\/dsc_0091.jpg?fit=1200%2C800&ssl=1&resize=700%2C400 2x, https:\/\/i0.wp.com\/blateman-bobine.com\/wp-content\/uploads\/2015\/12\/dsc_0091.jpg?fit=1200%2C800&ssl=1&resize=1050%2C600 3x"},"classes":[]},{"id":563,"url":"https:\/\/blateman-bobine.com\/fr\/salon-univers-bd-2016\/","url_meta":{"origin":567,"position":4},"title":"Salon Univers BD 2016","author":"","date":"19 avril 2016","format":false,"excerpt":"Vhenin et Tarek ont d\u00e9fendu les couleurs de l'\u00e9quipe Blateman et Bobine !","rel":"","context":"Dans &quot;D\u00e9dicaces&quot;","block_context":{"text":"D\u00e9dicaces","link":"https:\/\/blateman-bobine.com\/fr\/category\/dedicaces\/"},"img":{"alt_text":"","src":"https:\/\/i0.wp.com\/blateman-bobine.com\/wp-content\/uploads\/2016\/04\/p1190883.jpg?fit=1024%2C684&ssl=1&resize=350%2C200","width":350,"height":200,"srcset":"https:\/\/i0.wp.com\/blateman-bobine.com\/wp-content\/uploads\/2016\/04\/p1190883.jpg?fit=1024%2C684&ssl=1&resize=350%2C200 1x, https:\/\/i0.wp.com\/blateman-bobine.com\/wp-content\/uploads\/2016\/04\/p1190883.jpg?fit=1024%2C684&ssl=1&resize=525%2C300 1.5x, https:\/\/i0.wp.com\/blateman-bobine.com\/wp-content\/uploads\/2016\/04\/p1190883.jpg?fit=1024%2C684&ssl=1&resize=700%2C400 2x"},"classes":[]},{"id":814,"url":"https:\/\/blateman-bobine.com\/fr\/salon-bd-de-olonne-sur-mer-2016\/","url_meta":{"origin":567,"position":5},"title":"Salon BD de Olonne-sur-Mer, 2016","author":"","date":"20 octobre 2016","format":false,"excerpt":"Tarek et Vhenin \u00e9taient pr\u00e9sents au salon BD de Olonne-sur-mer du 10 au 11 sept. 2016 !","rel":"","context":"Dans &quot;D\u00e9dicaces&quot;","block_context":{"text":"D\u00e9dicaces","link":"https:\/\/blateman-bobine.com\/fr\/category\/dedicaces\/"},"img":{"alt_text":"","src":"https:\/\/i0.wp.com\/blateman-bobine.com\/wp-content\/uploads\/2016\/10\/p1430821.jpg?fit=1024%2C684&ssl=1&resize=350%2C200","width":350,"height":200,"srcset":"https:\/\/i0.wp.com\/blateman-bobine.com\/wp-content\/uploads\/2016\/10\/p1430821.jpg?fit=1024%2C684&ssl=1&resize=350%2C200 1x, https:\/\/i0.wp.com\/blateman-bobine.com\/wp-content\/uploads\/2016\/10\/p1430821.jpg?fit=1024%2C684&ssl=1&resize=525%2C300 1.5x, https:\/\/i0.wp.com\/blateman-bobine.com\/wp-content\/uploads\/2016\/10\/p1430821.jpg?fit=1024%2C684&ssl=1&resize=700%2C400 2x"},"classes":[]}],"_links":{"self":[{"href":"https:\/\/blateman-bobine.com\/fr\/wp-json\/wp\/v2\/posts\/567","targetHints":{"allow":["GET"]}}],"collection":[{"href":"https:\/\/blateman-bobine.com\/fr\/wp-json\/wp\/v2\/posts"}],"about":[{"href":"https:\/\/blateman-bobine.com\/fr\/wp-json\/wp\/v2\/types\/post"}],"author":[{"embeddable":true,"href":"https:\/\/blateman-bobine.com\/fr\/wp-json\/wp\/v2\/users\/16213113"}],"replies":[{"embeddable":true,"href":"https:\/\/blateman-bobine.com\/fr\/wp-json\/wp\/v2\/comments?post=567"}],"version-history":[{"count":5,"href":"https:\/\/blateman-bobine.com\/fr\/wp-json\/wp\/v2\/posts\/567\/revisions"}],"predecessor-version":[{"id":1866,"href":"https:\/\/blateman-bobine.com\/fr\/wp-json\/wp\/v2\/posts\/567\/revisions\/1866"}],"wp:featuredmedia":[{"embeddable":true,"href":"https:\/\/blateman-bobine.com\/fr\/wp-json\/wp\/v2\/media\/572"}],"wp:attachment":[{"href":"https:\/\/blateman-bobine.com\/fr\/wp-json\/wp\/v2\/media?parent=567"}],"wp:term":[{"taxonomy":"category","embeddable":true,"href":"https:\/\/blateman-bobine.com\/fr\/wp-json\/wp\/v2\/categories?post=567"},{"taxonomy":"post_tag","embeddable":true,"href":"https:\/\/blateman-bobine.com\/fr\/wp-json\/wp\/v2\/tags?post=567"}],"curies":[{"name":"wp","href":"https:\/\/api.w.org\/{rel}","templated":true}]}}