{"id":742,"date":"2016-09-23T14:55:49","date_gmt":"2016-09-23T13:55:49","guid":{"rendered":"https:\/\/blateman-bobine.com\/fr\/?p=742"},"modified":"2025-03-28T10:12:31","modified_gmt":"2025-03-28T09:12:31","slug":"blateman-bobine-en-dedicaces-au-festilivres-de-juvardeil-fr-49","status":"publish","type":"post","link":"https:\/\/blateman-bobine.com\/fr\/blateman-bobine-en-dedicaces-au-festilivres-de-juvardeil-fr-49\/","title":{"rendered":"Blateman &amp; Bobine en d\u00e9dicaces au Festilivres de Juvardeil (FR &#8211; 49)"},"content":{"rendered":"<p style=\"text-align:center;\"><strong>Tarek<\/strong> et moi-m\u00eame, <strong>Vhenin<\/strong>, serons en d\u00e9dicaces pour d\u00e9fendre haut et fort les couleurs de nos deux super-h\u00e9ros de la loose, \u00ab\u00a0<strong>Blateman &amp; Bobine<\/strong>\u00ab\u00a0<\/p>\n<p style=\"text-align:center;\">\u00e0 <a title=\"Festilivres de Juvardeil\" href=\"http:\/\/festilivresjuvardeil.e-monsite.com\/\" target=\"_blank\">JUVARDEIL au Festilivres<\/a> le dimanche 25 septembre 2016<\/p>\n<p style=\"text-align:center;\">Venez nombreux !<\/p>\n<p><img data-recalc-dims=\"1\" loading=\"lazy\" decoding=\"async\" data-attachment-id=\"745\" data-permalink=\"https:\/\/blateman-bobine.com\/fr\/blateman-bobine-en-dedicaces-au-festilivres-de-juvardeil-fr-49\/affiche_blateman_bobine_juvardeil\/\" data-orig-file=\"https:\/\/i0.wp.com\/blateman-bobine.com\/wp-content\/uploads\/2016\/09\/affiche_blateman_bobine_juvardeil.jpg?fit=500%2C800&amp;ssl=1\" data-orig-size=\"500,800\" data-comments-opened=\"1\" data-image-meta=\"{&quot;aperture&quot;:&quot;0&quot;,&quot;credit&quot;:&quot;&quot;,&quot;camera&quot;:&quot;&quot;,&quot;caption&quot;:&quot;&quot;,&quot;created_timestamp&quot;:&quot;0&quot;,&quot;copyright&quot;:&quot;&quot;,&quot;focal_length&quot;:&quot;0&quot;,&quot;iso&quot;:&quot;0&quot;,&quot;shutter_speed&quot;:&quot;0&quot;,&quot;title&quot;:&quot;&quot;,&quot;orientation&quot;:&quot;0&quot;}\" data-image-title=\"Festilivres de Juvardeil\" data-image-description=\"\" data-image-caption=\"\" data-large-file=\"https:\/\/i0.wp.com\/blateman-bobine.com\/wp-content\/uploads\/2016\/09\/affiche_blateman_bobine_juvardeil.jpg?fit=500%2C800&amp;ssl=1\" class=\" size-full wp-image-745 aligncenter\" src=\"https:\/\/i0.wp.com\/blateman-bobine.com\/fr\/wp-content\/uploads\/2016\/09\/affiche_blateman_bobine_juvardeil.jpg?resize=500%2C800&#038;ssl=1\" alt=\"affiche_blateman_bobine_juvardeil\" width=\"500\" height=\"800\" \/><\/p>\n<p style=\"text-align:center;\"><strong>Vhenin<\/strong> <strong>Portfolio:<\/strong> <a href=\"http:\/\/www.vhenin.be\/\" target=\"_blank\">www.vhenin.be<\/a><a href=\"http:\/\/www.vincent-henin.be\/\" target=\"_blank\"><br \/>\n<\/a><strong>Facebook:<\/strong> <a href=\"https:\/\/fr-fr.facebook.com\/vincenthenin.comixillustration\" target=\"_blank\">Vincent Henin Comix Illustration (Vhenin)<br \/>\n<\/a><strong>Le Blog de Vhenin:<\/strong> <a title=\"Blateman et Bobine - Site Officiel\" href=\"http:\/\/vhenin.canalblog.com\/\" target=\"_blank\">www.vhenin.canalblog.com<\/a><br \/>\n<strong>YouTube: <\/strong><a title=\"La cha\u00eene YouTube de Vhenin\" href=\"https:\/\/www.youtube.com\/channel\/UCFgRf_TU8ES5LJNMaKOr8Eg\" target=\"_blank\">La Cha\u00eene de Vhenin<\/a><\/p>\n","protected":false},"excerpt":{"rendered":"<p>Tarek et moi-m\u00eame, Vhenin, serons en d\u00e9dicaces pour d\u00e9fendre haut et fort les couleurs de nos deux super-h\u00e9ros de la loose, \u00ab\u00a0Blateman &amp; Bobine\u00ab\u00a0 \u00e0 JUVARDEIL au Festilivres le dimanche 25 septembre 2016 Venez nombreux ! Vhenin Portfolio: <a href=\"http:\/\/www.vhenin.be\" rel=\"nofollow\">http:\/\/www.vhenin.be<\/a> Facebook: Vincent Henin Comix Illustration (Vhenin) Le Blog de Vhenin: <a href=\"http:\/\/www.vhenin.canalblog.com\" rel=\"nofollow\">http:\/\/www.vhenin.canalblog.com<\/a> YouTube: La Cha\u00eene de Vhenin<\/p>\n","protected":false},"author":74241772,"featured_media":745,"comment_status":"open","ping_status":"open","sticky":false,"template":"","format":"standard","meta":{"_coblocks_attr":"","_coblocks_dimensions":"","_coblocks_responsive_height":"","_coblocks_accordion_ie_support":"","_crdt_document":"","advanced_seo_description":"","jetpack_seo_html_title":"","jetpack_seo_noindex":false,"_jetpack_newsletter_access":"","_jetpack_dont_email_post_to_subs":false,"_jetpack_newsletter_tier_id":0,"_jetpack_memberships_contains_paywalled_content":false,"_jetpack_memberships_contains_paid_content":false,"footnotes":"","jetpack_publicize_message":"","jetpack_publicize_feature_enabled":true,"jetpack_social_post_already_shared":false,"jetpack_social_options":{"image_generator_settings":{"template":"highway","default_image_id":0,"font":"","enabled":false},"version":2},"_wpas_customize_per_network":false,"jetpack_post_was_ever_published":false},"categories":[1223035],"tags":[44670,21752,263100701,1338044,521729239,346062291,1202233,39123,3968362,1536666,299480777],"class_list":["post-742","post","type-post","status-publish","format-standard","has-post-thumbnail","hentry","category-dedicaces","tag-bande-dessinee","tag-bd","tag-blateman","tag-bobine","tag-goudacity","tag-loindetout","tag-monstres","tag-super-heros","tag-tarek","tag-tartamudo","tag-vhenin"],"jetpack_publicize_connections":[],"jetpack_featured_media_url":"https:\/\/i0.wp.com\/blateman-bobine.com\/wp-content\/uploads\/2016\/09\/affiche_blateman_bobine_juvardeil.jpg?fit=500%2C800&ssl=1","jetpack_likes_enabled":true,"jetpack_sharing_enabled":true,"jetpack_shortlink":"https:\/\/wp.me\/p4LVhx-bY","jetpack-related-posts":[{"id":778,"url":"https:\/\/blateman-bobine.com\/fr\/vhenin-et-tarek-en-dedicace-au-salon-du-livre-de-juvardeil\/","url_meta":{"origin":742,"position":0},"title":"Vhenin et Tarek en d\u00e9dicace au salon du livre de Juvardeil","author":"","date":"26 septembre 2016","format":"gallery","excerpt":"","rel":"","context":"Dans &quot;D\u00e9dicaces&quot;","block_context":{"text":"D\u00e9dicaces","link":"https:\/\/blateman-bobine.com\/fr\/category\/dedicaces\/"},"img":{"alt_text":"","src":"https:\/\/i0.wp.com\/blateman-bobine.com\/wp-content\/uploads\/2016\/09\/p1440639.jpg?fit=1024%2C684&ssl=1&resize=350%2C200","width":350,"height":200,"srcset":"https:\/\/i0.wp.com\/blateman-bobine.com\/wp-content\/uploads\/2016\/09\/p1440639.jpg?fit=1024%2C684&ssl=1&resize=350%2C200 1x, https:\/\/i0.wp.com\/blateman-bobine.com\/wp-content\/uploads\/2016\/09\/p1440639.jpg?fit=1024%2C684&ssl=1&resize=525%2C300 1.5x, https:\/\/i0.wp.com\/blateman-bobine.com\/wp-content\/uploads\/2016\/09\/p1440639.jpg?fit=1024%2C684&ssl=1&resize=700%2C400 2x"},"classes":[]},{"id":364,"url":"https:\/\/blateman-bobine.com\/fr\/blateman-bobine-en-dedicace-au-festival-sobd-paris\/","url_meta":{"origin":742,"position":1},"title":"Blateman &amp; Bobine en D\u00e9dicace au Festival SoBD (Paris)","author":"Vhenin","date":"29 novembre 2015","format":false,"excerpt":"Vhenin\u00a0et Tarek seront au stand\u00a0de l'\u00e9diteur Tartamudo lors du festival SoBD, salon de la BD de Paris: \u2022 Quand? les 4, 5 et 6\u00a0d\u00e9cembre 2015 de 15h \u00e0 19h, le vendredi et de 11h \u00e0 19h\u00a0les autres jours \u2022 O\u00f9? Halle des Blancs Manteaux, 48 rue Vieille du Temple, Paris\u2026","rel":"","context":"Dans &quot;D\u00e9dicaces&quot;","block_context":{"text":"D\u00e9dicaces","link":"https:\/\/blateman-bobine.com\/fr\/category\/dedicaces\/"},"img":{"alt_text":"","src":"https:\/\/i0.wp.com\/blateman-bobine.com\/wp-content\/uploads\/2015\/11\/flyer-sobd-recto_tarek_vhenin.jpg?fit=848%2C1200&ssl=1&resize=350%2C200","width":350,"height":200,"srcset":"https:\/\/i0.wp.com\/blateman-bobine.com\/wp-content\/uploads\/2015\/11\/flyer-sobd-recto_tarek_vhenin.jpg?fit=848%2C1200&ssl=1&resize=350%2C200 1x, https:\/\/i0.wp.com\/blateman-bobine.com\/wp-content\/uploads\/2015\/11\/flyer-sobd-recto_tarek_vhenin.jpg?fit=848%2C1200&ssl=1&resize=525%2C300 1.5x, https:\/\/i0.wp.com\/blateman-bobine.com\/wp-content\/uploads\/2015\/11\/flyer-sobd-recto_tarek_vhenin.jpg?fit=848%2C1200&ssl=1&resize=700%2C400 2x"},"classes":[]},{"id":991,"url":"https:\/\/blateman-bobine.com\/fr\/blateman-bobine-en-dedicace-a-waterloo-belgique-ce-5-fevrier\/","url_meta":{"origin":742,"position":2},"title":"Blateman &amp; Bobine en d\u00e9dicace \u00e0 Waterloo (Belgique) ce 5 f\u00e9vrier","author":"Vhenin","date":"4 f\u00e9vrier 2017","format":false,"excerpt":"Dans le cadre de l'exposition '20 ans de BD \u00e0 Waterloo'. Mes Voyages d'Alix (sign\u00e9 sous 'Vincent Henin') et Blateman & Bobine ('Vhenin') y sont expos\u00e9s... Vhenin Portfolio: www.vhenin.be Facebook: Vincent Henin Comix Illustration (Vhenin) Le Blog de Vhenin: Le Blog de Vhenin YouTube: La Cha\u00eene de Vhenin","rel":"","context":"Dans &quot;D\u00e9dicaces&quot;","block_context":{"text":"D\u00e9dicaces","link":"https:\/\/blateman-bobine.com\/fr\/category\/dedicaces\/"},"img":{"alt_text":"","src":"https:\/\/i0.wp.com\/blateman-bobine.com\/wp-content\/uploads\/2017\/12\/p1860755.jpg?fit=1024%2C684&ssl=1&resize=350%2C200","width":350,"height":200,"srcset":"https:\/\/i0.wp.com\/blateman-bobine.com\/wp-content\/uploads\/2017\/12\/p1860755.jpg?fit=1024%2C684&ssl=1&resize=350%2C200 1x, https:\/\/i0.wp.com\/blateman-bobine.com\/wp-content\/uploads\/2017\/12\/p1860755.jpg?fit=1024%2C684&ssl=1&resize=525%2C300 1.5x, https:\/\/i0.wp.com\/blateman-bobine.com\/wp-content\/uploads\/2017\/12\/p1860755.jpg?fit=1024%2C684&ssl=1&resize=700%2C400 2x"},"classes":[]},{"id":520,"url":"https:\/\/blateman-bobine.com\/fr\/blateman-et-bobine-en-dedicace-a-la-ferte-sous-jouarre-77-9-et-10-avril-2016\/","url_meta":{"origin":742,"position":3},"title":"Blateman et Bobine en d\u00e9dicace \u00e0 la Fert\u00e9-sous-Jouarre du 9 et 10 avril 2016","author":"Vhenin","date":"4 avril 2016","format":false,"excerpt":"Venez nous\u00a0rencontrer lors du Salon Univers BD de la Fert\u00e9-sous-Jouarre (m\u00e9diath\u00e8que Samuel Beckett) pr\u00e8s de Paris! Les 9 et 10 avril prochains. En plus, le th\u00e8me du salon est 'super-h\u00e9ros', si c'est pas parfait pour Blateman et Bobine, \u00e7a..! Vhenin Portfolio: www.vhenin.be\u00a0et www.vincent-henin.be Facebook: Vincent Henin Comix Illustration (Vhenin) Le\u2026","rel":"","context":"Dans &quot;D\u00e9dicaces&quot;","block_context":{"text":"D\u00e9dicaces","link":"https:\/\/blateman-bobine.com\/fr\/category\/dedicaces\/"},"img":{"alt_text":"","src":"https:\/\/i0.wp.com\/blateman-bobine.com\/wp-content\/uploads\/2016\/04\/image-1.png?fit=1024%2C768&ssl=1&resize=350%2C200","width":350,"height":200,"srcset":"https:\/\/i0.wp.com\/blateman-bobine.com\/wp-content\/uploads\/2016\/04\/image-1.png?fit=1024%2C768&ssl=1&resize=350%2C200 1x, https:\/\/i0.wp.com\/blateman-bobine.com\/wp-content\/uploads\/2016\/04\/image-1.png?fit=1024%2C768&ssl=1&resize=525%2C300 1.5x, https:\/\/i0.wp.com\/blateman-bobine.com\/wp-content\/uploads\/2016\/04\/image-1.png?fit=1024%2C768&ssl=1&resize=700%2C400 2x"},"classes":[]},{"id":299,"url":"https:\/\/blateman-bobine.com\/fr\/blateman-bobine-en-dedicace-a-arlon-16-decembre-2015-belgique\/","url_meta":{"origin":742,"position":4},"title":"Blateman &amp; Bobine en D\u00e9dicace \u00e0 ARLON  (Belgique) &#8211; 16 d\u00e9cembre 2015","author":"Vhenin","date":"21 novembre 2015","format":false,"excerpt":"Vincent Henin - Vhenin sera \u00e0 la Biblioth\u00e8que Communale d'Arlon\u00a0(Belgique): \u2022 Quand? le 16 d\u00e9cembre 2015 de 13h30 \u00e0 17h00 \u2022 O\u00f9? Biblioth\u00e8que et Ludoth\u00e8que d'Arlon,\u00a0Parc des Expositions 5, 6700 Arlon (Belgique) L'auteur\u00a0sera l\u00e0 pour la Premi\u00e8re de sa nouvelle BD car celle-ci sort officiellement quelques jours avant! D\u00e9dicace et\u2026","rel":"","context":"Dans &quot;D\u00e9dicaces&quot;","block_context":{"text":"D\u00e9dicaces","link":"https:\/\/blateman-bobine.com\/fr\/category\/dedicaces\/"},"img":{"alt_text":"","src":"https:\/\/i0.wp.com\/blateman-bobine.com\/wp-content\/uploads\/2015\/11\/fin_infos_2.png?fit=1024%2C576&ssl=1&resize=350%2C200","width":350,"height":200,"srcset":"https:\/\/i0.wp.com\/blateman-bobine.com\/wp-content\/uploads\/2015\/11\/fin_infos_2.png?fit=1024%2C576&ssl=1&resize=350%2C200 1x, https:\/\/i0.wp.com\/blateman-bobine.com\/wp-content\/uploads\/2015\/11\/fin_infos_2.png?fit=1024%2C576&ssl=1&resize=525%2C300 1.5x, https:\/\/i0.wp.com\/blateman-bobine.com\/wp-content\/uploads\/2015\/11\/fin_infos_2.png?fit=1024%2C576&ssl=1&resize=700%2C400 2x"},"classes":[]},{"id":397,"url":"https:\/\/blateman-bobine.com\/fr\/souvenirs-de-la-dedicace-blateman-bobine-a-sobd-2015-salon-de-la-bd-a-paris\/","url_meta":{"origin":742,"position":5},"title":"Souvenirs de la D\u00e9dicace \u00ab\u00a0Blateman &amp; Bobine\u00a0\u00bb \u00e0 SoBD 2015 &#8211; salon de la BD \u00e0 Paris","author":"Vhenin","date":"7 d\u00e9cembre 2015","format":false,"excerpt":"Merci \u00e0 tous d'\u00eatre venus nous voir et bavarder avec nous au stand Tartamudo le week-end des 4, 5 et 6 d\u00e9cembre. Tarek et moi avions le plaisir d'\u00eatre en compagnie d'autres Tartamudois (Tartumud\u00e9ens?): Vincent Pompetti Jos\u00e9 Jover Rodolphe Merci \u00e0 Martine pour sa gentillesse et son support tout au\u2026","rel":"","context":"Dans &quot;D\u00e9dicaces&quot;","block_context":{"text":"D\u00e9dicaces","link":"https:\/\/blateman-bobine.com\/fr\/category\/dedicaces\/"},"img":{"alt_text":"","src":"https:\/\/i0.wp.com\/blateman-bobine.com\/wp-content\/uploads\/2015\/12\/dsc_0091.jpg?fit=1200%2C800&ssl=1&resize=350%2C200","width":350,"height":200,"srcset":"https:\/\/i0.wp.com\/blateman-bobine.com\/wp-content\/uploads\/2015\/12\/dsc_0091.jpg?fit=1200%2C800&ssl=1&resize=350%2C200 1x, https:\/\/i0.wp.com\/blateman-bobine.com\/wp-content\/uploads\/2015\/12\/dsc_0091.jpg?fit=1200%2C800&ssl=1&resize=525%2C300 1.5x, https:\/\/i0.wp.com\/blateman-bobine.com\/wp-content\/uploads\/2015\/12\/dsc_0091.jpg?fit=1200%2C800&ssl=1&resize=700%2C400 2x, https:\/\/i0.wp.com\/blateman-bobine.com\/wp-content\/uploads\/2015\/12\/dsc_0091.jpg?fit=1200%2C800&ssl=1&resize=1050%2C600 3x"},"classes":[]}],"_links":{"self":[{"href":"https:\/\/blateman-bobine.com\/fr\/wp-json\/wp\/v2\/posts\/742","targetHints":{"allow":["GET"]}}],"collection":[{"href":"https:\/\/blateman-bobine.com\/fr\/wp-json\/wp\/v2\/posts"}],"about":[{"href":"https:\/\/blateman-bobine.com\/fr\/wp-json\/wp\/v2\/types\/post"}],"author":[{"embeddable":true,"href":"https:\/\/blateman-bobine.com\/fr\/wp-json\/wp\/v2\/users\/74241772"}],"replies":[{"embeddable":true,"href":"https:\/\/blateman-bobine.com\/fr\/wp-json\/wp\/v2\/comments?post=742"}],"version-history":[{"count":6,"href":"https:\/\/blateman-bobine.com\/fr\/wp-json\/wp\/v2\/posts\/742\/revisions"}],"predecessor-version":[{"id":988,"href":"https:\/\/blateman-bobine.com\/fr\/wp-json\/wp\/v2\/posts\/742\/revisions\/988"}],"wp:featuredmedia":[{"embeddable":true,"href":"https:\/\/blateman-bobine.com\/fr\/wp-json\/wp\/v2\/media\/745"}],"wp:attachment":[{"href":"https:\/\/blateman-bobine.com\/fr\/wp-json\/wp\/v2\/media?parent=742"}],"wp:term":[{"taxonomy":"category","embeddable":true,"href":"https:\/\/blateman-bobine.com\/fr\/wp-json\/wp\/v2\/categories?post=742"},{"taxonomy":"post_tag","embeddable":true,"href":"https:\/\/blateman-bobine.com\/fr\/wp-json\/wp\/v2\/tags?post=742"}],"curies":[{"name":"wp","href":"https:\/\/api.w.org\/{rel}","templated":true}]}}