{"id":1123,"date":"2017-04-04T17:56:38","date_gmt":"2017-04-04T16:56:38","guid":{"rendered":"https:\/\/blateman-bobine.com\/fr\/?p=1123"},"modified":"2025-03-28T11:26:11","modified_gmt":"2025-03-28T10:26:11","slug":"vhenin-uitgelicht-op-de-canalblog-facebookpagina","status":"publish","type":"post","link":"https:\/\/blateman-bobine.com\/nl\/vhenin-uitgelicht-op-de-canalblog-facebookpagina\/","title":{"rendered":"Vhenin uitgelicht op de kanaalblog Facebookpagina"},"content":{"rendered":"<p style=\"text-align:center;\">Ga je gang en like, maar alleen leuk :-)!<\/p>\n<div class=\"fb-post\" data-href=\"https:\/\/www.facebook.com\/canalblog\/posts\/1456688934364514\" data-width=\"552\" style=\"background-color: #fff; display: inline-block;\"><\/div>\n<p style=\"text-align:center;\"><strong>Vhenin<\/strong> <strong>Portfolio:<\/strong> <a href=\"http:\/\/www.vhenin.be\/\" target=\"_blank\">www.vhenin.be<\/a><a href=\"http:\/\/www.vincent-henin.be\/\" target=\"_blank\"><br \/>\n<\/a><strong>Facebook:<\/strong> <a href=\"https:\/\/fr-fr.facebook.com\/vincenthenin.comixillustration\" target=\"_blank\">Vincent Henin Comix Illustratie (Vhenin)<br \/>\n<\/a><strong>Vhenin's blog:<\/strong> <a title=\"Blateman et Bobine - offici\u00eble website\" href=\"http:\/\/vhenin.canalblog.com\/\" target=\"_blank\">Vhenin's blog<\/a><br \/>\n<strong>YouTube: <\/strong><a title=\"Vhenin&#039;s YouTube-kanaal\" href=\"https:\/\/www.youtube.com\/channel\/UCFgRf_TU8ES5LJNMaKOr8Eg\" target=\"_blank\">De Vhenin-reeks<\/a><\/p>","protected":false},"excerpt":{"rendered":"<p>L\u00e2chez-vous, likez, likez seulement :-) ! Vhenin Portfolio: <a href=\"http:\/\/www.vhenin.be\" rel=\"nofollow\">http:\/\/www.vhenin.be<\/a> Facebook: Vincent Henin Comix Illustration (Vhenin) Le Blog de Vhenin: Le Blog de Vhenin YouTube: La Cha\u00eene de Vhenin<\/p>","protected":false},"author":74241772,"featured_media":1132,"comment_status":"open","ping_status":"open","sticky":false,"template":"","format":"standard","meta":{"_coblocks_attr":"","_coblocks_dimensions":"","_coblocks_responsive_height":"","_coblocks_accordion_ie_support":"","_crdt_document":"","advanced_seo_description":"","jetpack_seo_html_title":"","jetpack_seo_noindex":false,"_jetpack_newsletter_access":"","_jetpack_dont_email_post_to_subs":false,"_jetpack_newsletter_tier_id":0,"_jetpack_memberships_contains_paywalled_content":false,"_jetpack_memberships_contains_paid_content":false,"footnotes":"","jetpack_publicize_message":"","jetpack_publicize_feature_enabled":true,"jetpack_social_post_already_shared":false,"jetpack_social_options":{"image_generator_settings":{"template":"highway","default_image_id":0,"font":"","enabled":false},"version":2},"_wpas_customize_per_network":false,"jetpack_post_was_ever_published":false},"categories":[693898471],"tags":[21752,263100701,1338044,3968362,1536666,299480777],"class_list":["post-1123","post","type-post","status-publish","format-standard","has-post-thumbnail","hentry","category-around-blateman","tag-bd","tag-blateman","tag-bobine","tag-tarek","tag-tartamudo","tag-vhenin"],"jetpack_publicize_connections":[],"jetpack_featured_media_url":"https:\/\/i0.wp.com\/blateman-bobine.com\/wp-content\/uploads\/2017\/04\/vhenin_canalblog.jpg?fit=1088%2C929&ssl=1","jetpack_likes_enabled":true,"jetpack_sharing_enabled":true,"jetpack_shortlink":"https:\/\/wp.me\/p4LVhx-i7","jetpack-related-posts":[{"id":928,"url":"https:\/\/blateman-bobine.com\/nl\/vhenin-zal-te-horen-zijn-op-48-fm-radio-liege-in-romain-giergens-eclectrique-programma\/","url_meta":{"origin":1123,"position":0},"title":"Vhenin zal te horen zijn op 48 FM radio (Luik) in het programma Eclectrique van Romain Giergen.","author":"Vhenin","date":"27 januari 2017","format":false,"excerpt":"Je serai aujourd'hui 27.01 dans l\u2019\u00e9mission Eclectrique sur 48 FM radio de Romain Giergen - en compagnie d'Adrien Devyver et Sarah Hirtt. de 14h30 \u00e0 16h00 \u00c9coutez-nous en live sur: www.48fm.com\/ecouter Suivez-nous sur Facebook: https:\/\/www.facebook.com\/eclectriqueradio Accueil D\u00e9couvrez tous les podcasts de toutes les \u00e9missions \u00e0 cette adresse : https:\/\/ripgiergen.jimdo.com Vhenin\u2026","rel":"","context":"In &quot;Around Blateman&quot;","block_context":{"text":"Around Blateman","link":"https:\/\/blateman-bobine.com\/nl\/categorie\/rond-blateman\/"},"img":{"alt_text":"","src":"https:\/\/i0.wp.com\/blateman-bobine.com\/wp-content\/uploads\/2016\/12\/argumentaire-tartamudo-blateman-bobine-1-loindetout.jpg?fit=560%2C754&ssl=1&resize=350%2C200","width":350,"height":200,"srcset":"https:\/\/i0.wp.com\/blateman-bobine.com\/wp-content\/uploads\/2016\/12\/argumentaire-tartamudo-blateman-bobine-1-loindetout.jpg?fit=560%2C754&ssl=1&resize=350%2C200 1x, https:\/\/i0.wp.com\/blateman-bobine.com\/wp-content\/uploads\/2016\/12\/argumentaire-tartamudo-blateman-bobine-1-loindetout.jpg?fit=560%2C754&ssl=1&resize=525%2C300 1.5x"},"classes":[]},{"id":991,"url":"https:\/\/blateman-bobine.com\/nl\/blateman-bobine-inwijding-in-waterloo-belgie-op-5-februari\/","url_meta":{"origin":1123,"position":1},"title":"Blateman &amp; Bobine tekenen in Waterloo (Belgi\u00eb) op 5 februari","author":"Vhenin","date":"4 februari 2017","format":false,"excerpt":"In het kader van de tentoonstelling '20 jaar strips in Waterloo'. Mes Voyages d'Alix (getekend als 'Vincent Henin') en Blateman &amp; Bobine ('Vhenin') zijn te zien... Vhenin Portfolio: www.vhenin.be Facebook: Vincent Henin Comix Illustratie (Vhenin) Vhenin's Blog: Vhenin's Blog YouTube: Vhenin's Kanaal","rel":"","context":"In &quot;D\u00e9dicaces&quot;","block_context":{"text":"D\u00e9dicaces","link":"https:\/\/blateman-bobine.com\/nl\/categorie\/toewijdingen\/"},"img":{"alt_text":"","src":"https:\/\/i0.wp.com\/blateman-bobine.com\/wp-content\/uploads\/2017\/12\/p1860755.jpg?fit=1024%2C684&ssl=1&resize=350%2C200","width":350,"height":200,"srcset":"https:\/\/i0.wp.com\/blateman-bobine.com\/wp-content\/uploads\/2017\/12\/p1860755.jpg?fit=1024%2C684&ssl=1&resize=350%2C200 1x, https:\/\/i0.wp.com\/blateman-bobine.com\/wp-content\/uploads\/2017\/12\/p1860755.jpg?fit=1024%2C684&ssl=1&resize=525%2C300 1.5x, https:\/\/i0.wp.com\/blateman-bobine.com\/wp-content\/uploads\/2017\/12\/p1860755.jpg?fit=1024%2C684&ssl=1&resize=700%2C400 2x"},"classes":[]},{"id":1002,"url":"https:\/\/blateman-bobine.com\/nl\/blateman-bobine-planches-originales-en-vente\/","url_meta":{"origin":1123,"position":2},"title":"Blateman &amp; Bobine: originele platen te koop","author":"Vhenin","date":"13 februari 2017","format":false,"excerpt":"Voici les crayonn\u00e9s originaux en vente et leurs cotes respectives. Contactez-moi pour plus d'info ou question (via perso@vhenin.be). Merci! Retrouvez-les sur la Blat-Boutique... Les crayonn\u00e9s sont accompagn\u00e9s de leurs calques d'encrage (pas de frais suppl\u00e9mentaires). Tome 1 - Loindetout Tome 2 - Goudacity Vhenin Portfolio: www.vhenin.be Facebook: Vincent Henin Comix\u2026","rel":"","context":"In &quot;Les albums&quot;","block_context":{"text":"Les albums","link":"https:\/\/blateman-bobine.com\/nl\/categorie\/de-albums\/"},"img":{"alt_text":"","src":"https:\/\/i0.wp.com\/blateman-bobine.com\/wp-content\/uploads\/2017\/02\/t2_p07.jpg?fit=826%2C1200&ssl=1&resize=350%2C200","width":350,"height":200,"srcset":"https:\/\/i0.wp.com\/blateman-bobine.com\/wp-content\/uploads\/2017\/02\/t2_p07.jpg?fit=826%2C1200&ssl=1&resize=350%2C200 1x, https:\/\/i0.wp.com\/blateman-bobine.com\/wp-content\/uploads\/2017\/02\/t2_p07.jpg?fit=826%2C1200&ssl=1&resize=525%2C300 1.5x, https:\/\/i0.wp.com\/blateman-bobine.com\/wp-content\/uploads\/2017\/02\/t2_p07.jpg?fit=826%2C1200&ssl=1&resize=700%2C400 2x"},"classes":[]},{"id":1065,"url":"https:\/\/blateman-bobine.com\/nl\/blateman-et-bobine-en-dedicace-salon-du-livre-de-bondues\/","url_meta":{"origin":1123,"position":3},"title":"Blateman en Bobine signeren hun boeken - Salon du Livre de Bondues","author":"Vhenin","date":"16 maart 2017","format":false,"excerpt":"Nos deux super-zh\u00e9ros seront au rendez-vous: ces samedi et dimanche 18 et 19 mars 2017 au Salon du Livre de de Bondues\u00a0 (\u00e0 proximit\u00e9 de Lille) en compagnie de leurs auteurs, Tarek et Vhenin. Venez nous rencontrer! 19e Salon du Livre de Bondues Nouvel espace Poher (6 chemin Saint-Georges \u00e0\u2026","rel":"","context":"In &quot;D\u00e9dicaces&quot;","block_context":{"text":"D\u00e9dicaces","link":"https:\/\/blateman-bobine.com\/nl\/categorie\/toewijdingen\/"},"img":{"alt_text":"","src":"https:\/\/i0.wp.com\/blateman-bobine.com\/wp-content\/uploads\/2017\/03\/blateman_bobine_bondues.jpg?fit=652%2C1200&ssl=1&resize=350%2C200","width":350,"height":200,"srcset":"https:\/\/i0.wp.com\/blateman-bobine.com\/wp-content\/uploads\/2017\/03\/blateman_bobine_bondues.jpg?fit=652%2C1200&ssl=1&resize=350%2C200 1x, https:\/\/i0.wp.com\/blateman-bobine.com\/wp-content\/uploads\/2017\/03\/blateman_bobine_bondues.jpg?fit=652%2C1200&ssl=1&resize=525%2C300 1.5x"},"classes":[]},{"id":332,"url":"https:\/\/blateman-bobine.com\/nl\/striptekenaar-vhenin-presenteert-zijn-nieuwe-strip-blateman-bobine\/","url_meta":{"origin":1123,"position":4},"title":"Kunstenaar Vhenin presenteert zijn nieuwe stripverhaal \"Blateman &amp; Bobine\".","author":"Vhenin","date":"25 november 2015","format":false,"excerpt":"Bonjour, Voici une petite vid\u00e9o o\u00f9 je pr\u00e9sente la BD \"Blateman & Bobine\" et moi-m\u00eame\u00a0pour ceux qui ne me connaissent pas encore. La BD sort le 10 d\u00e9cembre 2015. On se voit bient\u00f4t dans un festival ou chez un libraire ;-) Copyright \u00a9 Vincent Henin - Vhenin and Tarek +\u2026","rel":"","context":"In &quot;Vid\u00e9o&quot;","block_context":{"text":"Vid\u00e9o","link":"https:\/\/blateman-bobine.com\/nl\/categorie\/video\/"},"img":{"alt_text":"","src":"https:\/\/i0.wp.com\/blateman-bobine.com\/wp-content\/uploads\/2015\/11\/exemple_apparition_nom.jpg?fit=655%2C361&ssl=1&resize=350%2C200","width":350,"height":200,"srcset":"https:\/\/i0.wp.com\/blateman-bobine.com\/wp-content\/uploads\/2015\/11\/exemple_apparition_nom.jpg?fit=655%2C361&ssl=1&resize=350%2C200 1x, https:\/\/i0.wp.com\/blateman-bobine.com\/wp-content\/uploads\/2015\/11\/exemple_apparition_nom.jpg?fit=655%2C361&ssl=1&resize=525%2C300 1.5x"},"classes":[]},{"id":742,"url":"https:\/\/blateman-bobine.com\/nl\/blateman-bobine-en-dedicaces-au-festilivres-de-juvardeil-fr-49\/","url_meta":{"origin":1123,"position":5},"title":"Blateman &amp; Bobine en d\u00e9dicaces au Festilivres de Juvardeil (FR &#8211; 49)","author":"Vhenin","date":"23 september 2016","format":false,"excerpt":"Tarek et moi-m\u00eame, Vhenin, serons en d\u00e9dicaces pour d\u00e9fendre haut et fort les couleurs de nos deux super-h\u00e9ros de la loose, \"Blateman & Bobine\" \u00e0 JUVARDEIL au Festilivres le dimanche 25 septembre 2016 Venez nombreux ! Vhenin Portfolio: www.vhenin.be Facebook: Vincent Henin Comix Illustration (Vhenin) Le Blog de Vhenin: www.vhenin.canalblog.com\u2026","rel":"","context":"In &quot;D\u00e9dicaces&quot;","block_context":{"text":"D\u00e9dicaces","link":"https:\/\/blateman-bobine.com\/nl\/categorie\/toewijdingen\/"},"img":{"alt_text":"","src":"https:\/\/i0.wp.com\/blateman-bobine.com\/wp-content\/uploads\/2016\/09\/affiche_blateman_bobine_juvardeil.jpg?fit=500%2C800&ssl=1&resize=350%2C200","width":350,"height":200},"classes":[]}],"_links":{"self":[{"href":"https:\/\/blateman-bobine.com\/nl\/wp-json\/wp\/v2\/posts\/1123","targetHints":{"allow":["GET"]}}],"collection":[{"href":"https:\/\/blateman-bobine.com\/nl\/wp-json\/wp\/v2\/posts"}],"about":[{"href":"https:\/\/blateman-bobine.com\/nl\/wp-json\/wp\/v2\/types\/post"}],"author":[{"embeddable":true,"href":"https:\/\/blateman-bobine.com\/nl\/wp-json\/wp\/v2\/users\/74241772"}],"replies":[{"embeddable":true,"href":"https:\/\/blateman-bobine.com\/nl\/wp-json\/wp\/v2\/comments?post=1123"}],"version-history":[{"count":11,"href":"https:\/\/blateman-bobine.com\/nl\/wp-json\/wp\/v2\/posts\/1123\/revisions"}],"predecessor-version":[{"id":1135,"href":"https:\/\/blateman-bobine.com\/nl\/wp-json\/wp\/v2\/posts\/1123\/revisions\/1135"}],"wp:featuredmedia":[{"embeddable":true,"href":"https:\/\/blateman-bobine.com\/nl\/wp-json\/wp\/v2\/media\/1132"}],"wp:attachment":[{"href":"https:\/\/blateman-bobine.com\/nl\/wp-json\/wp\/v2\/media?parent=1123"}],"wp:term":[{"taxonomy":"category","embeddable":true,"href":"https:\/\/blateman-bobine.com\/nl\/wp-json\/wp\/v2\/categories?post=1123"},{"taxonomy":"post_tag","embeddable":true,"href":"https:\/\/blateman-bobine.com\/nl\/wp-json\/wp\/v2\/tags?post=1123"}],"curies":[{"name":"wp","href":"https:\/\/api.w.org\/{rel}","templated":true}]}}