{"id":1139,"date":"2017-05-23T15:46:49","date_gmt":"2017-05-23T14:46:49","guid":{"rendered":"https:\/\/blateman-bobine.com\/fr\/?p=1139"},"modified":"2025-03-28T10:07:04","modified_gmt":"2025-03-28T09:07:04","slug":"blateman-bobine-in-opdracht-bij-puteaux-paris-verdediging-2-3-en-4-juni-2017","status":"publish","type":"post","link":"https:\/\/blateman-bobine.com\/nl\/blateman-bobine-in-opdracht-bij-puteaux-paris-verdediging-2-3-en-4-juni-2017\/","title":{"rendered":"Blateman &amp; Bobine sign in Puteaux (Parijs - D\u00e9fense) - 2, 3 en 4 juni 2017"},"content":{"rendered":"<p style=\"text-align:center;\"><strong>Vhenin<\/strong> zal in <strong>inwijding<\/strong> van <strong>Vrijdag 2 juni<\/strong> <strong>18h30<\/strong> in Puteaux voor de <strong>14e stripfestival van Puteaux<\/strong>.<br \/>\ntot <strong>Zondag 4 juni 16:00<\/strong>.<\/p>\n<p style=\"text-align:center;\">De signeersessies vinden plaats in de mediatheek van Puteaux.<\/p>\n<p style=\"text-align:center;\"><strong>Vincent Henin (Vhenin)<\/strong> zal er ook zijn om zijn <em>Alix' reizen<\/em> (<em>Carthago, Jeruzalem, Petra en Luteti\u00eb<\/em>).<\/p>\n<p style=\"text-align:center;\">Zoals gewoonlijk, <strong>twee ontwerpers voor de prijs van \u00e9\u00e9n! <\/strong>Laten we eerlijk zijn...<\/p>\n<p><img data-recalc-dims=\"1\" loading=\"lazy\" decoding=\"async\" data-attachment-id=\"1141\" data-permalink=\"https:\/\/blateman-bobine.com\/nl\/blateman-bobine-in-opdracht-bij-puteaux-paris-verdediging-2-3-en-4-juni-2017\/affiche_puteaux_blateman_bobine\/\" data-orig-file=\"https:\/\/i0.wp.com\/blateman-bobine.com\/wp-content\/uploads\/2017\/05\/affiche_puteaux_blateman_bobine.jpg?fit=900%2C944&amp;ssl=1\" data-orig-size=\"900,944\" data-comments-opened=\"1\" data-image-meta=\"{&quot;aperture&quot;:&quot;0&quot;,&quot;credit&quot;:&quot;&quot;,&quot;camera&quot;:&quot;&quot;,&quot;caption&quot;:&quot;&quot;,&quot;created_timestamp&quot;:&quot;0&quot;,&quot;copyright&quot;:&quot;&quot;,&quot;focal_length&quot;:&quot;0&quot;,&quot;iso&quot;:&quot;0&quot;,&quot;shutter_speed&quot;:&quot;0&quot;,&quot;title&quot;:&quot;&quot;,&quot;orientation&quot;:&quot;0&quot;}\" data-image-title=\"Festival BD \u00e0 Puteaux\" data-image-description=\"\" data-image-caption=\"\" data-large-file=\"https:\/\/i0.wp.com\/blateman-bobine.com\/wp-content\/uploads\/2017\/05\/affiche_puteaux_blateman_bobine.jpg?fit=900%2C944&amp;ssl=1\" class=\"aligncenter size-full wp-image-1141\" src=\"https:\/\/i0.wp.com\/blateman-bobine.com\/fr\/wp-content\/uploads\/2017\/05\/affiche_puteaux_blateman_bobine.jpg?resize=900%2C944&#038;ssl=1\" alt=\"affiche_puteaux_blateman_bobine\" width=\"900\" height=\"944\" \/><\/p>\n<p style=\"text-align:center;\"><strong>Vhenin<\/strong> <strong>Portfolio:<\/strong> <a href=\"http:\/\/www.vhenin.be\/\" target=\"_blank\" rel=\"noopener noreferrer\">www.vhenin.be<\/a><a href=\"http:\/\/www.vincent-henin.be\/\" target=\"_blank\" rel=\"noopener noreferrer\"><br \/>\n<\/a><strong>Facebook:<\/strong> <a href=\"https:\/\/fr-fr.facebook.com\/vincenthenin.comixillustration\" target=\"_blank\" rel=\"noopener noreferrer\">Vincent Henin Comix Illustratie (Vhenin)<br \/>\n<\/a><strong>Vhenin's blog:<\/strong> <a title=\"Blateman et Bobine - offici\u00eble website\" href=\"https:\/\/blateman-bobine.com\/nl\/\" target=\"_blank\" rel=\"noopener noreferrer\">Vhenin's blog<\/a><br \/>\n<strong>YouTube: <\/strong><a title=\"Vhenin&#039;s YouTube-kanaal\" href=\"https:\/\/www.youtube.com\/channel\/UCFgRf_TU8ES5LJNMaKOr8Eg\" target=\"_blank\" rel=\"noopener noreferrer\">De Vhenin-reeks<br \/>\n<\/a><strong>La Blat Boutique: <\/strong><a href=\"http:\/\/blateman.bigcartel.com\" target=\"_blank\" rel=\"noopener noreferrer\">www.blateman.bigcartel.com<\/a><\/p>","protected":false},"excerpt":{"rendered":"<p>Vhenin sera en d\u00e9dicace \u00e0 partir du vendredi 2 juin 18h30 \u00e0 Puteaux \u00e0 l&rsquo;occasion de la 14e \u00e9dition du \u00ab\u00a0Festival BD de Puteaux\u00a0\u00bb. jusqu&rsquo;au dimanche 4 juin 16h00. Les signatures auront lieu dans la M\u00e9diath\u00e8que de la ville de Puteaux. Vincent Henin y sera aussi pour signer ses Voyages d&rsquo;Alix (Carthage, J\u00e9rusalem, P\u00e9tra et [&hellip;]<\/p>\n","protected":false},"author":74241772,"featured_media":610,"comment_status":"open","ping_status":"open","sticky":false,"template":"","format":"standard","meta":{"_coblocks_attr":"","_coblocks_dimensions":"","_coblocks_responsive_height":"","_coblocks_accordion_ie_support":"","_crdt_document":"","advanced_seo_description":"","jetpack_seo_html_title":"","jetpack_seo_noindex":false,"_jetpack_newsletter_access":"","_jetpack_dont_email_post_to_subs":false,"_jetpack_newsletter_tier_id":0,"_jetpack_memberships_contains_paywalled_content":false,"_jetpack_memberships_contains_paid_content":false,"footnotes":"","jetpack_publicize_message":"","jetpack_publicize_feature_enabled":true,"jetpack_social_post_already_shared":false,"jetpack_social_options":{"image_generator_settings":{"template":"highway","default_image_id":0,"font":"","enabled":false},"version":2},"_wpas_customize_per_network":false,"jetpack_post_was_ever_published":false},"categories":[1223035],"tags":[44670,48159,263100701,1338044,756,3883569,7831,35,39123,3968362,1536666,299480777],"class_list":["post-1139","post","type-post","status-publish","format-standard","has-post-thumbnail","hentry","category-dedicaces","tag-bande-dessinee","tag-batman","tag-blateman","tag-bobine","tag-comics","tag-comics-book","tag-drawing","tag-humour","tag-super-heros","tag-tarek","tag-tartamudo","tag-vhenin"],"jetpack_publicize_connections":[],"jetpack_featured_media_url":"https:\/\/i0.wp.com\/blateman-bobine.com\/wp-content\/uploads\/2016\/07\/p1370295.jpg?fit=513%2C768&ssl=1","jetpack_likes_enabled":true,"jetpack_sharing_enabled":true,"jetpack_shortlink":"https:\/\/wp.me\/p4LVhx-in","jetpack-related-posts":[{"id":677,"url":"https:\/\/blateman-bobine.com\/nl\/blateman-bobine-en-dedicace-a-la-fete-de-la-bd-de-bruxelles\/","url_meta":{"origin":1139,"position":0},"title":"Blateman &amp; Bobine en d\u00e9dicace \u00e0 la F\u00eate de la BD de Bruxelles","author":"Vhenin","date":"28 augustus 2016","format":false,"excerpt":"Venez les rencontrer \u00e0 la F\u00eate de la BD de Bruxelles le weekend du 2, 3 et 4 septembre prochains... Je d\u00e9dicace \"Blateman & Bobine \u00e0 Loindetout\" (et aussi mes BD sous le nom de Vincent Henin,\"Les Voyages d'Alix\")... Venez d\u00e9couvrir deux univers \u00e0 part, deux facettes de mon dessin\u2026","rel":"","context":"In &quot;D\u00e9dicaces&quot;","block_context":{"text":"D\u00e9dicaces","link":"https:\/\/blateman-bobine.com\/nl\/categorie\/toewijdingen\/"},"img":{"alt_text":"","src":"https:\/\/i0.wp.com\/blateman-bobine.com\/wp-content\/uploads\/2016\/08\/annonce_fete_bd_bxl_2016.jpg?fit=900%2C862&ssl=1&resize=350%2C200","width":350,"height":200,"srcset":"https:\/\/i0.wp.com\/blateman-bobine.com\/wp-content\/uploads\/2016\/08\/annonce_fete_bd_bxl_2016.jpg?fit=900%2C862&ssl=1&resize=350%2C200 1x, https:\/\/i0.wp.com\/blateman-bobine.com\/wp-content\/uploads\/2016\/08\/annonce_fete_bd_bxl_2016.jpg?fit=900%2C862&ssl=1&resize=525%2C300 1.5x, https:\/\/i0.wp.com\/blateman-bobine.com\/wp-content\/uploads\/2016\/08\/annonce_fete_bd_bxl_2016.jpg?fit=900%2C862&ssl=1&resize=700%2C400 2x"},"classes":[]},{"id":991,"url":"https:\/\/blateman-bobine.com\/nl\/blateman-bobine-inwijding-in-waterloo-belgie-op-5-februari\/","url_meta":{"origin":1139,"position":1},"title":"Blateman &amp; Bobine tekenen in Waterloo (Belgi\u00eb) op 5 februari","author":"Vhenin","date":"4 februari 2017","format":false,"excerpt":"In het kader van de tentoonstelling '20 jaar strips in Waterloo'. Mes Voyages d'Alix (getekend als 'Vincent Henin') en Blateman &amp; Bobine ('Vhenin') zijn te zien... Vhenin Portfolio: www.vhenin.be Facebook: Vincent Henin Comix Illustratie (Vhenin) Vhenin's Blog: Vhenin's Blog YouTube: Vhenin's Kanaal","rel":"","context":"In &quot;D\u00e9dicaces&quot;","block_context":{"text":"D\u00e9dicaces","link":"https:\/\/blateman-bobine.com\/nl\/categorie\/toewijdingen\/"},"img":{"alt_text":"","src":"https:\/\/i0.wp.com\/blateman-bobine.com\/wp-content\/uploads\/2017\/12\/p1860755.jpg?fit=1024%2C684&ssl=1&resize=350%2C200","width":350,"height":200,"srcset":"https:\/\/i0.wp.com\/blateman-bobine.com\/wp-content\/uploads\/2017\/12\/p1860755.jpg?fit=1024%2C684&ssl=1&resize=350%2C200 1x, https:\/\/i0.wp.com\/blateman-bobine.com\/wp-content\/uploads\/2017\/12\/p1860755.jpg?fit=1024%2C684&ssl=1&resize=525%2C300 1.5x, https:\/\/i0.wp.com\/blateman-bobine.com\/wp-content\/uploads\/2017\/12\/p1860755.jpg?fit=1024%2C684&ssl=1&resize=700%2C400 2x"},"classes":[]},{"id":364,"url":"https:\/\/blateman-bobine.com\/nl\/blateman-bobine-inwijding-op-het-sobd-festival-in-parijs\/","url_meta":{"origin":1139,"position":2},"title":"Blateman &amp; Bobine signeren op het SoBD Festival (Parijs)","author":"Vhenin","date":"29 november 2015","format":false,"excerpt":"Vhenin\u00a0et Tarek seront au stand\u00a0de l'\u00e9diteur Tartamudo lors du festival SoBD, salon de la BD de Paris: \u2022 Quand? les 4, 5 et 6\u00a0d\u00e9cembre 2015 de 15h \u00e0 19h, le vendredi et de 11h \u00e0 19h\u00a0les autres jours \u2022 O\u00f9? Halle des Blancs Manteaux, 48 rue Vieille du Temple, Paris\u2026","rel":"","context":"In &quot;D\u00e9dicaces&quot;","block_context":{"text":"D\u00e9dicaces","link":"https:\/\/blateman-bobine.com\/nl\/categorie\/toewijdingen\/"},"img":{"alt_text":"","src":"https:\/\/i0.wp.com\/blateman-bobine.com\/wp-content\/uploads\/2015\/11\/flyer-sobd-recto_tarek_vhenin.jpg?fit=848%2C1200&ssl=1&resize=350%2C200","width":350,"height":200,"srcset":"https:\/\/i0.wp.com\/blateman-bobine.com\/wp-content\/uploads\/2015\/11\/flyer-sobd-recto_tarek_vhenin.jpg?fit=848%2C1200&ssl=1&resize=350%2C200 1x, https:\/\/i0.wp.com\/blateman-bobine.com\/wp-content\/uploads\/2015\/11\/flyer-sobd-recto_tarek_vhenin.jpg?fit=848%2C1200&ssl=1&resize=525%2C300 1.5x, https:\/\/i0.wp.com\/blateman-bobine.com\/wp-content\/uploads\/2015\/11\/flyer-sobd-recto_tarek_vhenin.jpg?fit=848%2C1200&ssl=1&resize=700%2C400 2x"},"classes":[]},{"id":1869,"url":"https:\/\/blateman-bobine.com\/nl\/blateman-haspel-inwijding-in-brugge-30-maart-2025\/","url_meta":{"origin":1139,"position":3},"title":"Blateman &amp; Bobine tekenen in Brugge - 30 maart 2025","author":"Vhenin","date":"28 maart 2025","format":false,"excerpt":"Kom me ontmoeten op het Stripfestival Brugge op zondag 30 maart 2025. Meer info op: https:\/\/www.facebook.com\/bruggestripfestival\/about","rel":"","context":"In &quot;D\u00e9dicaces&quot;","block_context":{"text":"D\u00e9dicaces","link":"https:\/\/blateman-bobine.com\/nl\/categorie\/toewijdingen\/"},"img":{"alt_text":"","src":"https:\/\/i0.wp.com\/blateman-bobine.com\/wp-content\/uploads\/2024\/12\/dedi-bb-03.jpg?fit=666%2C1000&ssl=1&resize=350%2C200","width":350,"height":200,"srcset":"https:\/\/i0.wp.com\/blateman-bobine.com\/wp-content\/uploads\/2024\/12\/dedi-bb-03.jpg?fit=666%2C1000&ssl=1&resize=350%2C200 1x, https:\/\/i0.wp.com\/blateman-bobine.com\/wp-content\/uploads\/2024\/12\/dedi-bb-03.jpg?fit=666%2C1000&ssl=1&resize=525%2C300 1.5x"},"classes":[]},{"id":1927,"url":"https:\/\/blateman-bobine.com\/nl\/blateman-bobine-inwijding-in-tournai-12-en-13-april-2025\/","url_meta":{"origin":1139,"position":4},"title":"Blateman &amp; Bobine tekenen in Doornik - 12 en 13 april 2025","author":"Vhenin","date":"10 april 2025","format":false,"excerpt":"Kom en ontmoet me op het Tournai les Bulles Festival op zaterdag en zondag 12 en 13 april 2025.meer info op: https:\/\/opalebd.com\/festivals\/details\/2239","rel":"","context":"In &quot;D\u00e9dicaces&quot;","block_context":{"text":"D\u00e9dicaces","link":"https:\/\/blateman-bobine.com\/nl\/categorie\/toewijdingen\/"},"img":{"alt_text":"Blateman & Bobine - festival-BD-Tournai","src":"https:\/\/i0.wp.com\/blateman-bobine.com\/wp-content\/uploads\/2025\/04\/001_2025_gf.jpg?fit=500%2C701&ssl=1&resize=350%2C200","width":350,"height":200},"classes":[]},{"id":397,"url":"https:\/\/blateman-bobine.com\/nl\/herinneringen-aan-de-inwijding-van-blateman-bobine-op-sobd-2015-salon-de-la-bd-in-parijs\/","url_meta":{"origin":1139,"position":5},"title":"Herinneringen aan de signeersessie van \"Blateman &amp; Bobine\" op SoBD 2015 - de stripbeurs in Parijs","author":"Vhenin","date":"7 december 2015","format":false,"excerpt":"Merci \u00e0 tous d'\u00eatre venus nous voir et bavarder avec nous au stand Tartamudo le week-end des 4, 5 et 6 d\u00e9cembre. Tarek et moi avions le plaisir d'\u00eatre en compagnie d'autres Tartamudois (Tartumud\u00e9ens?): Vincent Pompetti Jos\u00e9 Jover Rodolphe Merci \u00e0 Martine pour sa gentillesse et son support tout au\u2026","rel":"","context":"In &quot;D\u00e9dicaces&quot;","block_context":{"text":"D\u00e9dicaces","link":"https:\/\/blateman-bobine.com\/nl\/categorie\/toewijdingen\/"},"img":{"alt_text":"","src":"https:\/\/i0.wp.com\/blateman-bobine.com\/wp-content\/uploads\/2015\/12\/dsc_0091.jpg?fit=1200%2C800&ssl=1&resize=350%2C200","width":350,"height":200,"srcset":"https:\/\/i0.wp.com\/blateman-bobine.com\/wp-content\/uploads\/2015\/12\/dsc_0091.jpg?fit=1200%2C800&ssl=1&resize=350%2C200 1x, https:\/\/i0.wp.com\/blateman-bobine.com\/wp-content\/uploads\/2015\/12\/dsc_0091.jpg?fit=1200%2C800&ssl=1&resize=525%2C300 1.5x, https:\/\/i0.wp.com\/blateman-bobine.com\/wp-content\/uploads\/2015\/12\/dsc_0091.jpg?fit=1200%2C800&ssl=1&resize=700%2C400 2x, https:\/\/i0.wp.com\/blateman-bobine.com\/wp-content\/uploads\/2015\/12\/dsc_0091.jpg?fit=1200%2C800&ssl=1&resize=1050%2C600 3x"},"classes":[]}],"_links":{"self":[{"href":"https:\/\/blateman-bobine.com\/nl\/wp-json\/wp\/v2\/posts\/1139","targetHints":{"allow":["GET"]}}],"collection":[{"href":"https:\/\/blateman-bobine.com\/nl\/wp-json\/wp\/v2\/posts"}],"about":[{"href":"https:\/\/blateman-bobine.com\/nl\/wp-json\/wp\/v2\/types\/post"}],"author":[{"embeddable":true,"href":"https:\/\/blateman-bobine.com\/nl\/wp-json\/wp\/v2\/users\/74241772"}],"replies":[{"embeddable":true,"href":"https:\/\/blateman-bobine.com\/nl\/wp-json\/wp\/v2\/comments?post=1139"}],"version-history":[{"count":18,"href":"https:\/\/blateman-bobine.com\/nl\/wp-json\/wp\/v2\/posts\/1139\/revisions"}],"predecessor-version":[{"id":1159,"href":"https:\/\/blateman-bobine.com\/nl\/wp-json\/wp\/v2\/posts\/1139\/revisions\/1159"}],"wp:featuredmedia":[{"embeddable":true,"href":"https:\/\/blateman-bobine.com\/nl\/wp-json\/wp\/v2\/media\/610"}],"wp:attachment":[{"href":"https:\/\/blateman-bobine.com\/nl\/wp-json\/wp\/v2\/media?parent=1139"}],"wp:term":[{"taxonomy":"category","embeddable":true,"href":"https:\/\/blateman-bobine.com\/nl\/wp-json\/wp\/v2\/categories?post=1139"},{"taxonomy":"post_tag","embeddable":true,"href":"https:\/\/blateman-bobine.com\/nl\/wp-json\/wp\/v2\/tags?post=1139"}],"curies":[{"name":"wp","href":"https:\/\/api.w.org\/{rel}","templated":true}]}}