{"id":1927,"date":"2025-04-10T07:47:44","date_gmt":"2025-04-10T06:47:44","guid":{"rendered":"https:\/\/blateman-bobine.com\/fr\/?p=1927"},"modified":"2025-04-10T07:57:50","modified_gmt":"2025-04-10T06:57:50","slug":"blateman-bobine-inwijding-in-tournai-12-en-13-april-2025","status":"publish","type":"post","link":"https:\/\/blateman-bobine.com\/nl\/blateman-bobine-inwijding-in-tournai-12-en-13-april-2025\/","title":{"rendered":"Blateman &amp; Bobine tekenen in Doornik - 12 en 13 april 2025"},"content":{"rendered":"<p class=\"wp-block-paragraph\">Kom en ontmoet me op <strong>Doornik les Bulles Festival <\/strong>Zaterdag en zondag <strong>12 en 13 april 2025<\/strong>.<br>Meer info op : <a href=\"https:\/\/opalebd.com\/festivals\/details\/2239\" target=\"_blank\" rel=\"noreferrer noopener\">https:\/\/opalebd.com\/festivals\/details\/2239<\/a><\/p>\n\n\n\n<figure class=\"wp-block-gallery has-nested-images columns-default is-cropped wp-block-gallery-1 is-layout-flex wp-block-gallery-is-layout-flex\">\n<figure class=\"wp-block-image size-large coblocks-animate\" data-coblocks-animation=\"clipHorizontal\"><a href=\"https:\/\/i0.wp.com\/blateman-bobine.com\/fr\/wp-content\/uploads\/2025\/04\/annonce_tournai-2025.jpg?ssl=1\"><img data-recalc-dims=\"1\" loading=\"lazy\" decoding=\"async\" width=\"733\" height=\"702\" data-attachment-id=\"1929\" data-permalink=\"https:\/\/blateman-bobine.com\/nl\/blateman-bobine-inwijding-in-tournai-12-en-13-april-2025\/annonce_tournai-2025\/\" data-orig-file=\"https:\/\/i0.wp.com\/blateman-bobine.com\/wp-content\/uploads\/2025\/04\/annonce_tournai-2025.jpg?fit=733%2C702&amp;ssl=1\" data-orig-size=\"733,702\" data-comments-opened=\"1\" data-image-meta=\"{&quot;aperture&quot;:&quot;0&quot;,&quot;credit&quot;:&quot;&quot;,&quot;camera&quot;:&quot;&quot;,&quot;caption&quot;:&quot;&quot;,&quot;created_timestamp&quot;:&quot;0&quot;,&quot;copyright&quot;:&quot;&quot;,&quot;focal_length&quot;:&quot;0&quot;,&quot;iso&quot;:&quot;0&quot;,&quot;shutter_speed&quot;:&quot;0&quot;,&quot;title&quot;:&quot;&quot;,&quot;orientation&quot;:&quot;0&quot;}\" data-image-title=\"Blateman &amp;#038; Bobine &amp;#8211; festival-BD-Tournai\" data-image-description=\"&lt;p&gt;Blateman &amp;#038; Bobine &amp;#8211; festival-BD-Tournai&lt;\/p&gt;\" data-image-caption=\"&lt;p&gt;Blateman &amp;#038; Bobine &amp;#8211; festival-BD-Tournai&lt;\/p&gt;\" data-large-file=\"https:\/\/i0.wp.com\/blateman-bobine.com\/wp-content\/uploads\/2025\/04\/annonce_tournai-2025.jpg?fit=733%2C702&amp;ssl=1\" data-id=\"1929\" src=\"https:\/\/i0.wp.com\/blateman-bobine.com\/fr\/wp-content\/uploads\/2025\/04\/annonce_tournai-2025.jpg?resize=733%2C702&#038;ssl=1\" alt=\"\" class=\"wp-image-1929\" srcset=\"https:\/\/i0.wp.com\/blateman-bobine.com\/wp-content\/uploads\/2025\/04\/annonce_tournai-2025.jpg?w=733&amp;ssl=1 733w, https:\/\/i0.wp.com\/blateman-bobine.com\/wp-content\/uploads\/2025\/04\/annonce_tournai-2025.jpg?resize=300%2C287&amp;ssl=1 300w\" sizes=\"auto, (max-width: 733px) 100vw, 733px\" \/><\/a><\/figure>\n\n\n\n<figure class=\"wp-block-image size-large coblocks-animate\" data-coblocks-animation=\"slideInBottom\"><a href=\"https:\/\/i0.wp.com\/blateman-bobine.com\/fr\/wp-content\/uploads\/2025\/04\/001_2025_gf.jpg?ssl=1\"><img data-recalc-dims=\"1\" loading=\"lazy\" decoding=\"async\" width=\"500\" height=\"701\" data-attachment-id=\"1931\" data-permalink=\"https:\/\/blateman-bobine.com\/nl\/blateman-bobine-inwijding-in-tournai-12-en-13-april-2025\/001_2025_gf\/\" data-orig-file=\"https:\/\/i0.wp.com\/blateman-bobine.com\/wp-content\/uploads\/2025\/04\/001_2025_gf.jpg?fit=500%2C701&amp;ssl=1\" data-orig-size=\"500,701\" data-comments-opened=\"1\" data-image-meta=\"{&quot;aperture&quot;:&quot;0&quot;,&quot;credit&quot;:&quot;&quot;,&quot;camera&quot;:&quot;&quot;,&quot;caption&quot;:&quot;&quot;,&quot;created_timestamp&quot;:&quot;0&quot;,&quot;copyright&quot;:&quot;&quot;,&quot;focal_length&quot;:&quot;0&quot;,&quot;iso&quot;:&quot;0&quot;,&quot;shutter_speed&quot;:&quot;0&quot;,&quot;title&quot;:&quot;&quot;,&quot;orientation&quot;:&quot;0&quot;}\" data-image-title=\"Blateman &amp;#038; Bobine &amp;#8211; festival-BD-Tournai\" data-image-description=\"&lt;p&gt;Blateman &amp;#038; Bobine &amp;#8211; festival-BD-Tournai&lt;\/p&gt;\" data-image-caption=\"&lt;p&gt;Blateman &amp;#038; Bobine &amp;#8211; festival-BD-Tournai&lt;\/p&gt;\" data-large-file=\"https:\/\/i0.wp.com\/blateman-bobine.com\/wp-content\/uploads\/2025\/04\/001_2025_gf.jpg?fit=500%2C701&amp;ssl=1\" data-id=\"1931\" src=\"https:\/\/i0.wp.com\/blateman-bobine.com\/fr\/wp-content\/uploads\/2025\/04\/001_2025_gf.jpg?resize=500%2C701&#038;ssl=1\" alt=\"\" class=\"wp-image-1931\" srcset=\"https:\/\/i0.wp.com\/blateman-bobine.com\/wp-content\/uploads\/2025\/04\/001_2025_gf.jpg?w=500&amp;ssl=1 500w, https:\/\/i0.wp.com\/blateman-bobine.com\/wp-content\/uploads\/2025\/04\/001_2025_gf.jpg?resize=214%2C300&amp;ssl=1 214w\" sizes=\"auto, (max-width: 500px) 100vw, 500px\" \/><\/a><\/figure>\n<\/figure>","protected":false},"excerpt":{"rendered":"<p>Venez me rencontrer au Festival de Tournai les Bulles les samedi et dimanche 12 et 13 avril 2025.Plus d&rsquo;info sur : <a href=\"https:\/\/opalebd.com\/festivals\/details\/2239\" rel=\"nofollow\">https:\/\/opalebd.com\/festivals\/details\/2239<\/a><\/p>","protected":false},"author":74241772,"featured_media":1931,"comment_status":"open","ping_status":"open","sticky":false,"template":"","format":"standard","meta":{"_coblocks_attr":"","_coblocks_dimensions":"","_coblocks_responsive_height":"","_coblocks_accordion_ie_support":"","_crdt_document":"","advanced_seo_description":"","jetpack_seo_html_title":"","jetpack_seo_noindex":false,"_jetpack_newsletter_access":"","_jetpack_dont_email_post_to_subs":false,"_jetpack_newsletter_tier_id":0,"_jetpack_memberships_contains_paywalled_content":false,"_jetpack_memberships_contains_paid_content":false,"footnotes":"","jetpack_publicize_message":"","jetpack_publicize_feature_enabled":true,"jetpack_social_post_already_shared":true,"jetpack_social_options":{"image_generator_settings":{"template":"highway","default_image_id":0,"font":"","enabled":false},"version":2},"_wpas_customize_per_network":false,"jetpack_post_was_ever_published":false},"categories":[1223035],"tags":[44670,21752,263100701,1338044,756,3883569,35,5009047,39123,3968362],"class_list":["post-1927","post","type-post","status-publish","format-standard","has-post-thumbnail","hentry","category-dedicaces","tag-bande-dessinee","tag-bd","tag-blateman","tag-bobine","tag-comics","tag-comics-book","tag-humour","tag-salon-bd","tag-super-heros","tag-tarek"],"jetpack_publicize_connections":[],"jetpack_featured_media_url":"https:\/\/i0.wp.com\/blateman-bobine.com\/wp-content\/uploads\/2025\/04\/001_2025_gf.jpg?fit=500%2C701&ssl=1","jetpack_likes_enabled":true,"jetpack_sharing_enabled":true,"jetpack_shortlink":"https:\/\/wp.me\/p4LVhx-v5","jetpack-related-posts":[{"id":1869,"url":"https:\/\/blateman-bobine.com\/nl\/blateman-haspel-inwijding-in-brugge-30-maart-2025\/","url_meta":{"origin":1927,"position":0},"title":"Blateman &amp; Bobine tekenen in Brugge - 30 maart 2025","author":"Vhenin","date":"28 maart 2025","format":false,"excerpt":"Kom me ontmoeten op het Stripfestival Brugge op zondag 30 maart 2025. Meer info op: https:\/\/www.facebook.com\/bruggestripfestival\/about","rel":"","context":"In &quot;D\u00e9dicaces&quot;","block_context":{"text":"D\u00e9dicaces","link":"https:\/\/blateman-bobine.com\/nl\/categorie\/toewijdingen\/"},"img":{"alt_text":"","src":"https:\/\/i0.wp.com\/blateman-bobine.com\/wp-content\/uploads\/2024\/12\/dedi-bb-03.jpg?fit=666%2C1000&ssl=1&resize=350%2C200","width":350,"height":200,"srcset":"https:\/\/i0.wp.com\/blateman-bobine.com\/wp-content\/uploads\/2024\/12\/dedi-bb-03.jpg?fit=666%2C1000&ssl=1&resize=350%2C200 1x, https:\/\/i0.wp.com\/blateman-bobine.com\/wp-content\/uploads\/2024\/12\/dedi-bb-03.jpg?fit=666%2C1000&ssl=1&resize=525%2C300 1.5x"},"classes":[]},{"id":2791,"url":"https:\/\/blateman-bobine.com\/nl\/blateman-bobine-op-het-festival-bd-de-bulles-en-bulles-hotton-b-24-aout-2025\/","url_meta":{"origin":1927,"position":1},"title":"Blateman &amp; Bobine op het Festival BD de Bulles en Bulles \/\/ Hotton (B) - 24 augustus 2025","author":"Vhenin","date":"21 augustus 2025","format":false,"excerpt":"Hi Guys! Venez nous voir au Festival de Bulles en Bulles \u00e0 Hotton ce dimanche 24 ao\u00fbt.Un super festival dans un des plus jolis coins de la Belgique!Venez en famille pour la BD, la convivialit\u00e9 et le d\u00e9cor. Comme d'habitude, j'y d\u00e9dicacerai mes albums de 'Blateman & Bobine' et mes\u2026","rel":"","context":"In &quot;D\u00e9dicaces&quot;","block_context":{"text":"D\u00e9dicaces","link":"https:\/\/blateman-bobine.com\/nl\/categorie\/toewijdingen\/"},"img":{"alt_text":"Blateman & Bobine, les super-z\u00e9ros de la BD au Festival BD de Hotton","src":"https:\/\/i0.wp.com\/blateman-bobine.com\/wp-content\/uploads\/2025\/08\/affiche-FB-festival-Hotton.jpg?fit=800%2C600&ssl=1&resize=350%2C200","width":350,"height":200,"srcset":"https:\/\/i0.wp.com\/blateman-bobine.com\/wp-content\/uploads\/2025\/08\/affiche-FB-festival-Hotton.jpg?fit=800%2C600&ssl=1&resize=350%2C200 1x, https:\/\/i0.wp.com\/blateman-bobine.com\/wp-content\/uploads\/2025\/08\/affiche-FB-festival-Hotton.jpg?fit=800%2C600&ssl=1&resize=525%2C300 1.5x, https:\/\/i0.wp.com\/blateman-bobine.com\/wp-content\/uploads\/2025\/08\/affiche-FB-festival-Hotton.jpg?fit=800%2C600&ssl=1&resize=700%2C400 2x"},"classes":[]},{"id":3385,"url":"https:\/\/blateman-bobine.com\/nl\/blateman-en-dedicace-avec-brad-pitt-a-tournai-les-bulles-b-11-et-12-avril-2026\/","url_meta":{"origin":1927,"position":2},"title":"Blateman en d\u00e9dicace avec Brad Pitt \u00e0 Tournai-les-Bulles (B) &#8211; 11 et 12 avril 2026","author":"Vhenin","date":"9 april 2026","format":false,"excerpt":"Brad Pitt en d\u00e9dicaces avec Blateman & Bobine \u00e0 Tournai-les-Bulles (Festival International de BD), Belgique, 11 et 12 avril 2026","rel":"","context":"In &quot;Around Blateman&quot;","block_context":{"text":"Around Blateman","link":"https:\/\/blateman-bobine.com\/nl\/categorie\/rond-blateman\/"},"img":{"alt_text":"Brad Pitt, fan de Blateman & Bobine, s\u00e9rie de BD franco-belge","src":"https:\/\/i0.wp.com\/blateman-bobine.com\/wp-content\/uploads\/2026\/04\/Brad-Pitt-at-comic-convention-horizontal-WEB.jpg?fit=1200%2C800&ssl=1&resize=350%2C200","width":350,"height":200,"srcset":"https:\/\/i0.wp.com\/blateman-bobine.com\/wp-content\/uploads\/2026\/04\/Brad-Pitt-at-comic-convention-horizontal-WEB.jpg?fit=1200%2C800&ssl=1&resize=350%2C200 1x, https:\/\/i0.wp.com\/blateman-bobine.com\/wp-content\/uploads\/2026\/04\/Brad-Pitt-at-comic-convention-horizontal-WEB.jpg?fit=1200%2C800&ssl=1&resize=525%2C300 1.5x, https:\/\/i0.wp.com\/blateman-bobine.com\/wp-content\/uploads\/2026\/04\/Brad-Pitt-at-comic-convention-horizontal-WEB.jpg?fit=1200%2C800&ssl=1&resize=700%2C400 2x, https:\/\/i0.wp.com\/blateman-bobine.com\/wp-content\/uploads\/2026\/04\/Brad-Pitt-at-comic-convention-horizontal-WEB.jpg?fit=1200%2C800&ssl=1&resize=1050%2C600 3x"},"classes":[]},{"id":1938,"url":"https:\/\/blateman-bobine.com\/nl\/blateman-bobine-was-op-het-rixensart-comics-festival\/","url_meta":{"origin":1927,"position":3},"title":"Blateman &amp; Bobine waren op het Rixensart Comics Festival","author":"Vhenin","date":"10 april 2025","format":false,"excerpt":"Nos deux super-z(h)\u00e9ros \u00e9taient en d\u00e9dicaces au 1er Festival BD de Rixensart dans la belle province du Brabant Wallon (Belgique). Le temps et l'ambiance \u00e9taient au rendez-vous! Merci \u00e0 Delphine et ses coll\u00e8gues pour cette tr\u00e8s belle organisation.Heureux d'avoir pu signer mes albums en pr\u00e9sence de coll\u00e8gues \u00e9minents: Taymans, Kox,\u2026","rel":"","context":"In &quot;D\u00e9dicaces&quot;","block_context":{"text":"D\u00e9dicaces","link":"https:\/\/blateman-bobine.com\/nl\/categorie\/toewijdingen\/"},"img":{"alt_text":"Blateman & Bobine - festival-BD-Rixensart","src":"https:\/\/i0.wp.com\/blateman-bobine.com\/wp-content\/uploads\/2025\/04\/festival-BD-Rixensart-01.jpg?fit=960%2C1200&ssl=1&resize=350%2C200","width":350,"height":200,"srcset":"https:\/\/i0.wp.com\/blateman-bobine.com\/wp-content\/uploads\/2025\/04\/festival-BD-Rixensart-01.jpg?fit=960%2C1200&ssl=1&resize=350%2C200 1x, https:\/\/i0.wp.com\/blateman-bobine.com\/wp-content\/uploads\/2025\/04\/festival-BD-Rixensart-01.jpg?fit=960%2C1200&ssl=1&resize=525%2C300 1.5x, https:\/\/i0.wp.com\/blateman-bobine.com\/wp-content\/uploads\/2025\/04\/festival-BD-Rixensart-01.jpg?fit=960%2C1200&ssl=1&resize=700%2C400 2x"},"classes":[]},{"id":2848,"url":"https:\/\/blateman-bobine.com\/nl\/blateman-bobine-was-op-het-bulles-en-bulles-festival-in-hotton-b\/","url_meta":{"origin":1927,"position":4},"title":"Hotton Comics Festival: een terugblik op een onvergetelijke dag","author":"Vhenin","date":"3 september 2025","format":false,"excerpt":"Nous \u00e9tions au super Festival BD de Hotton le 24 ao\u00fbt dernier toute la journ\u00e9e...Super b\u00e9n\u00e9voles, super accueil et super organisation! Merci \u00e0 tous! Mais alors, que dire du public?! Familial, sympa, relax et au rendez-vous!Un vrai bonheur et de chouettes rencontres! L'\u00e9diteur ABA Academy a eu la bonne id\u00e9e\u2026","rel":"","context":"In &quot;D\u00e9dicaces&quot;","block_context":{"text":"D\u00e9dicaces","link":"https:\/\/blateman-bobine.com\/nl\/categorie\/toewijdingen\/"},"img":{"alt_text":"Blateman & Bobine au Festival BD de Hotton","src":"https:\/\/i0.wp.com\/blateman-bobine.com\/wp-content\/uploads\/2025\/09\/IMG-20250827-WA0006-web.jpg?fit=800%2C399&ssl=1&resize=350%2C200","width":350,"height":200,"srcset":"https:\/\/i0.wp.com\/blateman-bobine.com\/wp-content\/uploads\/2025\/09\/IMG-20250827-WA0006-web.jpg?fit=800%2C399&ssl=1&resize=350%2C200 1x, https:\/\/i0.wp.com\/blateman-bobine.com\/wp-content\/uploads\/2025\/09\/IMG-20250827-WA0006-web.jpg?fit=800%2C399&ssl=1&resize=525%2C300 1.5x, https:\/\/i0.wp.com\/blateman-bobine.com\/wp-content\/uploads\/2025\/09\/IMG-20250827-WA0006-web.jpg?fit=800%2C399&ssl=1&resize=700%2C400 2x"},"classes":[]},{"id":364,"url":"https:\/\/blateman-bobine.com\/nl\/blateman-bobine-inwijding-op-het-sobd-festival-in-parijs\/","url_meta":{"origin":1927,"position":5},"title":"Blateman &amp; Bobine signeren op het SoBD Festival (Parijs)","author":"Vhenin","date":"29 november 2015","format":false,"excerpt":"Vhenin\u00a0et Tarek seront au stand\u00a0de l'\u00e9diteur Tartamudo lors du festival SoBD, salon de la BD de Paris: \u2022 Quand? les 4, 5 et 6\u00a0d\u00e9cembre 2015 de 15h \u00e0 19h, le vendredi et de 11h \u00e0 19h\u00a0les autres jours \u2022 O\u00f9? Halle des Blancs Manteaux, 48 rue Vieille du Temple, Paris\u2026","rel":"","context":"In &quot;D\u00e9dicaces&quot;","block_context":{"text":"D\u00e9dicaces","link":"https:\/\/blateman-bobine.com\/nl\/categorie\/toewijdingen\/"},"img":{"alt_text":"","src":"https:\/\/i0.wp.com\/blateman-bobine.com\/wp-content\/uploads\/2015\/11\/flyer-sobd-recto_tarek_vhenin.jpg?fit=848%2C1200&ssl=1&resize=350%2C200","width":350,"height":200,"srcset":"https:\/\/i0.wp.com\/blateman-bobine.com\/wp-content\/uploads\/2015\/11\/flyer-sobd-recto_tarek_vhenin.jpg?fit=848%2C1200&ssl=1&resize=350%2C200 1x, https:\/\/i0.wp.com\/blateman-bobine.com\/wp-content\/uploads\/2015\/11\/flyer-sobd-recto_tarek_vhenin.jpg?fit=848%2C1200&ssl=1&resize=525%2C300 1.5x, https:\/\/i0.wp.com\/blateman-bobine.com\/wp-content\/uploads\/2015\/11\/flyer-sobd-recto_tarek_vhenin.jpg?fit=848%2C1200&ssl=1&resize=700%2C400 2x"},"classes":[]}],"_links":{"self":[{"href":"https:\/\/blateman-bobine.com\/nl\/wp-json\/wp\/v2\/posts\/1927","targetHints":{"allow":["GET"]}}],"collection":[{"href":"https:\/\/blateman-bobine.com\/nl\/wp-json\/wp\/v2\/posts"}],"about":[{"href":"https:\/\/blateman-bobine.com\/nl\/wp-json\/wp\/v2\/types\/post"}],"author":[{"embeddable":true,"href":"https:\/\/blateman-bobine.com\/nl\/wp-json\/wp\/v2\/users\/74241772"}],"replies":[{"embeddable":true,"href":"https:\/\/blateman-bobine.com\/nl\/wp-json\/wp\/v2\/comments?post=1927"}],"version-history":[{"count":8,"href":"https:\/\/blateman-bobine.com\/nl\/wp-json\/wp\/v2\/posts\/1927\/revisions"}],"predecessor-version":[{"id":1937,"href":"https:\/\/blateman-bobine.com\/nl\/wp-json\/wp\/v2\/posts\/1927\/revisions\/1937"}],"wp:featuredmedia":[{"embeddable":true,"href":"https:\/\/blateman-bobine.com\/nl\/wp-json\/wp\/v2\/media\/1931"}],"wp:attachment":[{"href":"https:\/\/blateman-bobine.com\/nl\/wp-json\/wp\/v2\/media?parent=1927"}],"wp:term":[{"taxonomy":"category","embeddable":true,"href":"https:\/\/blateman-bobine.com\/nl\/wp-json\/wp\/v2\/categories?post=1927"},{"taxonomy":"post_tag","embeddable":true,"href":"https:\/\/blateman-bobine.com\/nl\/wp-json\/wp\/v2\/tags?post=1927"}],"curies":[{"name":"wp","href":"https:\/\/api.w.org\/{rel}","templated":true}]}}