{"id":364,"date":"2015-11-29T11:18:10","date_gmt":"2015-11-29T10:18:10","guid":{"rendered":"https:\/\/blateman-bobine.com\/fr\/?p=364"},"modified":"2025-03-28T10:19:05","modified_gmt":"2025-03-28T09:19:05","slug":"blateman-bobine-inwijding-op-het-sobd-festival-in-parijs","status":"publish","type":"post","link":"https:\/\/blateman-bobine.com\/nl\/blateman-bobine-inwijding-op-het-sobd-festival-in-parijs\/","title":{"rendered":"Blateman &amp; Bobine signeren op het SoBD Festival (Parijs)"},"content":{"rendered":"<p><strong>Vhenin<\/strong>\u00a0en <strong>Tarek<\/strong> zal op de stand van de uitgever staan <strong>Tartamudo<\/strong> tijdens het festival <strong>S<em>o<\/em>BD<\/strong>Stripbeurs Parijs:<\/p>\n<p><em><strong>- Wanneer zal het plaatsvinden?<\/strong><\/em> de <strong>4, 5<\/strong> en <strong>6 december<\/strong> 2015 door <strong>15h<\/strong> \u00e0 <strong>19h<\/strong>op vrijdag<br \/>\nen<br \/>\nvan <strong>11h<\/strong> \u00e0 <strong>19.00 uur op andere dagen<br \/>\n<em>- Waar is het?<\/em> <\/strong>Halle des Blancs Manteaux, 48 rue Vieille du Temple, Parijs IVe<\/p>\n<p>De auteurs zullen er zijn voor de <strong>Franse premi\u00e8re van hun nieuwe strip<\/strong> omdat het een paar dagen later officieel werd uitgebracht!<\/p>\n<p>Mis het dus niet ;-)<\/p>\n<p>Signeren van het nieuwe album door <strong>Vincent Henin (Vhenin)<\/strong> (<strong>Vhenin)<\/strong>\u00a0en <strong>Tarek<\/strong> \"\u00a0<strong>Blateman &amp; Bobine bij Loindetout<\/strong>\u00a0\" ! <em>Kom \u00e9\u00e9n, kom allen<\/em> !<\/p>\n<p style=\"text-align:center;\"><img data-recalc-dims=\"1\" loading=\"lazy\" decoding=\"async\" data-attachment-id=\"385\" data-permalink=\"https:\/\/blateman-bobine.com\/nl\/blateman-bobine-inwijding-op-het-sobd-festival-in-parijs\/flyer-sobd-recto_tarek_vhenin\/\" data-orig-file=\"https:\/\/i0.wp.com\/blateman-bobine.com\/wp-content\/uploads\/2015\/11\/flyer-sobd-recto_tarek_vhenin.jpg?fit=1500%2C2122&amp;ssl=1\" data-orig-size=\"1500,2122\" data-comments-opened=\"1\" data-image-meta=\"{&quot;aperture&quot;:&quot;0&quot;,&quot;credit&quot;:&quot;&quot;,&quot;camera&quot;:&quot;&quot;,&quot;caption&quot;:&quot;&quot;,&quot;created_timestamp&quot;:&quot;0&quot;,&quot;copyright&quot;:&quot;&quot;,&quot;focal_length&quot;:&quot;0&quot;,&quot;iso&quot;:&quot;0&quot;,&quot;shutter_speed&quot;:&quot;0&quot;,&quot;title&quot;:&quot;&quot;,&quot;orientation&quot;:&quot;0&quot;}\" data-image-title=\"Salon de la BD \u00e0 Paris\" data-image-description=\"\" data-image-caption=\"\" data-large-file=\"https:\/\/i0.wp.com\/blateman-bobine.com\/wp-content\/uploads\/2015\/11\/flyer-sobd-recto_tarek_vhenin.jpg?fit=724%2C1024&amp;ssl=1\" class=\"size-large wp-image-385 aligncenter\" src=\"https:\/\/i0.wp.com\/blateman-bobine.com\/fr\/wp-content\/uploads\/2015\/11\/flyer-sobd-recto_tarek_vhenin.jpg?resize=724%2C1024&#038;ssl=1\" alt=\"Flyer-SoBD-recto_tarek_vhenin\" width=\"724\" height=\"1024\" \/><img data-recalc-dims=\"1\" loading=\"lazy\" decoding=\"async\" data-attachment-id=\"386\" data-permalink=\"https:\/\/blateman-bobine.com\/nl\/blateman-bobine-inwijding-op-het-sobd-festival-in-parijs\/flyer-sobd-verso\/\" data-orig-file=\"https:\/\/i0.wp.com\/blateman-bobine.com\/wp-content\/uploads\/2015\/11\/flyer-sobd-verso.jpg?fit=1500%2C2121&amp;ssl=1\" data-orig-size=\"1500,2121\" data-comments-opened=\"1\" data-image-meta=\"{&quot;aperture&quot;:&quot;0&quot;,&quot;credit&quot;:&quot;&quot;,&quot;camera&quot;:&quot;&quot;,&quot;caption&quot;:&quot;&quot;,&quot;created_timestamp&quot;:&quot;0&quot;,&quot;copyright&quot;:&quot;&quot;,&quot;focal_length&quot;:&quot;0&quot;,&quot;iso&quot;:&quot;0&quot;,&quot;shutter_speed&quot;:&quot;0&quot;,&quot;title&quot;:&quot;&quot;,&quot;orientation&quot;:&quot;0&quot;}\" data-image-title=\"Salon de la BD \u00e0 Paris\" data-image-description=\"\" data-image-caption=\"\" data-large-file=\"https:\/\/i0.wp.com\/blateman-bobine.com\/wp-content\/uploads\/2015\/11\/flyer-sobd-verso.jpg?fit=724%2C1024&amp;ssl=1\" class=\"size-large wp-image-386 aligncenter\" src=\"https:\/\/i0.wp.com\/blateman-bobine.com\/fr\/wp-content\/uploads\/2015\/11\/flyer-sobd-verso.jpg?resize=724%2C1024&#038;ssl=1\" alt=\"Flyer-SoBD-verso\" width=\"724\" height=\"1024\" \/><br \/>\n<strong>Vhenin<\/strong><br \/>\n<strong>Portfolio:<\/strong> <a href=\"http:\/\/www.vhenin.be\/\" target=\"_blank\">www.vhenin.be<\/a>\u00a0en <a href=\"http:\/\/www.vincent-henin.be\/\" target=\"_blank\">www.vincent-henin.be<\/a><br \/>\n<strong>Facebook:<\/strong> <a href=\"https:\/\/fr-fr.facebook.com\/vincenthenin.comixillustration\" target=\"_blank\">Vincent Henin Comix Illustratie (Vhenin)<br \/>\n<\/a><strong>Blog:<\/strong> <a href=\"http:\/\/www.vhenin.canalblog.com\" target=\"_blank\">www.vhenin.canalblog.com<\/a><br \/>\n<strong>YouTube: <\/strong><a title=\"Vhenin&#039;s YouTube-kanaal\" href=\"https:\/\/www.youtube.com\/channel\/UCFgRf_TU8ES5LJNMaKOr8Eg\" target=\"_blank\">De Vhenin-reeks<\/a><\/p>","protected":false},"excerpt":{"rendered":"<p>Vhenin\u00a0et Tarek seront au stand\u00a0de l&rsquo;\u00e9diteur Tartamudo lors du festival SoBD, salon de la BD de Paris: \u2022 Quand? les 4, 5 et 6\u00a0d\u00e9cembre 2015 de 15h \u00e0 19h, le vendredi et de 11h \u00e0 19h\u00a0les autres jours \u2022 O\u00f9? Halle des Blancs Manteaux, 48 rue Vieille du Temple, Paris IVe Les auteurs seront l\u00e0 [&hellip;]<\/p>\n","protected":false},"author":74241772,"featured_media":385,"comment_status":"open","ping_status":"open","sticky":false,"template":"","format":"standard","meta":{"_coblocks_attr":"","_coblocks_dimensions":"","_coblocks_responsive_height":"","_coblocks_accordion_ie_support":"","_crdt_document":"","advanced_seo_description":"","jetpack_seo_html_title":"","jetpack_seo_noindex":false,"_jetpack_newsletter_access":"","_jetpack_dont_email_post_to_subs":false,"_jetpack_newsletter_tier_id":0,"_jetpack_memberships_contains_paywalled_content":false,"_jetpack_memberships_contains_paid_content":false,"footnotes":"","jetpack_publicize_message":"","jetpack_publicize_feature_enabled":true,"jetpack_social_post_already_shared":false,"jetpack_social_options":{"image_generator_settings":{"template":"highway","default_image_id":0,"font":"","enabled":false},"version":2},"_wpas_customize_per_network":false,"jetpack_post_was_ever_published":false},"categories":[1223035],"tags":[44670,21752,263100701,1338044,3883569,346062291,39123,3968362,1536666,299480777],"class_list":["post-364","post","type-post","status-publish","format-standard","has-post-thumbnail","hentry","category-dedicaces","tag-bande-dessinee","tag-bd","tag-blateman","tag-bobine","tag-comics-book","tag-loindetout","tag-super-heros","tag-tarek","tag-tartamudo","tag-vhenin"],"jetpack_publicize_connections":[],"jetpack_featured_media_url":"https:\/\/i0.wp.com\/blateman-bobine.com\/wp-content\/uploads\/2015\/11\/flyer-sobd-recto_tarek_vhenin.jpg?fit=1500%2C2122&ssl=1","jetpack_likes_enabled":true,"jetpack_sharing_enabled":true,"jetpack_shortlink":"https:\/\/wp.me\/p4LVhx-5S","jetpack-related-posts":[{"id":397,"url":"https:\/\/blateman-bobine.com\/nl\/herinneringen-aan-de-inwijding-van-blateman-bobine-op-sobd-2015-salon-de-la-bd-in-parijs\/","url_meta":{"origin":364,"position":0},"title":"Herinneringen aan de signeersessie van \"Blateman &amp; Bobine\" op SoBD 2015 - de stripbeurs in Parijs","author":"Vhenin","date":"7 december 2015","format":false,"excerpt":"Merci \u00e0 tous d'\u00eatre venus nous voir et bavarder avec nous au stand Tartamudo le week-end des 4, 5 et 6 d\u00e9cembre. Tarek et moi avions le plaisir d'\u00eatre en compagnie d'autres Tartamudois (Tartumud\u00e9ens?): Vincent Pompetti Jos\u00e9 Jover Rodolphe Merci \u00e0 Martine pour sa gentillesse et son support tout au\u2026","rel":"","context":"In &quot;D\u00e9dicaces&quot;","block_context":{"text":"D\u00e9dicaces","link":"https:\/\/blateman-bobine.com\/nl\/categorie\/toewijdingen\/"},"img":{"alt_text":"","src":"https:\/\/i0.wp.com\/blateman-bobine.com\/wp-content\/uploads\/2015\/12\/dsc_0091.jpg?fit=1200%2C800&ssl=1&resize=350%2C200","width":350,"height":200,"srcset":"https:\/\/i0.wp.com\/blateman-bobine.com\/wp-content\/uploads\/2015\/12\/dsc_0091.jpg?fit=1200%2C800&ssl=1&resize=350%2C200 1x, https:\/\/i0.wp.com\/blateman-bobine.com\/wp-content\/uploads\/2015\/12\/dsc_0091.jpg?fit=1200%2C800&ssl=1&resize=525%2C300 1.5x, https:\/\/i0.wp.com\/blateman-bobine.com\/wp-content\/uploads\/2015\/12\/dsc_0091.jpg?fit=1200%2C800&ssl=1&resize=700%2C400 2x, https:\/\/i0.wp.com\/blateman-bobine.com\/wp-content\/uploads\/2015\/12\/dsc_0091.jpg?fit=1200%2C800&ssl=1&resize=1050%2C600 3x"},"classes":[]},{"id":870,"url":"https:\/\/blateman-bobine.com\/nl\/blateman-bobine-signeert-op-3-december-2016-in-de-salon-sobd-in-parijs\/","url_meta":{"origin":364,"position":1},"title":"Blateman &amp; Bobine tekenen in Parijs - Salon SoBD - 3 december 2016","author":"Vhenin","date":"28 november 2016","format":false,"excerpt":"Hello! Le dessinateur Vhenin sera pr\u00e9sent toute la journ\u00e9e du samedi 3 d\u00e9cembre 2016 pour signer et d\u00e9dicacer sa BD \"Blateman & Bobine\" au stand Tartamudo. Salon SoBD - La BD au coeur de Paris Halle des Blancs-Manteaux, Paris IVe 48 rue Vieille-du-Temple, entr\u00e9e libre Vhenin Portfolio: www.vhenin.be Facebook: Vincent\u2026","rel":"","context":"In &quot;D\u00e9dicaces&quot;","block_context":{"text":"D\u00e9dicaces","link":"https:\/\/blateman-bobine.com\/nl\/categorie\/toewijdingen\/"},"img":{"alt_text":"","src":"https:\/\/i0.wp.com\/blateman-bobine.com\/wp-content\/uploads\/2016\/11\/affiche-sobdjpg.jpg?fit=728%2C1030&ssl=1&resize=350%2C200","width":350,"height":200,"srcset":"https:\/\/i0.wp.com\/blateman-bobine.com\/wp-content\/uploads\/2016\/11\/affiche-sobdjpg.jpg?fit=728%2C1030&ssl=1&resize=350%2C200 1x, https:\/\/i0.wp.com\/blateman-bobine.com\/wp-content\/uploads\/2016\/11\/affiche-sobdjpg.jpg?fit=728%2C1030&ssl=1&resize=525%2C300 1.5x, https:\/\/i0.wp.com\/blateman-bobine.com\/wp-content\/uploads\/2016\/11\/affiche-sobdjpg.jpg?fit=728%2C1030&ssl=1&resize=700%2C400 2x"},"classes":[]},{"id":994,"url":"https:\/\/blateman-bobine.com\/nl\/sobd-2016\/","url_meta":{"origin":364,"position":2},"title":"Vhenin op SoBD 2016 (Parijs)","author":"Tarek Ben Yakhlef","date":"8 februari 2017","format":false,"excerpt":"Vhenin et d'autres \"Tartatmudois\" (habitants de la plan\u00e8te Tartamudo) \u00e9taient pr\u00e9sents au Salon SoBD 2016 \u00e0 Paris. Beau succ\u00e8s pour \"Blateman & Bobine\" puisque Vhenin se retrouve m\u00eame dans la Vid\u00e9o Officielle du Salon (vers 3 min 38 sec...)! https:\/\/youtu.be\/RgVs0yj5UM8","rel":"","context":"In &quot;D\u00e9dicaces&quot;","block_context":{"text":"D\u00e9dicaces","link":"https:\/\/blateman-bobine.com\/nl\/categorie\/toewijdingen\/"},"img":{"alt_text":"","src":"https:\/\/i0.wp.com\/blateman-bobine.com\/wp-content\/uploads\/2024\/10\/462691224_10235738599505187_5836826645977011765_n.jpg?fit=939%2C1200&ssl=1&resize=350%2C200","width":350,"height":200,"srcset":"https:\/\/i0.wp.com\/blateman-bobine.com\/wp-content\/uploads\/2024\/10\/462691224_10235738599505187_5836826645977011765_n.jpg?fit=939%2C1200&ssl=1&resize=350%2C200 1x, https:\/\/i0.wp.com\/blateman-bobine.com\/wp-content\/uploads\/2024\/10\/462691224_10235738599505187_5836826645977011765_n.jpg?fit=939%2C1200&ssl=1&resize=525%2C300 1.5x, https:\/\/i0.wp.com\/blateman-bobine.com\/wp-content\/uploads\/2024\/10\/462691224_10235738599505187_5836826645977011765_n.jpg?fit=939%2C1200&ssl=1&resize=700%2C400 2x"},"classes":[]},{"id":677,"url":"https:\/\/blateman-bobine.com\/nl\/blateman-bobine-en-dedicace-a-la-fete-de-la-bd-de-bruxelles\/","url_meta":{"origin":364,"position":3},"title":"Blateman &amp; Bobine en d\u00e9dicace \u00e0 la F\u00eate de la BD de Bruxelles","author":"Vhenin","date":"28 augustus 2016","format":false,"excerpt":"Venez les rencontrer \u00e0 la F\u00eate de la BD de Bruxelles le weekend du 2, 3 et 4 septembre prochains... Je d\u00e9dicace \"Blateman & Bobine \u00e0 Loindetout\" (et aussi mes BD sous le nom de Vincent Henin,\"Les Voyages d'Alix\")... Venez d\u00e9couvrir deux univers \u00e0 part, deux facettes de mon dessin\u2026","rel":"","context":"In &quot;D\u00e9dicaces&quot;","block_context":{"text":"D\u00e9dicaces","link":"https:\/\/blateman-bobine.com\/nl\/categorie\/toewijdingen\/"},"img":{"alt_text":"","src":"https:\/\/i0.wp.com\/blateman-bobine.com\/wp-content\/uploads\/2016\/08\/annonce_fete_bd_bxl_2016.jpg?fit=900%2C862&ssl=1&resize=350%2C200","width":350,"height":200,"srcset":"https:\/\/i0.wp.com\/blateman-bobine.com\/wp-content\/uploads\/2016\/08\/annonce_fete_bd_bxl_2016.jpg?fit=900%2C862&ssl=1&resize=350%2C200 1x, https:\/\/i0.wp.com\/blateman-bobine.com\/wp-content\/uploads\/2016\/08\/annonce_fete_bd_bxl_2016.jpg?fit=900%2C862&ssl=1&resize=525%2C300 1.5x, https:\/\/i0.wp.com\/blateman-bobine.com\/wp-content\/uploads\/2016\/08\/annonce_fete_bd_bxl_2016.jpg?fit=900%2C862&ssl=1&resize=700%2C400 2x"},"classes":[]},{"id":299,"url":"https:\/\/blateman-bobine.com\/nl\/blateman-bobine-inwijding-bij-arlon-16-december-2015-belgie\/","url_meta":{"origin":364,"position":4},"title":"Blateman &amp; Bobine tekenen in ARLON (Belgi\u00eb) - 16 december 2015","author":"Vhenin","date":"21 november 2015","format":false,"excerpt":"Vincent Henin - Vhenin sera \u00e0 la Biblioth\u00e8que Communale d'Arlon\u00a0(Belgique): \u2022 Quand? le 16 d\u00e9cembre 2015 de 13h30 \u00e0 17h00 \u2022 O\u00f9? Biblioth\u00e8que et Ludoth\u00e8que d'Arlon,\u00a0Parc des Expositions 5, 6700 Arlon (Belgique) L'auteur\u00a0sera l\u00e0 pour la Premi\u00e8re de sa nouvelle BD car celle-ci sort officiellement quelques jours avant! D\u00e9dicace et\u2026","rel":"","context":"In &quot;D\u00e9dicaces&quot;","block_context":{"text":"D\u00e9dicaces","link":"https:\/\/blateman-bobine.com\/nl\/categorie\/toewijdingen\/"},"img":{"alt_text":"","src":"https:\/\/i0.wp.com\/blateman-bobine.com\/wp-content\/uploads\/2015\/11\/fin_infos_2.png?fit=1024%2C576&ssl=1&resize=350%2C200","width":350,"height":200,"srcset":"https:\/\/i0.wp.com\/blateman-bobine.com\/wp-content\/uploads\/2015\/11\/fin_infos_2.png?fit=1024%2C576&ssl=1&resize=350%2C200 1x, https:\/\/i0.wp.com\/blateman-bobine.com\/wp-content\/uploads\/2015\/11\/fin_infos_2.png?fit=1024%2C576&ssl=1&resize=525%2C300 1.5x, https:\/\/i0.wp.com\/blateman-bobine.com\/wp-content\/uploads\/2015\/11\/fin_infos_2.png?fit=1024%2C576&ssl=1&resize=700%2C400 2x"},"classes":[]},{"id":1136,"url":"https:\/\/blateman-bobine.com\/nl\/vhenin-woorden-van-striptekenaars-op-de-sobd\/","url_meta":{"origin":364,"position":5},"title":"Vhenin - Wat striptekenaars te zeggen hebben over SoBD","author":"","date":"7 april 2017","format":false,"excerpt":"https:\/\/youtu.be\/RMMvy8enDQI","rel":"","context":"In &quot;Vid\u00e9o&quot;","block_context":{"text":"Vid\u00e9o","link":"https:\/\/blateman-bobine.com\/nl\/categorie\/video\/"},"img":{"alt_text":"","src":"https:\/\/i0.wp.com\/blateman-bobine.com\/wp-content\/uploads\/2017\/03\/16729116_10155047337775844_8470844467874465354_n.jpg?fit=960%2C639&ssl=1&resize=350%2C200","width":350,"height":200,"srcset":"https:\/\/i0.wp.com\/blateman-bobine.com\/wp-content\/uploads\/2017\/03\/16729116_10155047337775844_8470844467874465354_n.jpg?fit=960%2C639&ssl=1&resize=350%2C200 1x, https:\/\/i0.wp.com\/blateman-bobine.com\/wp-content\/uploads\/2017\/03\/16729116_10155047337775844_8470844467874465354_n.jpg?fit=960%2C639&ssl=1&resize=525%2C300 1.5x, https:\/\/i0.wp.com\/blateman-bobine.com\/wp-content\/uploads\/2017\/03\/16729116_10155047337775844_8470844467874465354_n.jpg?fit=960%2C639&ssl=1&resize=700%2C400 2x"},"classes":[]}],"_links":{"self":[{"href":"https:\/\/blateman-bobine.com\/nl\/wp-json\/wp\/v2\/posts\/364","targetHints":{"allow":["GET"]}}],"collection":[{"href":"https:\/\/blateman-bobine.com\/nl\/wp-json\/wp\/v2\/posts"}],"about":[{"href":"https:\/\/blateman-bobine.com\/nl\/wp-json\/wp\/v2\/types\/post"}],"author":[{"embeddable":true,"href":"https:\/\/blateman-bobine.com\/nl\/wp-json\/wp\/v2\/users\/74241772"}],"replies":[{"embeddable":true,"href":"https:\/\/blateman-bobine.com\/nl\/wp-json\/wp\/v2\/comments?post=364"}],"version-history":[{"count":24,"href":"https:\/\/blateman-bobine.com\/nl\/wp-json\/wp\/v2\/posts\/364\/revisions"}],"predecessor-version":[{"id":394,"href":"https:\/\/blateman-bobine.com\/nl\/wp-json\/wp\/v2\/posts\/364\/revisions\/394"}],"wp:featuredmedia":[{"embeddable":true,"href":"https:\/\/blateman-bobine.com\/nl\/wp-json\/wp\/v2\/media\/385"}],"wp:attachment":[{"href":"https:\/\/blateman-bobine.com\/nl\/wp-json\/wp\/v2\/media?parent=364"}],"wp:term":[{"taxonomy":"category","embeddable":true,"href":"https:\/\/blateman-bobine.com\/nl\/wp-json\/wp\/v2\/categories?post=364"},{"taxonomy":"post_tag","embeddable":true,"href":"https:\/\/blateman-bobine.com\/nl\/wp-json\/wp\/v2\/tags?post=364"}],"curies":[{"name":"wp","href":"https:\/\/api.w.org\/{rel}","templated":true}]}}