{"id":487,"date":"2016-02-07T23:16:14","date_gmt":"2016-02-07T22:16:14","guid":{"rendered":"https:\/\/blateman-bobine.com\/fr\/?p=487"},"modified":"2025-03-28T17:00:21","modified_gmt":"2025-03-28T16:00:21","slug":"487","status":"publish","type":"post","link":"https:\/\/blateman-bobine.com\/nl\/487\/","title":{"rendered":"D\u00e9dicace \u00e0 la librairie Br\u00fcsel &#8211; Place Flagey (Bruxelles) &#8211; jeudi 18 f\u00e9vrier 2016"},"content":{"rendered":"<p class=\"has-text-align-center wp-block-paragraph\">Dans le cadre des actions autour de la <strong> Foire du Livre de Bruxelles 2016<\/strong>, je d\u00e9dicace dans une des plus chouettes librairies de la capitale, \u00ab\u00a0<strong>Br\u00fcsel\u00a0\u00bb<\/strong> sur la Place Flagey (Bruxelles, Ixelles).<\/p>\n\n\n\n<p class=\"has-text-align-center wp-block-paragraph\">Ma derni\u00e8re BD \u00ab\u00a0<strong>Blateman &amp; Bobine<\/strong>\u00a0\u00bb y sera mise \u00e0 l&rsquo;honneur! Venez la d\u00e9couvrir et la d\u00e9corer d&rsquo;une d\u00e9dicace unique&#8230;<\/p>\n\n\n\n<p class=\"has-text-align-center wp-block-paragraph\">Rendez-vous le<strong> jeudi 18 f\u00e9vrier 2016 de 17h30 \u00e0 19h00<\/strong>.<\/p>\n\n\n\n<p class=\"has-text-align-center wp-block-paragraph\"><strong>Librairie BR\u00dcSEL<br>\n<span class=\"_Xbe\">Place Eug\u00e8ne Flagey 29<\/span>,<br>\n1050 Ixelles (Bruxelles)<\/strong><br>\n<em>Bus 38, 59, 60, 71<\/em><br>\n<em>Tram 81<\/em><\/p>\n\n\n\n<p class=\"has-text-align-center wp-block-paragraph\">Lien de l&rsquo;\u00e9v\u00e8nement sur le site de la librairie Br\u00fcsel:&nbsp;<em><a title=\"Vhenin en d\u00e9dicace pour Blateman et Bobine \u00e0 la librairie Br\u00fcsel - Flagey, Bruxelles\" href=\"http:\/\/www.brusel.com\/vincent-henin-en-dedicace-pour-blateman-bobine\/\" target=\"_blank\">http:\/\/www.brusel.com\/vincent-henin-en-dedicace-pour-blateman-bobine\/<\/a><\/em><\/p>\n\n\n\n<figure class=\"wp-block-image\"><img data-recalc-dims=\"1\" loading=\"lazy\" decoding=\"async\" width=\"337\" height=\"600\" data-attachment-id=\"488\" data-permalink=\"https:\/\/blateman-bobine.com\/nl\/487\/vincent_henin_vhenin_dedicace_brusel_web\/\" data-orig-file=\"https:\/\/i0.wp.com\/blateman-bobine.com\/wp-content\/uploads\/2016\/02\/vincent_henin_vhenin_dedicace_brusel_web.jpg?fit=337%2C600&amp;ssl=1\" data-orig-size=\"337,600\" data-comments-opened=\"1\" data-image-meta=\"{&quot;aperture&quot;:&quot;0&quot;,&quot;credit&quot;:&quot;&quot;,&quot;camera&quot;:&quot;&quot;,&quot;caption&quot;:&quot;&quot;,&quot;created_timestamp&quot;:&quot;0&quot;,&quot;copyright&quot;:&quot;&quot;,&quot;focal_length&quot;:&quot;0&quot;,&quot;iso&quot;:&quot;0&quot;,&quot;shutter_speed&quot;:&quot;0&quot;,&quot;title&quot;:&quot;&quot;,&quot;orientation&quot;:&quot;0&quot;}\" data-image-title=\"Souvenirs d\u00e9dicace \u00ab\u00a0Blateman &amp;amp; Bobine\u00a0\u00bb \u00e0 la librairie Br\u00fcsel de Flagey (Bruxelles)\" data-image-description=\"\" data-image-caption=\"\" data-large-file=\"https:\/\/i0.wp.com\/blateman-bobine.com\/wp-content\/uploads\/2016\/02\/vincent_henin_vhenin_dedicace_brusel_web.jpg?fit=337%2C600&amp;ssl=1\" src=\"https:\/\/i0.wp.com\/blateman-bobine.com\/fr\/wp-content\/uploads\/2016\/02\/vincent_henin_vhenin_dedicace_brusel_web.jpg?resize=337%2C600&#038;ssl=1\" alt=\"vincent_henin_vhenin_dedicace_brusel_web\" class=\"wp-image-488\"\/><\/figure>\n\n\n\n<p class=\"has-text-align-center wp-block-paragraph\"><\/p>\n\n\n\n<p class=\"has-text-align-center wp-block-paragraph\"><strong><strong>Vhenin<\/strong><br>\n<strong>Portfolio:<\/strong>&nbsp;<\/strong><a href=\"http:\/\/www.vhenin.be\/\" target=\"_blank\">www.vhenin.be<\/a><strong>&nbsp;en&nbsp;<\/strong><a href=\"http:\/\/www.vincent-henin.be\/\" target=\"_blank\">www.vincent-henin.be<\/a><strong><br>\n<strong>Facebook:<\/strong>&nbsp;<\/strong><a href=\"https:\/\/fr-fr.facebook.com\/vincenthenin.comixillustration\" target=\"_blank\">Vincent Henin Comix Illustratie (Vhenin)<\/a><strong><br>\n<strong>Vhenin's blog:<\/strong>&nbsp;<\/strong><a title=\"Le site officiel de Blateman &amp; Bobine\" href=\"http:\/\/vhenin.canalblog.com\/\" target=\"_blank\">http:\/\/vhenin.canalblog.com\/<\/a><strong><br>\nYouTube: <\/strong><a title=\"Vhenin&#039;s YouTube-kanaal\" href=\"https:\/\/www.youtube.com\/channel\/UCFgRf_TU8ES5LJNMaKOr8Eg\" target=\"_blank\">De Vhenin-reeks<\/a><\/p>","protected":false},"excerpt":{"rendered":"<p>Dans le cadre des actions autour de la Foire du Livre de Bruxelles 2016, je d\u00e9dicace dans une des plus chouettes librairies de la capitale, \u00ab\u00a0Br\u00fcsel\u00a0\u00bb sur la Place Flagey (Bruxelles, Ixelles). Ma derni\u00e8re BD \u00ab\u00a0Blateman &amp; Bobine\u00a0\u00bb y sera mise \u00e0 l&rsquo;honneur! Venez la d\u00e9couvrir et la d\u00e9corer d&rsquo;une d\u00e9dicace unique&#8230; Rendez-vous le jeudi [&hellip;]<\/p>\n","protected":false},"author":74241772,"featured_media":769,"comment_status":"open","ping_status":"open","sticky":false,"template":"","format":"standard","meta":{"_coblocks_attr":"","_coblocks_dimensions":"","_coblocks_responsive_height":"","_coblocks_accordion_ie_support":"","_crdt_document":"","advanced_seo_description":"","jetpack_seo_html_title":"","jetpack_seo_noindex":false,"_jetpack_newsletter_access":"","_jetpack_dont_email_post_to_subs":false,"_jetpack_newsletter_tier_id":0,"_jetpack_memberships_contains_paywalled_content":false,"_jetpack_memberships_contains_paid_content":false,"footnotes":"","jetpack_publicize_message":"","jetpack_publicize_feature_enabled":true,"jetpack_social_post_already_shared":false,"jetpack_social_options":{"image_generator_settings":{"template":"highway","default_image_id":0,"font":"","enabled":false},"version":2},"_wpas_customize_per_network":false,"jetpack_post_was_ever_published":false},"categories":[1223035],"tags":[14226,44670,21752,263100701,1338044,3883569,35,346062291,1202233,39123,3968362,1536666,299480777],"class_list":["post-487","post","type-post","status-publish","format-standard","has-post-thumbnail","hentry","category-dedicaces","tag-aventure","tag-bande-dessinee","tag-bd","tag-blateman","tag-bobine","tag-comics-book","tag-humour","tag-loindetout","tag-monstres","tag-super-heros","tag-tarek","tag-tartamudo","tag-vhenin"],"jetpack_publicize_connections":[],"jetpack_featured_media_url":"https:\/\/i0.wp.com\/blateman-bobine.com\/wp-content\/uploads\/2016\/09\/fete_de_la_bd_bruxelles_2016-18.jpg?fit=900%2C600&ssl=1","jetpack_likes_enabled":true,"jetpack_sharing_enabled":true,"jetpack_shortlink":"https:\/\/wp.me\/s4LVhx-487","jetpack-related-posts":[{"id":500,"url":"https:\/\/blateman-bobine.com\/nl\/souvenirs-dedicace-blateman-bobine-a-la-librairie-brusel-de-flagey-bruxelles\/","url_meta":{"origin":487,"position":0},"title":"Souvenirs van de signeersessie van \"Blateman &amp; Bobine\" in boekhandel Br\u00fcsel in Flagey (Brussel)","author":"Vhenin","date":"26 februari 2016","format":false,"excerpt":"Merci \u00e0 Quentin et \u00e0 toute l'\u00e9quipe pour leur accueil chaleureux! C'\u00e9tait le 18\/02 dernier (voir article). J'\u00e9tais en compagnie du dessinateur-sc\u00e9nariste Ben Dessy. Merci \u00e0 tous d'\u00eatre venus! photos: \u00a9Leila Khemissi (pas de reproduction sans l'autorisation de l'auteur -\u00a0http:\/\/www.leilakhemissi.be\/) Vhenin Portfolio: www.vhenin.be\u00a0et www.vincent-henin.be Facebook: Vincent Henin Comix Illustration (Vhenin)\u2026","rel":"","context":"In &quot;D\u00e9dicaces&quot;","block_context":{"text":"D\u00e9dicaces","link":"https:\/\/blateman-bobine.com\/nl\/categorie\/toewijdingen\/"},"img":{"alt_text":"","src":"https:\/\/i0.wp.com\/blateman-bobine.com\/wp-content\/uploads\/2016\/02\/blateman_bobine_bruxelles-13.jpg?fit=600%2C400&ssl=1&resize=350%2C200","width":350,"height":200,"srcset":"https:\/\/i0.wp.com\/blateman-bobine.com\/wp-content\/uploads\/2016\/02\/blateman_bobine_bruxelles-13.jpg?fit=600%2C400&ssl=1&resize=350%2C200 1x, https:\/\/i0.wp.com\/blateman-bobine.com\/wp-content\/uploads\/2016\/02\/blateman_bobine_bruxelles-13.jpg?fit=600%2C400&ssl=1&resize=525%2C300 1.5x"},"classes":[]},{"id":677,"url":"https:\/\/blateman-bobine.com\/nl\/blateman-bobine-en-dedicace-a-la-fete-de-la-bd-de-bruxelles\/","url_meta":{"origin":487,"position":1},"title":"Blateman &amp; Bobine en d\u00e9dicace \u00e0 la F\u00eate de la BD de Bruxelles","author":"Vhenin","date":"28 augustus 2016","format":false,"excerpt":"Venez les rencontrer \u00e0 la F\u00eate de la BD de Bruxelles le weekend du 2, 3 et 4 septembre prochains... Je d\u00e9dicace \"Blateman & Bobine \u00e0 Loindetout\" (et aussi mes BD sous le nom de Vincent Henin,\"Les Voyages d'Alix\")... Venez d\u00e9couvrir deux univers \u00e0 part, deux facettes de mon dessin\u2026","rel":"","context":"In &quot;D\u00e9dicaces&quot;","block_context":{"text":"D\u00e9dicaces","link":"https:\/\/blateman-bobine.com\/nl\/categorie\/toewijdingen\/"},"img":{"alt_text":"","src":"https:\/\/i0.wp.com\/blateman-bobine.com\/wp-content\/uploads\/2016\/08\/annonce_fete_bd_bxl_2016.jpg?fit=900%2C862&ssl=1&resize=350%2C200","width":350,"height":200,"srcset":"https:\/\/i0.wp.com\/blateman-bobine.com\/wp-content\/uploads\/2016\/08\/annonce_fete_bd_bxl_2016.jpg?fit=900%2C862&ssl=1&resize=350%2C200 1x, https:\/\/i0.wp.com\/blateman-bobine.com\/wp-content\/uploads\/2016\/08\/annonce_fete_bd_bxl_2016.jpg?fit=900%2C862&ssl=1&resize=525%2C300 1.5x, https:\/\/i0.wp.com\/blateman-bobine.com\/wp-content\/uploads\/2016\/08\/annonce_fete_bd_bxl_2016.jpg?fit=900%2C862&ssl=1&resize=700%2C400 2x"},"classes":[]},{"id":507,"url":"https:\/\/blateman-bobine.com\/nl\/vhenin-signeert-op-5-maart-bij-fnac-la-toison-dor-in-brussel\/","url_meta":{"origin":487,"position":2},"title":"Vhenin signeert op 5 maart bij FNAC la Toison d'Or in Brussel","author":"Tarek Ben Yakhlef","date":"29 februari 2016","format":false,"excerpt":"Vhenin houdt op 5 maart vanaf 14.00 uur een speciale signeersessie voor \"Blateman &amp; Bobine\" in de FNAC de la Toison d'Or in Brussel.","rel":"","context":"In &quot;D\u00e9dicaces&quot;","block_context":{"text":"D\u00e9dicaces","link":"https:\/\/blateman-bobine.com\/nl\/categorie\/toewijdingen\/"},"img":{"alt_text":"","src":"https:\/\/i0.wp.com\/blateman-bobine.com\/wp-content\/uploads\/2016\/02\/dedicace_toison-dor_vhenin_blateman_bobine.jpg?fit=900%2C691&ssl=1&resize=350%2C200","width":350,"height":200,"srcset":"https:\/\/i0.wp.com\/blateman-bobine.com\/wp-content\/uploads\/2016\/02\/dedicace_toison-dor_vhenin_blateman_bobine.jpg?fit=900%2C691&ssl=1&resize=350%2C200 1x, https:\/\/i0.wp.com\/blateman-bobine.com\/wp-content\/uploads\/2016\/02\/dedicace_toison-dor_vhenin_blateman_bobine.jpg?fit=900%2C691&ssl=1&resize=525%2C300 1.5x, https:\/\/i0.wp.com\/blateman-bobine.com\/wp-content\/uploads\/2016\/02\/dedicace_toison-dor_vhenin_blateman_bobine.jpg?fit=900%2C691&ssl=1&resize=700%2C400 2x"},"classes":[]},{"id":535,"url":"https:\/\/blateman-bobine.com\/nl\/souvenirs-dedicace-blateman-bobine-a-la-fnac-toison-dor-de-bruxelles\/","url_meta":{"origin":487,"position":3},"title":"Souvenirs d\u00e9dicace \u00ab\u00a0Blateman &amp; Bobine\u00a0\u00bb \u00e0 la FNAC Toison d&rsquo;Or de Bruxelles","author":"Vhenin","date":"12 april 2016","format":false,"excerpt":"Souvenirs de la d\u00e9dicace du 5 mars dernier. Merci \u00e0 Anthony, Issara, Coralie et les autres... \u00c0 refaire absolument ! Vhenin Portfolio: www.vhenin.be\u00a0et www.vincent-henin.be Facebook: Vincent Henin Comix Illustration (Vhenin) Le Blog de Vhenin: www.vhenin.canalblog.com YouTube: La Cha\u00eene de Vhenin","rel":"","context":"In &quot;D\u00e9dicaces&quot;","block_context":{"text":"D\u00e9dicaces","link":"https:\/\/blateman-bobine.com\/nl\/categorie\/toewijdingen\/"},"img":{"alt_text":"","src":"https:\/\/i0.wp.com\/blateman-bobine.com\/wp-content\/uploads\/2016\/04\/fnac_blateman_bobine_05032016_b.jpg?fit=750%2C1000&ssl=1&resize=350%2C200","width":350,"height":200,"srcset":"https:\/\/i0.wp.com\/blateman-bobine.com\/wp-content\/uploads\/2016\/04\/fnac_blateman_bobine_05032016_b.jpg?fit=750%2C1000&ssl=1&resize=350%2C200 1x, https:\/\/i0.wp.com\/blateman-bobine.com\/wp-content\/uploads\/2016\/04\/fnac_blateman_bobine_05032016_b.jpg?fit=750%2C1000&ssl=1&resize=525%2C300 1.5x, https:\/\/i0.wp.com\/blateman-bobine.com\/wp-content\/uploads\/2016\/04\/fnac_blateman_bobine_05032016_b.jpg?fit=750%2C1000&ssl=1&resize=700%2C400 2x"},"classes":[]},{"id":749,"url":"https:\/\/blateman-bobine.com\/nl\/souvenirs-de-la-fete-de-la-bd-de-bruxelles\/","url_meta":{"origin":487,"position":4},"title":"Souvenirs de la F\u00eate de la BD de Bruxelles","author":"Vhenin","date":"23 september 2016","format":false,"excerpt":"C'\u00e9tait les 3 et 4 septembre derniers. Une excellente \u00e9dition de ce Festival international tenu dans le somptueux cadre du parc de Bruxelles, en face du Palais Royal. La Blatte et son assistant \u00e0 la tignasse jaune \u00e9taient l\u00e0 en force! \"Blateman & Bobine\" (sous le pseudo de 'Vhenin') a\u2026","rel":"","context":"In &quot;D\u00e9dicaces&quot;","block_context":{"text":"D\u00e9dicaces","link":"https:\/\/blateman-bobine.com\/nl\/categorie\/toewijdingen\/"},"img":{"alt_text":"","src":"https:\/\/i0.wp.com\/blateman-bobine.com\/wp-content\/uploads\/2016\/09\/blateman_bobine_super_heros_fete_bd_bruxelles_web.jpg?fit=600%2C848&ssl=1&resize=350%2C200","width":350,"height":200,"srcset":"https:\/\/i0.wp.com\/blateman-bobine.com\/wp-content\/uploads\/2016\/09\/blateman_bobine_super_heros_fete_bd_bruxelles_web.jpg?fit=600%2C848&ssl=1&resize=350%2C200 1x, https:\/\/i0.wp.com\/blateman-bobine.com\/wp-content\/uploads\/2016\/09\/blateman_bobine_super_heros_fete_bd_bruxelles_web.jpg?fit=600%2C848&ssl=1&resize=525%2C300 1.5x"},"classes":[]},{"id":1198,"url":"https:\/\/blateman-bobine.com\/nl\/dedicace-a-la-librairie-alfabulle\/","url_meta":{"origin":487,"position":5},"title":"Boeksignering in de Alfabulle boekwinkel","author":"","date":"3 december 2017","format":false,"excerpt":"Petit retour en images sur la d\u00e9dicace de Vincent Pompetti et Tarek du 1er d\u00e9cembre \u00e0 la librairie Alfa Bulle (7, Rue La M\u00e9zi\u00e8re 35520 Melesse). Tous nos albums y sont encore disponibles pour cette fin d\u2019ann\u00e9e.","rel":"","context":"In &quot;D\u00e9dicaces&quot;","block_context":{"text":"D\u00e9dicaces","link":"https:\/\/blateman-bobine.com\/nl\/categorie\/toewijdingen\/"},"img":{"alt_text":"","src":"https:\/\/i0.wp.com\/blateman-bobine.com\/wp-content\/uploads\/2017\/12\/p1860755.jpg?fit=1024%2C684&ssl=1&resize=350%2C200","width":350,"height":200,"srcset":"https:\/\/i0.wp.com\/blateman-bobine.com\/wp-content\/uploads\/2017\/12\/p1860755.jpg?fit=1024%2C684&ssl=1&resize=350%2C200 1x, https:\/\/i0.wp.com\/blateman-bobine.com\/wp-content\/uploads\/2017\/12\/p1860755.jpg?fit=1024%2C684&ssl=1&resize=525%2C300 1.5x, https:\/\/i0.wp.com\/blateman-bobine.com\/wp-content\/uploads\/2017\/12\/p1860755.jpg?fit=1024%2C684&ssl=1&resize=700%2C400 2x"},"classes":[]}],"_links":{"self":[{"href":"https:\/\/blateman-bobine.com\/nl\/wp-json\/wp\/v2\/posts\/487","targetHints":{"allow":["GET"]}}],"collection":[{"href":"https:\/\/blateman-bobine.com\/nl\/wp-json\/wp\/v2\/posts"}],"about":[{"href":"https:\/\/blateman-bobine.com\/nl\/wp-json\/wp\/v2\/types\/post"}],"author":[{"embeddable":true,"href":"https:\/\/blateman-bobine.com\/nl\/wp-json\/wp\/v2\/users\/74241772"}],"replies":[{"embeddable":true,"href":"https:\/\/blateman-bobine.com\/nl\/wp-json\/wp\/v2\/comments?post=487"}],"version-history":[{"count":7,"href":"https:\/\/blateman-bobine.com\/nl\/wp-json\/wp\/v2\/posts\/487\/revisions"}],"predecessor-version":[{"id":1868,"href":"https:\/\/blateman-bobine.com\/nl\/wp-json\/wp\/v2\/posts\/487\/revisions\/1868"}],"wp:featuredmedia":[{"embeddable":true,"href":"https:\/\/blateman-bobine.com\/nl\/wp-json\/wp\/v2\/media\/769"}],"wp:attachment":[{"href":"https:\/\/blateman-bobine.com\/nl\/wp-json\/wp\/v2\/media?parent=487"}],"wp:term":[{"taxonomy":"category","embeddable":true,"href":"https:\/\/blateman-bobine.com\/nl\/wp-json\/wp\/v2\/categories?post=487"},{"taxonomy":"post_tag","embeddable":true,"href":"https:\/\/blateman-bobine.com\/nl\/wp-json\/wp\/v2\/tags?post=487"}],"curies":[{"name":"wp","href":"https:\/\/api.w.org\/{rel}","templated":true}]}}