{"id":672,"date":"2016-09-02T10:59:06","date_gmt":"2016-09-02T09:59:06","guid":{"rendered":"https:\/\/blateman-bobine.com\/fr\/?p=672"},"modified":"2025-03-28T16:56:43","modified_gmt":"2025-03-28T15:56:43","slug":"festival-abracadabulles","status":"publish","type":"post","link":"https:\/\/blateman-bobine.com\/nl\/festival-abracadabulles\/","title":{"rendered":"Festival Abracadabulles"},"content":{"rendered":"<p class=\"wp-block-paragraph\">Vhenin et Tarek seront en d\u00e9dicace lors de cette 17e \u00e9dition du festival Abracadabulles.<\/p>\n\n\n\n<figure class=\"wp-block-image\"><img data-recalc-dims=\"1\" loading=\"lazy\" decoding=\"async\" width=\"665\" height=\"960\" data-attachment-id=\"671\" data-permalink=\"https:\/\/blateman-bobine.com\/nl\/14079833_10154508110589357_8646002688132383878_n\/\" data-orig-file=\"https:\/\/i0.wp.com\/blateman-bobine.com\/wp-content\/uploads\/2016\/08\/14079833_10154508110589357_8646002688132383878_n.jpg?fit=665%2C960&amp;ssl=1\" data-orig-size=\"665,960\" data-comments-opened=\"1\" data-image-meta=\"{&quot;aperture&quot;:&quot;0&quot;,&quot;credit&quot;:&quot;&quot;,&quot;camera&quot;:&quot;&quot;,&quot;caption&quot;:&quot;&quot;,&quot;created_timestamp&quot;:&quot;0&quot;,&quot;copyright&quot;:&quot;&quot;,&quot;focal_length&quot;:&quot;0&quot;,&quot;iso&quot;:&quot;0&quot;,&quot;shutter_speed&quot;:&quot;0&quot;,&quot;title&quot;:&quot;&quot;,&quot;orientation&quot;:&quot;0&quot;}\" data-image-title=\"AbracadaBulles\" data-image-description=\"\" data-image-caption=\"\" data-large-file=\"https:\/\/i0.wp.com\/blateman-bobine.com\/wp-content\/uploads\/2016\/08\/14079833_10154508110589357_8646002688132383878_n.jpg?fit=665%2C960&amp;ssl=1\" src=\"https:\/\/i0.wp.com\/blateman-bobine.com\/fr\/wp-content\/uploads\/2016\/08\/14079833_10154508110589357_8646002688132383878_n.jpg?resize=665%2C960&#038;ssl=1\" alt=\"14079833_10154508110589357_8646002688132383878_n\" class=\"wp-image-671\"\/><\/figure>\n\n\n\n<p class=\"wp-block-paragraph\"><\/p>\n\n\n\n<div id=\"event_header_info\" class=\"_5v1o\">\n<div class=\"clearfix _2ko1\">\n<div class=\"_6a _5v1q rfloat _ohf\">\n<div class=\"_6a _6b\">\n<div><span class=\"_5v1l\"><a href=\"https:\/\/www.facebook.com\/events\/298043967206817\/?ref=1&amp;action_history=%5B%7B%22surface%22%3A%22permalink%22%2C%22mechanism%22%3A%22surface%22%2C%22extra_data%22%3A%5B%5D%7D%5D\" target=\"_blank\">17e \u00e9dition du festival Abracadabulles<\/a><\/span><\/div>\n<div>Du 10 au 11 sept. 2016<\/div>\n<div><span class=\"_5xhk\">Salle des Cordulies, Espace Culturel Le Havre d&rsquo;Olonne <\/span><\/div>\n<div><span class=\"_5xhk\">71 rue du 8 mai 1945 <\/span><\/div>\n<div><span class=\"_5xhk\">85340 OLONNE SUR MER<\/span><\/div>\n<\/div>\n<\/div>\n<\/div>\n<\/div>","protected":false},"excerpt":{"rendered":"<p>Vhenin et Tarek seront en d\u00e9dicace lors de cette 17e \u00e9dition du festival Abracadabulles. 17e \u00e9dition du festival Abracadabulles Du 10 au 11 sept. 2016 Salle des Cordulies, Espace Culturel Le Havre d&rsquo;Olonne 71 rue du 8 mai 1945 85340 OLONNE SUR MER<\/p>","protected":false},"author":16213113,"featured_media":671,"comment_status":"open","ping_status":"open","sticky":false,"template":"","format":"standard","meta":{"_coblocks_attr":"","_coblocks_dimensions":"","_coblocks_responsive_height":"","_coblocks_accordion_ie_support":"","_crdt_document":"","advanced_seo_description":"","jetpack_seo_html_title":"","jetpack_seo_noindex":false,"_jetpack_newsletter_access":"","_jetpack_dont_email_post_to_subs":false,"_jetpack_newsletter_tier_id":0,"_jetpack_memberships_contains_paywalled_content":false,"_jetpack_memberships_contains_paid_content":false,"footnotes":"","jetpack_publicize_message":"","jetpack_publicize_feature_enabled":true,"jetpack_social_post_already_shared":false,"jetpack_social_options":{"image_generator_settings":{"template":"highway","default_image_id":0,"font":"","enabled":false},"version":2},"_wpas_customize_per_network":false,"jetpack_post_was_ever_published":false},"categories":[1223035],"tags":[44670,21752,263100701,1338044,3883569,546252760,521729239,35,346062282,39123,3968362,1536666,299480777],"class_list":["post-672","post","type-post","status-publish","format-standard","has-post-thumbnail","hentry","category-dedicaces","tag-bande-dessinee","tag-bd","tag-blateman","tag-bobine","tag-comics-book","tag-comics_book","tag-goudacity","tag-humour","tag-planche_bd","tag-super-heros","tag-tarek","tag-tartamudo","tag-vhenin"],"jetpack_publicize_connections":[],"jetpack_featured_media_url":"https:\/\/i0.wp.com\/blateman-bobine.com\/wp-content\/uploads\/2016\/08\/14079833_10154508110589357_8646002688132383878_n.jpg?fit=665%2C960&ssl=1","jetpack_likes_enabled":true,"jetpack_sharing_enabled":true,"jetpack_shortlink":"https:\/\/wp.me\/p4LVhx-aQ","jetpack-related-posts":[{"id":697,"url":"https:\/\/blateman-bobine.com\/nl\/souvenirs-du-festival-abracadabulles-dolonne-sur-mer\/","url_meta":{"origin":672,"position":0},"title":"Souvenirs du Festival ABRACADABULLES d&rsquo;Olonne-sur-Mer","author":"Vhenin","date":"16 september 2016","format":false,"excerpt":"Tarek et Vhenin \u00e9taient pr\u00e9sents \u00e0 la 17e \u00e9dition de Festival BD d'Olonne-sur-mer \"ABRACADABULLES\". Blateman et Bobine sculpt\u00e9s en ballons par Lucky Benji - sculpteur de ballons. Des tr\u00e8s chouettes rencontres, une organisation au top et des b\u00e9n\u00e9voles d\u00e9vou\u00e9s au maximum ! What else ?! Copyright Photos \u00a9 Khushboo Bhagat\u2026","rel":"","context":"In &quot;D\u00e9dicaces&quot;","block_context":{"text":"D\u00e9dicaces","link":"https:\/\/blateman-bobine.com\/nl\/categorie\/toewijdingen\/"},"img":{"alt_text":"","src":"https:\/\/i0.wp.com\/blateman-bobine.com\/wp-content\/uploads\/2016\/09\/blateman_bobine_abracadabulles-2016-11.jpg?fit=800%2C1200&ssl=1&resize=350%2C200","width":350,"height":200,"srcset":"https:\/\/i0.wp.com\/blateman-bobine.com\/wp-content\/uploads\/2016\/09\/blateman_bobine_abracadabulles-2016-11.jpg?fit=800%2C1200&ssl=1&resize=350%2C200 1x, https:\/\/i0.wp.com\/blateman-bobine.com\/wp-content\/uploads\/2016\/09\/blateman_bobine_abracadabulles-2016-11.jpg?fit=800%2C1200&ssl=1&resize=525%2C300 1.5x, https:\/\/i0.wp.com\/blateman-bobine.com\/wp-content\/uploads\/2016\/09\/blateman_bobine_abracadabulles-2016-11.jpg?fit=800%2C1200&ssl=1&resize=700%2C400 2x"},"classes":[]},{"id":364,"url":"https:\/\/blateman-bobine.com\/nl\/blateman-bobine-inwijding-op-het-sobd-festival-in-parijs\/","url_meta":{"origin":672,"position":1},"title":"Blateman &amp; Bobine signeren op het SoBD Festival (Parijs)","author":"Vhenin","date":"29 november 2015","format":false,"excerpt":"Vhenin\u00a0et Tarek seront au stand\u00a0de l'\u00e9diteur Tartamudo lors du festival SoBD, salon de la BD de Paris: \u2022 Quand? les 4, 5 et 6\u00a0d\u00e9cembre 2015 de 15h \u00e0 19h, le vendredi et de 11h \u00e0 19h\u00a0les autres jours \u2022 O\u00f9? Halle des Blancs Manteaux, 48 rue Vieille du Temple, Paris\u2026","rel":"","context":"In &quot;D\u00e9dicaces&quot;","block_context":{"text":"D\u00e9dicaces","link":"https:\/\/blateman-bobine.com\/nl\/categorie\/toewijdingen\/"},"img":{"alt_text":"","src":"https:\/\/i0.wp.com\/blateman-bobine.com\/wp-content\/uploads\/2015\/11\/flyer-sobd-recto_tarek_vhenin.jpg?fit=848%2C1200&ssl=1&resize=350%2C200","width":350,"height":200,"srcset":"https:\/\/i0.wp.com\/blateman-bobine.com\/wp-content\/uploads\/2015\/11\/flyer-sobd-recto_tarek_vhenin.jpg?fit=848%2C1200&ssl=1&resize=350%2C200 1x, https:\/\/i0.wp.com\/blateman-bobine.com\/wp-content\/uploads\/2015\/11\/flyer-sobd-recto_tarek_vhenin.jpg?fit=848%2C1200&ssl=1&resize=525%2C300 1.5x, https:\/\/i0.wp.com\/blateman-bobine.com\/wp-content\/uploads\/2015\/11\/flyer-sobd-recto_tarek_vhenin.jpg?fit=848%2C1200&ssl=1&resize=700%2C400 2x"},"classes":[]},{"id":1237,"url":"https:\/\/blateman-bobine.com\/nl\/blateman-et-bobine-presents-a-pavart\/","url_meta":{"origin":672,"position":2},"title":"Blateman et Bobine pr\u00e9sents \u00e0 Pav&rsquo;art","author":"","date":"29 mei 2018","format":false,"excerpt":"Tarek a d\u00e9dicac\u00e9 des albums durant le festival Pav'art : grand succ\u00e8s pour cette premi\u00e8re \u00e9dition !","rel":"","context":"In &quot;D\u00e9dicaces&quot;","block_context":{"text":"D\u00e9dicaces","link":"https:\/\/blateman-bobine.com\/nl\/categorie\/toewijdingen\/"},"img":{"alt_text":"","src":"https:\/\/i0.wp.com\/blateman-bobine.com\/wp-content\/uploads\/2023\/03\/335720129_706767627851740_9107918086042841217_n.jpg?fit=1200%2C900&ssl=1&resize=350%2C200","width":350,"height":200,"srcset":"https:\/\/i0.wp.com\/blateman-bobine.com\/wp-content\/uploads\/2023\/03\/335720129_706767627851740_9107918086042841217_n.jpg?fit=1200%2C900&ssl=1&resize=350%2C200 1x, https:\/\/i0.wp.com\/blateman-bobine.com\/wp-content\/uploads\/2023\/03\/335720129_706767627851740_9107918086042841217_n.jpg?fit=1200%2C900&ssl=1&resize=525%2C300 1.5x, https:\/\/i0.wp.com\/blateman-bobine.com\/wp-content\/uploads\/2023\/03\/335720129_706767627851740_9107918086042841217_n.jpg?fit=1200%2C900&ssl=1&resize=700%2C400 2x, https:\/\/i0.wp.com\/blateman-bobine.com\/wp-content\/uploads\/2023\/03\/335720129_706767627851740_9107918086042841217_n.jpg?fit=1200%2C900&ssl=1&resize=1050%2C600 3x"},"classes":[]},{"id":1139,"url":"https:\/\/blateman-bobine.com\/nl\/blateman-bobine-in-opdracht-bij-puteaux-paris-verdediging-2-3-en-4-juni-2017\/","url_meta":{"origin":672,"position":3},"title":"Blateman &amp; Bobine sign in Puteaux (Parijs - D\u00e9fense) - 2, 3 en 4 juni 2017","author":"Vhenin","date":"23 mei 2017","format":false,"excerpt":"Vhenin sera en d\u00e9dicace \u00e0 partir du vendredi 2 juin 18h30 \u00e0 Puteaux \u00e0 l'occasion de la 14e \u00e9dition du \"Festival BD de Puteaux\". jusqu'au dimanche 4 juin 16h00. Les signatures auront lieu dans la M\u00e9diath\u00e8que de la ville de Puteaux. Vincent Henin y sera aussi pour signer ses Voyages\u2026","rel":"","context":"In &quot;D\u00e9dicaces&quot;","block_context":{"text":"D\u00e9dicaces","link":"https:\/\/blateman-bobine.com\/nl\/categorie\/toewijdingen\/"},"img":{"alt_text":"","src":"https:\/\/i0.wp.com\/blateman-bobine.com\/wp-content\/uploads\/2016\/07\/p1370295.jpg?fit=513%2C768&ssl=1&resize=350%2C200","width":350,"height":200},"classes":[]},{"id":749,"url":"https:\/\/blateman-bobine.com\/nl\/souvenirs-de-la-fete-de-la-bd-de-bruxelles\/","url_meta":{"origin":672,"position":4},"title":"Souvenirs de la F\u00eate de la BD de Bruxelles","author":"Vhenin","date":"23 september 2016","format":false,"excerpt":"C'\u00e9tait les 3 et 4 septembre derniers. Une excellente \u00e9dition de ce Festival international tenu dans le somptueux cadre du parc de Bruxelles, en face du Palais Royal. La Blatte et son assistant \u00e0 la tignasse jaune \u00e9taient l\u00e0 en force! \"Blateman & Bobine\" (sous le pseudo de 'Vhenin') a\u2026","rel":"","context":"In &quot;D\u00e9dicaces&quot;","block_context":{"text":"D\u00e9dicaces","link":"https:\/\/blateman-bobine.com\/nl\/categorie\/toewijdingen\/"},"img":{"alt_text":"","src":"https:\/\/i0.wp.com\/blateman-bobine.com\/wp-content\/uploads\/2016\/09\/blateman_bobine_super_heros_fete_bd_bruxelles_web.jpg?fit=600%2C848&ssl=1&resize=350%2C200","width":350,"height":200,"srcset":"https:\/\/i0.wp.com\/blateman-bobine.com\/wp-content\/uploads\/2016\/09\/blateman_bobine_super_heros_fete_bd_bruxelles_web.jpg?fit=600%2C848&ssl=1&resize=350%2C200 1x, https:\/\/i0.wp.com\/blateman-bobine.com\/wp-content\/uploads\/2016\/09\/blateman_bobine_super_heros_fete_bd_bruxelles_web.jpg?fit=600%2C848&ssl=1&resize=525%2C300 1.5x"},"classes":[]},{"id":1927,"url":"https:\/\/blateman-bobine.com\/nl\/blateman-bobine-inwijding-in-tournai-12-en-13-april-2025\/","url_meta":{"origin":672,"position":5},"title":"Blateman &amp; Bobine tekenen in Doornik - 12 en 13 april 2025","author":"Vhenin","date":"10 april 2025","format":false,"excerpt":"Kom en ontmoet me op het Tournai les Bulles Festival op zaterdag en zondag 12 en 13 april 2025.meer info op: https:\/\/opalebd.com\/festivals\/details\/2239","rel":"","context":"In &quot;D\u00e9dicaces&quot;","block_context":{"text":"D\u00e9dicaces","link":"https:\/\/blateman-bobine.com\/nl\/categorie\/toewijdingen\/"},"img":{"alt_text":"Blateman & Bobine - festival-BD-Tournai","src":"https:\/\/i0.wp.com\/blateman-bobine.com\/wp-content\/uploads\/2025\/04\/001_2025_gf.jpg?fit=500%2C701&ssl=1&resize=350%2C200","width":350,"height":200},"classes":[]}],"_links":{"self":[{"href":"https:\/\/blateman-bobine.com\/nl\/wp-json\/wp\/v2\/posts\/672","targetHints":{"allow":["GET"]}}],"collection":[{"href":"https:\/\/blateman-bobine.com\/nl\/wp-json\/wp\/v2\/posts"}],"about":[{"href":"https:\/\/blateman-bobine.com\/nl\/wp-json\/wp\/v2\/types\/post"}],"author":[{"embeddable":true,"href":"https:\/\/blateman-bobine.com\/nl\/wp-json\/wp\/v2\/users\/16213113"}],"replies":[{"embeddable":true,"href":"https:\/\/blateman-bobine.com\/nl\/wp-json\/wp\/v2\/comments?post=672"}],"version-history":[{"count":5,"href":"https:\/\/blateman-bobine.com\/nl\/wp-json\/wp\/v2\/posts\/672\/revisions"}],"predecessor-version":[{"id":1864,"href":"https:\/\/blateman-bobine.com\/nl\/wp-json\/wp\/v2\/posts\/672\/revisions\/1864"}],"wp:featuredmedia":[{"embeddable":true,"href":"https:\/\/blateman-bobine.com\/nl\/wp-json\/wp\/v2\/media\/671"}],"wp:attachment":[{"href":"https:\/\/blateman-bobine.com\/nl\/wp-json\/wp\/v2\/media?parent=672"}],"wp:term":[{"taxonomy":"category","embeddable":true,"href":"https:\/\/blateman-bobine.com\/nl\/wp-json\/wp\/v2\/categories?post=672"},{"taxonomy":"post_tag","embeddable":true,"href":"https:\/\/blateman-bobine.com\/nl\/wp-json\/wp\/v2\/tags?post=672"}],"curies":[{"name":"wp","href":"https:\/\/api.w.org\/{rel}","templated":true}]}}