{"id":797,"date":"2016-10-04T17:10:31","date_gmt":"2016-10-04T16:10:31","guid":{"rendered":"https:\/\/blateman-bobine.com\/fr\/?p=797"},"modified":"2025-03-28T16:55:19","modified_gmt":"2025-03-28T15:55:19","slug":"salon-bd-de-bulleberry-2016","status":"publish","type":"post","link":"https:\/\/blateman-bobine.com\/nl\/salon-bd-de-bulleberry-2016\/","title":{"rendered":"Salon BD de BulleBerry 2016"},"content":{"rendered":"<figure class=\"wp-block-image\"><img data-recalc-dims=\"1\" loading=\"lazy\" decoding=\"async\" width=\"1024\" height=\"684\" data-attachment-id=\"794\" data-permalink=\"https:\/\/blateman-bobine.com\/nl\/p1440943\/\" data-orig-file=\"https:\/\/i0.wp.com\/blateman-bobine.com\/wp-content\/uploads\/2016\/10\/p1440943.jpg?fit=1024%2C684&amp;ssl=1\" data-orig-size=\"1024,684\" data-comments-opened=\"1\" data-image-meta=\"{&quot;aperture&quot;:&quot;2.8&quot;,&quot;credit&quot;:&quot;&quot;,&quot;camera&quot;:&quot;DMC-FZ200&quot;,&quot;caption&quot;:&quot;&quot;,&quot;created_timestamp&quot;:&quot;1475336271&quot;,&quot;copyright&quot;:&quot;&quot;,&quot;focal_length&quot;:&quot;4.5&quot;,&quot;iso&quot;:&quot;400&quot;,&quot;shutter_speed&quot;:&quot;0.033333333333333&quot;,&quot;title&quot;:&quot;&quot;,&quot;orientation&quot;:&quot;1&quot;}\" data-image-title=\"Blateman et Bobine\" data-image-description=\"\" data-image-caption=\"\" data-large-file=\"https:\/\/i0.wp.com\/blateman-bobine.com\/wp-content\/uploads\/2016\/10\/p1440943.jpg?fit=1024%2C684&amp;ssl=1\" src=\"https:\/\/i0.wp.com\/blateman-bobine.com\/fr\/wp-content\/uploads\/2016\/10\/p1440943.jpg?resize=1024%2C684&#038;ssl=1\" alt=\"p1440943\" class=\"wp-image-794\"\/><\/figure>\n\n\n\n<p class=\"wp-block-paragraph\"><\/p>\n\n\n\n<p class=\"wp-block-paragraph\">\u2605\u2605\u2605 Tarek en d\u00e9dicace au salon BD de BulleBerry \u00e0 Bourges du 1er au 2 oct. \u2605\u2605\u2605<\/p>\n\n\n\n<figure class=\"wp-block-image\"><img data-recalc-dims=\"1\" loading=\"lazy\" decoding=\"async\" width=\"1024\" height=\"684\" data-attachment-id=\"795\" data-permalink=\"https:\/\/blateman-bobine.com\/nl\/p1450071\/\" data-orig-file=\"https:\/\/i0.wp.com\/blateman-bobine.com\/wp-content\/uploads\/2016\/10\/p1450071.jpg?fit=1024%2C684&amp;ssl=1\" data-orig-size=\"1024,684\" data-comments-opened=\"1\" data-image-meta=\"{&quot;aperture&quot;:&quot;2.8&quot;,&quot;credit&quot;:&quot;&quot;,&quot;camera&quot;:&quot;DMC-FZ200&quot;,&quot;caption&quot;:&quot;&quot;,&quot;created_timestamp&quot;:&quot;1475402227&quot;,&quot;copyright&quot;:&quot;&quot;,&quot;focal_length&quot;:&quot;4.5&quot;,&quot;iso&quot;:&quot;400&quot;,&quot;shutter_speed&quot;:&quot;0.033333333333333&quot;,&quot;title&quot;:&quot;&quot;,&quot;orientation&quot;:&quot;1&quot;}\" data-image-title=\"Blateman et Bobine\" data-image-description=\"\" data-image-caption=\"\" data-large-file=\"https:\/\/i0.wp.com\/blateman-bobine.com\/wp-content\/uploads\/2016\/10\/p1450071.jpg?fit=1024%2C684&amp;ssl=1\" src=\"https:\/\/i0.wp.com\/blateman-bobine.com\/fr\/wp-content\/uploads\/2016\/10\/p1450071.jpg?resize=1024%2C684&#038;ssl=1\" alt=\"p1450071\" class=\"wp-image-795\"\/><\/figure>\n\n\n\n<p class=\"wp-block-paragraph\"><\/p>\n\n\n\n<figure class=\"wp-block-image\"><img data-recalc-dims=\"1\" loading=\"lazy\" decoding=\"async\" width=\"1024\" height=\"684\" data-attachment-id=\"796\" data-permalink=\"https:\/\/blateman-bobine.com\/nl\/p1450156\/\" data-orig-file=\"https:\/\/i0.wp.com\/blateman-bobine.com\/wp-content\/uploads\/2016\/10\/p1450156.jpg?fit=1024%2C684&amp;ssl=1\" data-orig-size=\"1024,684\" data-comments-opened=\"1\" data-image-meta=\"{&quot;aperture&quot;:&quot;2.8&quot;,&quot;credit&quot;:&quot;&quot;,&quot;camera&quot;:&quot;DMC-FZ200&quot;,&quot;caption&quot;:&quot;&quot;,&quot;created_timestamp&quot;:&quot;1475407836&quot;,&quot;copyright&quot;:&quot;&quot;,&quot;focal_length&quot;:&quot;4.5&quot;,&quot;iso&quot;:&quot;800&quot;,&quot;shutter_speed&quot;:&quot;0.02&quot;,&quot;title&quot;:&quot;&quot;,&quot;orientation&quot;:&quot;1&quot;}\" data-image-title=\"Blateman et Bobine\" data-image-description=\"\" data-image-caption=\"\" data-large-file=\"https:\/\/i0.wp.com\/blateman-bobine.com\/wp-content\/uploads\/2016\/10\/p1450156.jpg?fit=1024%2C684&amp;ssl=1\" src=\"https:\/\/i0.wp.com\/blateman-bobine.com\/fr\/wp-content\/uploads\/2016\/10\/p1450156.jpg?resize=1024%2C684&#038;ssl=1\" alt=\"p1450156\" class=\"wp-image-796\"\/><\/figure>\n\n\n\n<p class=\"wp-block-paragraph\"><\/p>\n\n\n\n<p class=\"wp-block-paragraph\">Le tapis de souris Blateman et Bobine est dor\u00e9navant disponible \u00e0 la vente au prix de 10 euros !<\/p>","protected":false},"excerpt":{"rendered":"<p>\u2605\u2605\u2605 Tarek en d\u00e9dicace au salon BD de BulleBerry \u00e0 Bourges du 1er au 2 oct. \u2605\u2605\u2605 Le tapis de souris Blateman et Bobine est dor\u00e9navant disponible \u00e0 la vente au prix de 10 euros !<\/p>","protected":false},"author":25794081,"featured_media":795,"comment_status":"open","ping_status":"open","sticky":false,"template":"","format":"standard","meta":{"_coblocks_attr":"","_coblocks_dimensions":"","_coblocks_responsive_height":"","_coblocks_accordion_ie_support":"","_crdt_document":"","advanced_seo_description":"","jetpack_seo_html_title":"","jetpack_seo_noindex":false,"_jetpack_newsletter_access":"","_jetpack_dont_email_post_to_subs":false,"_jetpack_newsletter_tier_id":0,"_jetpack_memberships_contains_paywalled_content":false,"_jetpack_memberships_contains_paid_content":false,"footnotes":"","jetpack_publicize_message":"","jetpack_publicize_feature_enabled":true,"jetpack_social_post_already_shared":false,"jetpack_social_options":{"image_generator_settings":{"template":"highway","default_image_id":0,"font":"","enabled":false},"version":2},"_wpas_customize_per_network":false,"jetpack_post_was_ever_published":false},"categories":[1223035],"tags":[14226,44670,21752,263100701,1338044,1069125,173159865,756,3883569,40225,35,346062291,5009047,39123,3968362,1536666,299480777],"class_list":["post-797","post","type-post","status-publish","format-standard","has-post-thumbnail","hentry","category-dedicaces","tag-aventure","tag-bande-dessinee","tag-bd","tag-blateman","tag-bobine","tag-bourges","tag-bulleberry","tag-comics","tag-comics-book","tag-dessin","tag-humour","tag-loindetout","tag-salon-bd","tag-super-heros","tag-tarek","tag-tartamudo","tag-vhenin"],"jetpack_publicize_connections":[],"jetpack_featured_media_url":"https:\/\/i0.wp.com\/blateman-bobine.com\/wp-content\/uploads\/2016\/10\/p1450071.jpg?fit=1024%2C684&ssl=1","jetpack_likes_enabled":true,"jetpack_sharing_enabled":true,"jetpack_shortlink":"https:\/\/wp.me\/p4LVhx-cR","jetpack-related-posts":[{"id":567,"url":"https:\/\/blateman-bobine.com\/nl\/salon-bd-de-marles-les-mines-2016\/","url_meta":{"origin":797,"position":0},"title":"Salon BD de Marles-les-Mines, 2016","author":"Tarek Ben Yakhlef","date":"9 mei 2016","format":false,"excerpt":"Tarek a d\u00e9dicac\u00e9 Blateman et Bobinelors du salon BD de Marles-les-Mines.","rel":"","context":"In &quot;D\u00e9dicaces&quot;","block_context":{"text":"D\u00e9dicaces","link":"https:\/\/blateman-bobine.com\/nl\/categorie\/toewijdingen\/"},"img":{"alt_text":"","src":"https:\/\/i0.wp.com\/blateman-bobine.com\/wp-content\/uploads\/2016\/05\/13166909_170091526721615_1123221134_n.jpg?fit=1080%2C810&ssl=1&resize=350%2C200","width":350,"height":200,"srcset":"https:\/\/i0.wp.com\/blateman-bobine.com\/wp-content\/uploads\/2016\/05\/13166909_170091526721615_1123221134_n.jpg?fit=1080%2C810&ssl=1&resize=350%2C200 1x, https:\/\/i0.wp.com\/blateman-bobine.com\/wp-content\/uploads\/2016\/05\/13166909_170091526721615_1123221134_n.jpg?fit=1080%2C810&ssl=1&resize=525%2C300 1.5x, https:\/\/i0.wp.com\/blateman-bobine.com\/wp-content\/uploads\/2016\/05\/13166909_170091526721615_1123221134_n.jpg?fit=1080%2C810&ssl=1&resize=700%2C400 2x, https:\/\/i0.wp.com\/blateman-bobine.com\/wp-content\/uploads\/2016\/05\/13166909_170091526721615_1123221134_n.jpg?fit=1080%2C810&ssl=1&resize=1050%2C600 3x"},"classes":[]},{"id":563,"url":"https:\/\/blateman-bobine.com\/nl\/salon-univers-bd-2016\/","url_meta":{"origin":797,"position":1},"title":"Salon Univers BD 2016","author":"","date":"19 april 2016","format":false,"excerpt":"Vhenin et Tarek ont d\u00e9fendu les couleurs de l'\u00e9quipe Blateman et Bobine !","rel":"","context":"In &quot;D\u00e9dicaces&quot;","block_context":{"text":"D\u00e9dicaces","link":"https:\/\/blateman-bobine.com\/nl\/categorie\/toewijdingen\/"},"img":{"alt_text":"","src":"https:\/\/i0.wp.com\/blateman-bobine.com\/wp-content\/uploads\/2016\/04\/p1190883.jpg?fit=1024%2C684&ssl=1&resize=350%2C200","width":350,"height":200,"srcset":"https:\/\/i0.wp.com\/blateman-bobine.com\/wp-content\/uploads\/2016\/04\/p1190883.jpg?fit=1024%2C684&ssl=1&resize=350%2C200 1x, https:\/\/i0.wp.com\/blateman-bobine.com\/wp-content\/uploads\/2016\/04\/p1190883.jpg?fit=1024%2C684&ssl=1&resize=525%2C300 1.5x, https:\/\/i0.wp.com\/blateman-bobine.com\/wp-content\/uploads\/2016\/04\/p1190883.jpg?fit=1024%2C684&ssl=1&resize=700%2C400 2x"},"classes":[]},{"id":1869,"url":"https:\/\/blateman-bobine.com\/nl\/blateman-haspel-inwijding-in-brugge-30-maart-2025\/","url_meta":{"origin":797,"position":2},"title":"Blateman &amp; Bobine tekenen in Brugge - 30 maart 2025","author":"Vhenin","date":"28 maart 2025","format":false,"excerpt":"Kom me ontmoeten op het Stripfestival Brugge op zondag 30 maart 2025. Meer info op: https:\/\/www.facebook.com\/bruggestripfestival\/about","rel":"","context":"In &quot;D\u00e9dicaces&quot;","block_context":{"text":"D\u00e9dicaces","link":"https:\/\/blateman-bobine.com\/nl\/categorie\/toewijdingen\/"},"img":{"alt_text":"","src":"https:\/\/i0.wp.com\/blateman-bobine.com\/wp-content\/uploads\/2024\/12\/dedi-bb-03.jpg?fit=666%2C1000&ssl=1&resize=350%2C200","width":350,"height":200,"srcset":"https:\/\/i0.wp.com\/blateman-bobine.com\/wp-content\/uploads\/2024\/12\/dedi-bb-03.jpg?fit=666%2C1000&ssl=1&resize=350%2C200 1x, https:\/\/i0.wp.com\/blateman-bobine.com\/wp-content\/uploads\/2024\/12\/dedi-bb-03.jpg?fit=666%2C1000&ssl=1&resize=525%2C300 1.5x"},"classes":[]},{"id":397,"url":"https:\/\/blateman-bobine.com\/nl\/herinneringen-aan-de-inwijding-van-blateman-bobine-op-sobd-2015-salon-de-la-bd-in-parijs\/","url_meta":{"origin":797,"position":3},"title":"Herinneringen aan de signeersessie van \"Blateman &amp; Bobine\" op SoBD 2015 - de stripbeurs in Parijs","author":"Vhenin","date":"7 december 2015","format":false,"excerpt":"Merci \u00e0 tous d'\u00eatre venus nous voir et bavarder avec nous au stand Tartamudo le week-end des 4, 5 et 6 d\u00e9cembre. Tarek et moi avions le plaisir d'\u00eatre en compagnie d'autres Tartamudois (Tartumud\u00e9ens?): Vincent Pompetti Jos\u00e9 Jover Rodolphe Merci \u00e0 Martine pour sa gentillesse et son support tout au\u2026","rel":"","context":"In &quot;D\u00e9dicaces&quot;","block_context":{"text":"D\u00e9dicaces","link":"https:\/\/blateman-bobine.com\/nl\/categorie\/toewijdingen\/"},"img":{"alt_text":"","src":"https:\/\/i0.wp.com\/blateman-bobine.com\/wp-content\/uploads\/2015\/12\/dsc_0091.jpg?fit=1200%2C800&ssl=1&resize=350%2C200","width":350,"height":200,"srcset":"https:\/\/i0.wp.com\/blateman-bobine.com\/wp-content\/uploads\/2015\/12\/dsc_0091.jpg?fit=1200%2C800&ssl=1&resize=350%2C200 1x, https:\/\/i0.wp.com\/blateman-bobine.com\/wp-content\/uploads\/2015\/12\/dsc_0091.jpg?fit=1200%2C800&ssl=1&resize=525%2C300 1.5x, https:\/\/i0.wp.com\/blateman-bobine.com\/wp-content\/uploads\/2015\/12\/dsc_0091.jpg?fit=1200%2C800&ssl=1&resize=700%2C400 2x, https:\/\/i0.wp.com\/blateman-bobine.com\/wp-content\/uploads\/2015\/12\/dsc_0091.jpg?fit=1200%2C800&ssl=1&resize=1050%2C600 3x"},"classes":[]},{"id":814,"url":"https:\/\/blateman-bobine.com\/nl\/salon-bd-de-olonne-sur-mer-2016\/","url_meta":{"origin":797,"position":4},"title":"Stripbeurs Olonne-sur-Mer, 2016","author":"","date":"20 oktober 2016","format":false,"excerpt":"Tarek et Vhenin \u00e9taient pr\u00e9sents au salon BD de Olonne-sur-mer du 10 au 11 sept. 2016 !","rel":"","context":"In &quot;D\u00e9dicaces&quot;","block_context":{"text":"D\u00e9dicaces","link":"https:\/\/blateman-bobine.com\/nl\/categorie\/toewijdingen\/"},"img":{"alt_text":"","src":"https:\/\/i0.wp.com\/blateman-bobine.com\/wp-content\/uploads\/2016\/10\/p1430821.jpg?fit=1024%2C684&ssl=1&resize=350%2C200","width":350,"height":200,"srcset":"https:\/\/i0.wp.com\/blateman-bobine.com\/wp-content\/uploads\/2016\/10\/p1430821.jpg?fit=1024%2C684&ssl=1&resize=350%2C200 1x, https:\/\/i0.wp.com\/blateman-bobine.com\/wp-content\/uploads\/2016\/10\/p1430821.jpg?fit=1024%2C684&ssl=1&resize=525%2C300 1.5x, https:\/\/i0.wp.com\/blateman-bobine.com\/wp-content\/uploads\/2016\/10\/p1430821.jpg?fit=1024%2C684&ssl=1&resize=700%2C400 2x"},"classes":[]},{"id":1938,"url":"https:\/\/blateman-bobine.com\/nl\/blateman-bobine-was-op-het-rixensart-comics-festival\/","url_meta":{"origin":797,"position":5},"title":"Blateman &amp; Bobine waren op het Rixensart Comics Festival","author":"Vhenin","date":"10 april 2025","format":false,"excerpt":"Nos deux super-z(h)\u00e9ros \u00e9taient en d\u00e9dicaces au 1er Festival BD de Rixensart dans la belle province du Brabant Wallon (Belgique). Le temps et l'ambiance \u00e9taient au rendez-vous! Merci \u00e0 Delphine et ses coll\u00e8gues pour cette tr\u00e8s belle organisation.Heureux d'avoir pu signer mes albums en pr\u00e9sence de coll\u00e8gues \u00e9minents: Taymans, Kox,\u2026","rel":"","context":"In &quot;D\u00e9dicaces&quot;","block_context":{"text":"D\u00e9dicaces","link":"https:\/\/blateman-bobine.com\/nl\/categorie\/toewijdingen\/"},"img":{"alt_text":"Blateman & Bobine - festival-BD-Rixensart","src":"https:\/\/i0.wp.com\/blateman-bobine.com\/wp-content\/uploads\/2025\/04\/festival-BD-Rixensart-01.jpg?fit=960%2C1200&ssl=1&resize=350%2C200","width":350,"height":200,"srcset":"https:\/\/i0.wp.com\/blateman-bobine.com\/wp-content\/uploads\/2025\/04\/festival-BD-Rixensart-01.jpg?fit=960%2C1200&ssl=1&resize=350%2C200 1x, https:\/\/i0.wp.com\/blateman-bobine.com\/wp-content\/uploads\/2025\/04\/festival-BD-Rixensart-01.jpg?fit=960%2C1200&ssl=1&resize=525%2C300 1.5x, https:\/\/i0.wp.com\/blateman-bobine.com\/wp-content\/uploads\/2025\/04\/festival-BD-Rixensart-01.jpg?fit=960%2C1200&ssl=1&resize=700%2C400 2x"},"classes":[]}],"_links":{"self":[{"href":"https:\/\/blateman-bobine.com\/nl\/wp-json\/wp\/v2\/posts\/797","targetHints":{"allow":["GET"]}}],"collection":[{"href":"https:\/\/blateman-bobine.com\/nl\/wp-json\/wp\/v2\/posts"}],"about":[{"href":"https:\/\/blateman-bobine.com\/nl\/wp-json\/wp\/v2\/types\/post"}],"author":[{"embeddable":true,"href":"https:\/\/blateman-bobine.com\/nl\/wp-json\/wp\/v2\/users\/25794081"}],"replies":[{"embeddable":true,"href":"https:\/\/blateman-bobine.com\/nl\/wp-json\/wp\/v2\/comments?post=797"}],"version-history":[{"count":6,"href":"https:\/\/blateman-bobine.com\/nl\/wp-json\/wp\/v2\/posts\/797\/revisions"}],"predecessor-version":[{"id":1862,"href":"https:\/\/blateman-bobine.com\/nl\/wp-json\/wp\/v2\/posts\/797\/revisions\/1862"}],"wp:featuredmedia":[{"embeddable":true,"href":"https:\/\/blateman-bobine.com\/nl\/wp-json\/wp\/v2\/media\/795"}],"wp:attachment":[{"href":"https:\/\/blateman-bobine.com\/nl\/wp-json\/wp\/v2\/media?parent=797"}],"wp:term":[{"taxonomy":"category","embeddable":true,"href":"https:\/\/blateman-bobine.com\/nl\/wp-json\/wp\/v2\/categories?post=797"},{"taxonomy":"post_tag","embeddable":true,"href":"https:\/\/blateman-bobine.com\/nl\/wp-json\/wp\/v2\/tags?post=797"}],"curies":[{"name":"wp","href":"https:\/\/api.w.org\/{rel}","templated":true}]}}